{"id":5241,"date":"2013-03-02T16:08:29","date_gmt":"2013-03-02T16:08:29","guid":{"rendered":"http:\/\/e-anjelik.sk\/?p=5241"},"modified":"2013-03-02T16:08:29","modified_gmt":"2013-03-02T16:08:29","slug":"s-ministrom-kultury-aj-o-financovani-cirkvi-epst","status":"publish","type":"post","link":"https:\/\/www.e-anjelik.sk\/index.php\/2013\/03\/02\/s-ministrom-kultury-aj-o-financovani-cirkvi-epst\/","title":{"rendered":"S ministrom kult\u00fary aj o financovan\u00ed cirkv\u00ed &#8211; EPST"},"content":{"rendered":"<p>EPST (9\/103) prin\u00e1\u0161a inform\u00e1ciu, \u017ee &#8222;Minister kult\u00fary SR Marek Ma\u010fari\u010d 21.febru\u00e1ra na pozvanie gener\u00e1lneho biskupa Milo\u0161a Kl\u00e1tika nav\u0161t\u00edvil  gene\u00e1lny biskupsk\u00fd \u00farad (GB\u00da). T\u00e9mou ich rokovania bolo okrem in\u00e9ho aj financovanie cirkv\u00ed.<\/p>\n<p>     &#8220; K ot\u00e1zke o financovan\u00ed cirkv\u00ed M.Ma\u010fari\u010d uviedol, \u017ee k pr\u00edpadnej zmene s\u00fa\u010dasn\u00e9ho syst\u00e9mu financovania treba pripravi\u0165  ALTERNAT\u00cdVY. K ich spracovaniu je potrebn\u00e1 inform\u00e1cia, ak\u00fdm majetkom cirkvi  v s\u00fa\u010dasnosti disponuj\u00fa.<br \/>\nNie je v\u0161ak vyl\u00fa\u010den\u00e9 ani to, \u017ee v\u00fdsledok t\u00fdchto anal\u00fdz potvrd\u00ed sp\u00f4sob s\u00fa\u010dasn\u00e9ho syst\u00e9mu financovania cirkv\u00ed. Minister dodal, \u017ee zmena s\u00fa\u010dasn\u00e9ho syst\u00e9mu nebude mo\u017en\u00e1 bez dohody s predstavite\u013emi cirkv\u00ed&#8220;.<\/p>\n<p>      Gener\u00e1lny biskup k tejto t\u00e9me podotkol, \u017ee v ECAV je majetok evidovan\u00fd na \u00farovni cirevn\u00fdch zborov a ostatn\u00fdch cirkevnoorganiza\u010dn\u00fdch zlo\u017eiek a t\u00e1to evidencia je s\u00fa\u010da\u0165ou ro\u010dn\u00fdch \u00fa\u010dtovn\u00fdch z\u00e1vierok, ktor\u00e9 predsedn\u00edctvo pr\u00edslu\u0161nej cirkevnoorganiza\u010dnej jednotky predklad\u00e1 na schv\u00e1lenie svojmu konventu. Konvent je verejn\u00fd a m\u00f4\u017ee sa ho z\u00fa\u010dastni\u0165 ka\u017ed\u00fd. V tomto rozsahu nie je probl\u00e9m so spracovan\u00edm zoznamu majetku cirkvi ECAV.<br \/>\nJe v\u0161ak potrebn\u00e9 bra\u0165 do \u00favahy aj z r\u00f4znych d\u00f4vodov dosia\u013e nere\u0161tituovan\u00fd majetok.<br \/>\nD\u00f4le\u017eit\u00fdm \u00fadajom je tie\u017e stav u\u017e re\u0161tituovan\u00e9ho majetku, ako aj ekonomick\u00fd \u00fa\u017eitok, ktor\u00fd prin\u00e1\u0161a.<\/p>\n<p>Obidve strany sa na rokovan\u00ed venovali i mo\u017enosti \u00daPRAV osobn\u00fdch PO\u017dITKOV poskytovan\u00fdch duchovn\u00fdm cirkv\u00ed v rozsahu podnetov predlo\u017een\u00fdch ECAV na Ministerstvo kult\u00fary SR, ktor\u00e9 sa t\u00fdkaj\u00fa mo\u017enosti doplnenia TABU\u013dKY stupnice z\u00e1kldn\u00fdch platov o \u010fal\u0161ie stupne tak, aby bol zabezpe\u010den\u00fd platov\u00fd postup duchovn\u00fdch a\u017e do d\u00f4chodkov\u00e9ho veku a \u00faprave osobn\u00fdch po\u017eitkov s \u00fapravou minim\u00e1lnej mzdy od 1.1.2013&#8243;.<\/p>\n","protected":false},"excerpt":{"rendered":"<p>EPST (9\/103) prin\u00e1\u0161a inform\u00e1ciu, \u017ee &#8222;Minister kult\u00fary SR Marek Ma\u010fari\u010d 21.febru\u00e1ra na pozvanie gener\u00e1lneho biskupa Milo\u0161a Kl\u00e1tika nav\u0161t\u00edvil gene\u00e1lny biskupsk\u00fd \u00farad (GB\u00da). T\u00e9mou ich rokovania bolo okrem in\u00e9ho aj financovanie cirkv\u00ed. &#8220; K ot\u00e1zke o financovan\u00ed cirkv\u00ed M.Ma\u010fari\u010d uviedol, \u017ee k pr\u00edpadnej zmene s\u00fa\u010dasn\u00e9ho syst\u00e9mu financovania treba pripravi\u0165 ALTERNAT\u00cdVY. K ich spracovaniu je potrebn\u00e1 inform\u00e1cia, &#8230; <a title=\"S ministrom kult\u00fary aj o financovan\u00ed cirkv\u00ed &#8211; EPST\" class=\"read-more\" href=\"https:\/\/www.e-anjelik.sk\/index.php\/2013\/03\/02\/s-ministrom-kultury-aj-o-financovani-cirkvi-epst\/\" aria-label=\"Pre\u010d\u00edtajte si viac o S ministrom kult\u00fary aj o financovan\u00ed cirkv\u00ed &#8211; EPST\">\u010c\u00edta\u0165 viac<\/a><\/p>\n","protected":false},"author":4,"featured_media":0,"comment_status":"open","ping_status":"open","sticky":false,"template":"","format":"standard","meta":{"footnotes":""},"categories":[1,193],"tags":[260],"class_list":["post-5241","post","type-post","status-publish","format-standard","hentry","category-adventna-modlitba","category-co-pisu-ini","tag-cirkev-a-spolocnost"],"_links":{"self":[{"href":"https:\/\/www.e-anjelik.sk\/index.php\/wp-json\/wp\/v2\/posts\/5241","targetHints":{"allow":["GET"]}}],"collection":[{"href":"https:\/\/www.e-anjelik.sk\/index.php\/wp-json\/wp\/v2\/posts"}],"about":[{"href":"https:\/\/www.e-anjelik.sk\/index.php\/wp-json\/wp\/v2\/types\/post"}],"author":[{"embeddable":true,"href":"https:\/\/www.e-anjelik.sk\/index.php\/wp-json\/wp\/v2\/users\/4"}],"replies":[{"embeddable":true,"href":"https:\/\/www.e-anjelik.sk\/index.php\/wp-json\/wp\/v2\/comments?post=5241"}],"version-history":[{"count":0,"href":"https:\/\/www.e-anjelik.sk\/index.php\/wp-json\/wp\/v2\/posts\/5241\/revisions"}],"wp:attachment":[{"href":"https:\/\/www.e-anjelik.sk\/index.php\/wp-json\/wp\/v2\/media?parent=5241"}],"wp:term":[{"taxonomy":"category","embeddable":true,"href":"https:\/\/www.e-anjelik.sk\/index.php\/wp-json\/wp\/v2\/categories?post=5241"},{"taxonomy":"post_tag","embeddable":true,"href":"https:\/\/www.e-anjelik.sk\/index.php\/wp-json\/wp\/v2\/tags?post=5241"}],"curies":[{"name":"wp","href":"https:\/\/api.w.org\/{rel}","templated":true}]}}