{"id":5249,"date":"2013-03-06T10:53:25","date_gmt":"2013-03-06T10:53:25","guid":{"rendered":"http:\/\/e-anjelik.sk\/?p=5249"},"modified":"2013-03-06T10:53:25","modified_gmt":"2013-03-06T10:53:25","slug":"6-marec","status":"publish","type":"post","link":"https:\/\/www.e-anjelik.sk\/index.php\/2013\/03\/06\/6-marec\/","title":{"rendered":"6. MAREC"},"content":{"rendered":"<p>                                                              6. MAREC<\/p>\n<p>Ale na\u0161a ot\u010dina je v nebesiach, odkia\u013e o\u010dak\u00e1vame aj Spasite\u013ea, P\u00e1na Je\u017ei\u0161a Krista;<\/p>\n<p>                                                                                                                                             Filipsk\u00fdm 3, 20<\/p>\n<p>      Na zemi nie sme ob\u010danmi, ktor\u00ed tu maj\u00fa trval\u00e9 b\u00fdvanie a nebies r\u00ed\u0161u. Na\u0161e ob\u010dianstvo je s Kristom v nebesiach, v onom \u017eivote, ktor\u00fd o\u010dak\u00e1vame, a d\u00fafame, \u017ee budeme vysloboden\u00ed ako t\u00ed (\u017didia) z Babylona. Tam sa vr\u00e1time, aby sme naveky mohli zosta\u0165 bratmi a p\u00e1nmi.<\/p>\n<p>      Ke\u010f\u017ee my v tejto biede a v na\u0161om Babylone mus\u00edme zost\u00e1va\u0165 tak dlho, ako P\u00e1n Boh chce, mus\u00edme aj kona\u0165, ako N\u00edm bolo nariaden\u00e9, aby sme spolu s ostatn\u00fdmi \u0165u\u010fmi \u017eili, jed\u00e1vali a pili, dom vlastnili, pole obr\u00e1bali, vl\u00e1dli v pokoji a spolu s nimi na\u017e\u00edvali, aj sa za nich modlievali, k\u00fdm nepr\u00edde chv\u00ed\u013eka, ke\u010f odtia\u013eto od\u00eddeme. ( Jeremi\u00e1\u0161 29, 4 &#8211; 7)<\/p>\n<p>                                         Martin Luther: Smerovn\u00edk kres\u0165anskej cesty<\/p>\n<p>Modlitba:<br \/>\nViem ja, \u017ee v nebi je mieto kr\u00e1sne,<br \/>\nkde sa skvie Kristus, nad slnko jasn\u00e9.<br \/>\nL\u00e1ska a n\u00e1dej, pravda a viera<br \/>\ndo toho neba dvere otv\u00e1ra. Amen<\/p>\n<p>(ESP 697, 1, T 997, Slovensk\u00e1 z konca 17.st.)<\/p>\n","protected":false},"excerpt":{"rendered":"<p>6. MAREC Ale na\u0161a ot\u010dina je v nebesiach, odkia\u013e o\u010dak\u00e1vame aj Spasite\u013ea, P\u00e1na Je\u017ei\u0161a Krista; Filipsk\u00fdm 3, 20 Na zemi nie sme ob\u010danmi, ktor\u00ed tu maj\u00fa trval\u00e9 b\u00fdvanie a nebies r\u00ed\u0161u. Na\u0161e ob\u010dianstvo je s Kristom v nebesiach, v onom \u017eivote, ktor\u00fd o\u010dak\u00e1vame, a d\u00fafame, \u017ee budeme vysloboden\u00ed ako t\u00ed (\u017didia) z Babylona. Tam sa &#8230; <a title=\"6. MAREC\" class=\"read-more\" href=\"https:\/\/www.e-anjelik.sk\/index.php\/2013\/03\/06\/6-marec\/\" aria-label=\"Pre\u010d\u00edtajte si viac o 6. MAREC\">\u010c\u00edta\u0165 viac<\/a><\/p>\n","protected":false},"author":4,"featured_media":0,"comment_status":"open","ping_status":"open","sticky":false,"template":"","format":"standard","meta":{"footnotes":""},"categories":[1],"tags":[],"class_list":["post-5249","post","type-post","status-publish","format-standard","hentry","category-adventna-modlitba"],"_links":{"self":[{"href":"https:\/\/www.e-anjelik.sk\/index.php\/wp-json\/wp\/v2\/posts\/5249","targetHints":{"allow":["GET"]}}],"collection":[{"href":"https:\/\/www.e-anjelik.sk\/index.php\/wp-json\/wp\/v2\/posts"}],"about":[{"href":"https:\/\/www.e-anjelik.sk\/index.php\/wp-json\/wp\/v2\/types\/post"}],"author":[{"embeddable":true,"href":"https:\/\/www.e-anjelik.sk\/index.php\/wp-json\/wp\/v2\/users\/4"}],"replies":[{"embeddable":true,"href":"https:\/\/www.e-anjelik.sk\/index.php\/wp-json\/wp\/v2\/comments?post=5249"}],"version-history":[{"count":0,"href":"https:\/\/www.e-anjelik.sk\/index.php\/wp-json\/wp\/v2\/posts\/5249\/revisions"}],"wp:attachment":[{"href":"https:\/\/www.e-anjelik.sk\/index.php\/wp-json\/wp\/v2\/media?parent=5249"}],"wp:term":[{"taxonomy":"category","embeddable":true,"href":"https:\/\/www.e-anjelik.sk\/index.php\/wp-json\/wp\/v2\/categories?post=5249"},{"taxonomy":"post_tag","embeddable":true,"href":"https:\/\/www.e-anjelik.sk\/index.php\/wp-json\/wp\/v2\/tags?post=5249"}],"curies":[{"name":"wp","href":"https:\/\/api.w.org\/{rel}","templated":true}]}}