{"id":5258,"date":"2013-03-08T11:20:54","date_gmt":"2013-03-08T11:20:54","guid":{"rendered":"http:\/\/e-anjelik.sk\/?p=5258"},"modified":"2018-05-31T18:05:23","modified_gmt":"2018-05-31T16:05:23","slug":"julius-derer","status":"publish","type":"post","link":"https:\/\/www.e-anjelik.sk\/index.php\/2013\/03\/08\/julius-derer\/","title":{"rendered":"J\u00falius D\u00e9rer"},"content":{"rendered":"<p>Evanjelick\u00fd a.v. far\u00e1r, p\u00f4sobil v Modre ako kapl\u00e1n (v rokoch 1918 \u2013 1920 a od r.1935 \u2013 1957). Po\u010das sv. vojny nav\u0161tevoval politick\u00fdch v\u00e4z\u0148ov, bojuj\u00facich proti fa\u0161izmu. Zachr\u00e1nil mnoho prenasledovan\u00fdch \u017eidovsk\u00fdch ob\u010danov, najm\u00e4 deti. Dostal najvy\u0161\u0161ie Vyznamenania po osloboden\u00ed: Rad republiky a medzin\u00e1rodn\u00e9 ocenenie v Izraeli.<\/p>\n","protected":false},"excerpt":{"rendered":"<p>Evanjelick\u00fd a.v. far\u00e1r, p\u00f4sobil v Modre ako kapl\u00e1n (v rokoch 1918 \u2013 1920 a od r.1935 \u2013 1957). Po\u010das sv. vojny nav\u0161tevoval politick\u00fdch v\u00e4z\u0148ov, bojuj\u00facich proti fa\u0161izmu. Zachr\u00e1nil mnoho prenasledovan\u00fdch \u017eidovsk\u00fdch ob\u010danov, najm\u00e4 deti. Dostal najvy\u0161\u0161ie Vyznamenania po osloboden\u00ed: Rad republiky a medzin\u00e1rodn\u00e9 ocenenie v Izraeli.<\/p>\n","protected":false},"author":1,"featured_media":0,"comment_status":"open","ping_status":"open","sticky":false,"template":"","format":"standard","meta":{"footnotes":""},"categories":[1,151],"tags":[243],"class_list":["post-5258","post","type-post","status-publish","format-standard","hentry","category-adventna-modlitba","category-modra","tag-historicke-osobnosti-ev-cirkvi"],"_links":{"self":[{"href":"https:\/\/www.e-anjelik.sk\/index.php\/wp-json\/wp\/v2\/posts\/5258","targetHints":{"allow":["GET"]}}],"collection":[{"href":"https:\/\/www.e-anjelik.sk\/index.php\/wp-json\/wp\/v2\/posts"}],"about":[{"href":"https:\/\/www.e-anjelik.sk\/index.php\/wp-json\/wp\/v2\/types\/post"}],"author":[{"embeddable":true,"href":"https:\/\/www.e-anjelik.sk\/index.php\/wp-json\/wp\/v2\/users\/1"}],"replies":[{"embeddable":true,"href":"https:\/\/www.e-anjelik.sk\/index.php\/wp-json\/wp\/v2\/comments?post=5258"}],"version-history":[{"count":1,"href":"https:\/\/www.e-anjelik.sk\/index.php\/wp-json\/wp\/v2\/posts\/5258\/revisions"}],"predecessor-version":[{"id":31798,"href":"https:\/\/www.e-anjelik.sk\/index.php\/wp-json\/wp\/v2\/posts\/5258\/revisions\/31798"}],"wp:attachment":[{"href":"https:\/\/www.e-anjelik.sk\/index.php\/wp-json\/wp\/v2\/media?parent=5258"}],"wp:term":[{"taxonomy":"category","embeddable":true,"href":"https:\/\/www.e-anjelik.sk\/index.php\/wp-json\/wp\/v2\/categories?post=5258"},{"taxonomy":"post_tag","embeddable":true,"href":"https:\/\/www.e-anjelik.sk\/index.php\/wp-json\/wp\/v2\/tags?post=5258"}],"curies":[{"name":"wp","href":"https:\/\/api.w.org\/{rel}","templated":true}]}}