{"id":5260,"date":"2013-03-09T08:23:16","date_gmt":"2013-03-09T08:23:16","guid":{"rendered":"http:\/\/e-anjelik.sk\/?p=5260"},"modified":"2013-03-09T08:23:16","modified_gmt":"2013-03-09T08:23:16","slug":"9-marec","status":"publish","type":"post","link":"https:\/\/www.e-anjelik.sk\/index.php\/2013\/03\/09\/9-marec\/","title":{"rendered":"9. MAREC"},"content":{"rendered":"<p>Ja odch\u00e1dzam.<\/p>\n<p>                                                                                                                                             J\u00e1n 8, 21 b<\/p>\n<p>       Je desiv\u00e9, ke\u010f On odch\u00e1dza, lebo odn\u00e1\u0161a aj ve\u010dn\u00fd \u017eivot a bla\u017eenos\u0165, a v\u0161etko, \u010do Boh chce da\u0165 svojim.<\/p>\n<p>        Nech\u00e1va naproti tomu za sebou smr\u0165, diabla, hriech a v\u0161etko ne\u0161\u0165astie. Je to zrejm\u00e9 medzi \u017didmi. Medzi Turkami je tie\u017e pre\u010d. V p\u00e1pe\u017estve podobne. Niet nikoho, kto by dok\u00e1zal zachr\u00e1ni\u0165 du\u0161u. Nu\u017e sme s ve\u013ek\u00fdm nev\u010fakom na ceste. A ke\u010f sa vytrat\u00ed aj zvy\u0161ok, ktor\u00fd teraz \u017ealost\u00ed, nad\u0161enie a l\u00e1ska pre Evanjelium, ke\u010f sa zrnko za\u0161liape, bud\u00fa nasledova\u0165 potom aj kazatelia, ktor\u00ed nedok\u00e1\u017eu du\u0161u povzbudi\u0165, pou\u010di\u0165 ani pote\u0161i\u0165.<\/p>\n<p>      Je to teda desn\u00e9, ke\u010f hovor\u00ed: Ja odch\u00e1dzam. S n\u00edm odch\u00e1dza aj poznanie Boha, ch\u00e1panie Krstu i Ve\u010dere P\u00e1novej, u\u017e sa nevie, \u010do je Boh, \u010do \u017eivot, spravodlivos\u0165 a bla\u017eenos\u0165, alebo ako sa mo\u017eno oslobodi\u0165 od hriechu a smrti. S N\u00edm v\u0161etko odch\u00e1dza a bude hor\u0161ie, alebo veru zle ako bolo predt\u00fdm.<\/p>\n<p>                                          Martin Luther: Smerovn\u00edk kres\u0165anskej cesty<\/p>\n<p>Modlitba:<br \/>\nNeop\u00fa\u0161\u0165aj ma, Hospodine, Bo\u017ee m\u00f4j, nevz\u010faluj sa odo m\u0148a.<br \/>\nObr\u00e1\u0165 sa ku mne a zmiluj sa nado mnou. Amen<\/p>\n","protected":false},"excerpt":{"rendered":"<p>Ja odch\u00e1dzam. J\u00e1n 8, 21 b Je desiv\u00e9, ke\u010f On odch\u00e1dza, lebo odn\u00e1\u0161a aj ve\u010dn\u00fd \u017eivot a bla\u017eenos\u0165, a v\u0161etko, \u010do Boh chce da\u0165 svojim. Nech\u00e1va naproti tomu za sebou smr\u0165, diabla, hriech a v\u0161etko ne\u0161\u0165astie. Je to zrejm\u00e9 medzi \u017didmi. Medzi Turkami je tie\u017e pre\u010d. V p\u00e1pe\u017estve podobne. Niet nikoho, kto by dok\u00e1zal zachr\u00e1ni\u0165 &#8230; <a title=\"9. MAREC\" class=\"read-more\" href=\"https:\/\/www.e-anjelik.sk\/index.php\/2013\/03\/09\/9-marec\/\" aria-label=\"Pre\u010d\u00edtajte si viac o 9. MAREC\">\u010c\u00edta\u0165 viac<\/a><\/p>\n","protected":false},"author":4,"featured_media":0,"comment_status":"open","ping_status":"open","sticky":false,"template":"","format":"standard","meta":{"footnotes":""},"categories":[1],"tags":[],"class_list":["post-5260","post","type-post","status-publish","format-standard","hentry","category-adventna-modlitba"],"_links":{"self":[{"href":"https:\/\/www.e-anjelik.sk\/index.php\/wp-json\/wp\/v2\/posts\/5260","targetHints":{"allow":["GET"]}}],"collection":[{"href":"https:\/\/www.e-anjelik.sk\/index.php\/wp-json\/wp\/v2\/posts"}],"about":[{"href":"https:\/\/www.e-anjelik.sk\/index.php\/wp-json\/wp\/v2\/types\/post"}],"author":[{"embeddable":true,"href":"https:\/\/www.e-anjelik.sk\/index.php\/wp-json\/wp\/v2\/users\/4"}],"replies":[{"embeddable":true,"href":"https:\/\/www.e-anjelik.sk\/index.php\/wp-json\/wp\/v2\/comments?post=5260"}],"version-history":[{"count":0,"href":"https:\/\/www.e-anjelik.sk\/index.php\/wp-json\/wp\/v2\/posts\/5260\/revisions"}],"wp:attachment":[{"href":"https:\/\/www.e-anjelik.sk\/index.php\/wp-json\/wp\/v2\/media?parent=5260"}],"wp:term":[{"taxonomy":"category","embeddable":true,"href":"https:\/\/www.e-anjelik.sk\/index.php\/wp-json\/wp\/v2\/categories?post=5260"},{"taxonomy":"post_tag","embeddable":true,"href":"https:\/\/www.e-anjelik.sk\/index.php\/wp-json\/wp\/v2\/tags?post=5260"}],"curies":[{"name":"wp","href":"https:\/\/api.w.org\/{rel}","templated":true}]}}