{"id":5280,"date":"2013-03-14T11:06:01","date_gmt":"2013-03-14T11:06:01","guid":{"rendered":"http:\/\/e-anjelik.sk\/?p=5280"},"modified":"2013-03-14T11:06:01","modified_gmt":"2013-03-14T11:06:01","slug":"14-marec","status":"publish","type":"post","link":"https:\/\/www.e-anjelik.sk\/index.php\/2013\/03\/14\/14-marec\/","title":{"rendered":"14. MAREC"},"content":{"rendered":"<p>                                                             14. MAREC<\/p>\n<p>Ve\u010f je nap\u00edsan\u00e9: Zni\u010d\u00edm m\u00fadros\u0165 m\u00fadrych a zmar\u00edm rozumnos\u0165 rozumn\u00fdch.<\/p>\n<p>                                                                                                                                        1.  Korintsk\u00fdm 1, 19<\/p>\n<p>      Ak chce\u0161 vedie\u0165 , \u010do je pred Bohom pravdiv\u00e9 alebo nepravdiv\u00e9, uz\u00e1ver a \u00fasudok Ducha Sv\u00e4t\u00e9ho je: v\u0161etko, \u010do rozum pred Bohom posudzuje, je telesn\u00e9 a nehod\u00ed sa na ni\u010d.<\/p>\n<p>      V\u0161etko, \u010do je \u010dloveku vroden\u00e9 a nie je znovuzroden\u00e9, mus\u00ed by\u0165 vyni\u010den\u00e9 a usmrten\u00e9, aby sa t\u00fdm, nikto nechv\u00e1lil, ani sa nespoliehal na to, \u010do svet poklad\u00e1 za m\u00fadros\u0165; o \u010dom ka\u017ed\u00fd hovor\u00ed, \u010do sa za m\u00fadre poklad\u00e1 a m\u00fadrym sa samo rob\u00ed. To je pred Bohom nerozumnos\u0165.<\/p>\n<p>    Stru\u010dne, \u010do sa takto rob\u00ed, je neu\u017eito\u010dn\u00e9 a preklite, s v\u00fdnimkou toho, \u010do pramen\u00ed z Krista P\u00e1na, Jeho slova a Ducha, \u010do n\u00e1s On u\u010d\u00ed. \u010co nepoch\u00e1dza odtia\u013e, je \u010d\u00edra slepota a ni\u010d dobr\u00e9ho.<\/p>\n<p>                                             Martin Luther: Smerovn\u00edk kres\u0165anskej cesty<\/p>\n<p>Modlitba:<br \/>\nChcem \u0164a milova\u0165 moja sila,<br \/>\nchcem \u0164a milova\u0165 moja \u010des\u0165!<br \/>\nNech zdroj ka\u017ed\u00e9ho m\u00f4jho diela<br \/>\na my\u0161lienok len v Tebe je;<br \/>\nChcem \u0164a milova\u0165 oddane,<br \/>\nJe\u017ei\u0161i Kriste m\u00f4j Pane. Amen<br \/>\n(ESP 448, 1, Zp.299, Johan Scheffer)<\/p>\n","protected":false},"excerpt":{"rendered":"<p>14. MAREC Ve\u010f je nap\u00edsan\u00e9: Zni\u010d\u00edm m\u00fadros\u0165 m\u00fadrych a zmar\u00edm rozumnos\u0165 rozumn\u00fdch. 1. Korintsk\u00fdm 1, 19 Ak chce\u0161 vedie\u0165 , \u010do je pred Bohom pravdiv\u00e9 alebo nepravdiv\u00e9, uz\u00e1ver a \u00fasudok Ducha Sv\u00e4t\u00e9ho je: v\u0161etko, \u010do rozum pred Bohom posudzuje, je telesn\u00e9 a nehod\u00ed sa na ni\u010d. V\u0161etko, \u010do je \u010dloveku vroden\u00e9 a nie je znovuzroden\u00e9, &#8230; <a title=\"14. MAREC\" class=\"read-more\" href=\"https:\/\/www.e-anjelik.sk\/index.php\/2013\/03\/14\/14-marec\/\" aria-label=\"Pre\u010d\u00edtajte si viac o 14. MAREC\">\u010c\u00edta\u0165 viac<\/a><\/p>\n","protected":false},"author":4,"featured_media":0,"comment_status":"open","ping_status":"open","sticky":false,"template":"","format":"standard","meta":{"footnotes":""},"categories":[1],"tags":[],"class_list":["post-5280","post","type-post","status-publish","format-standard","hentry","category-adventna-modlitba"],"_links":{"self":[{"href":"https:\/\/www.e-anjelik.sk\/index.php\/wp-json\/wp\/v2\/posts\/5280","targetHints":{"allow":["GET"]}}],"collection":[{"href":"https:\/\/www.e-anjelik.sk\/index.php\/wp-json\/wp\/v2\/posts"}],"about":[{"href":"https:\/\/www.e-anjelik.sk\/index.php\/wp-json\/wp\/v2\/types\/post"}],"author":[{"embeddable":true,"href":"https:\/\/www.e-anjelik.sk\/index.php\/wp-json\/wp\/v2\/users\/4"}],"replies":[{"embeddable":true,"href":"https:\/\/www.e-anjelik.sk\/index.php\/wp-json\/wp\/v2\/comments?post=5280"}],"version-history":[{"count":0,"href":"https:\/\/www.e-anjelik.sk\/index.php\/wp-json\/wp\/v2\/posts\/5280\/revisions"}],"wp:attachment":[{"href":"https:\/\/www.e-anjelik.sk\/index.php\/wp-json\/wp\/v2\/media?parent=5280"}],"wp:term":[{"taxonomy":"category","embeddable":true,"href":"https:\/\/www.e-anjelik.sk\/index.php\/wp-json\/wp\/v2\/categories?post=5280"},{"taxonomy":"post_tag","embeddable":true,"href":"https:\/\/www.e-anjelik.sk\/index.php\/wp-json\/wp\/v2\/tags?post=5280"}],"curies":[{"name":"wp","href":"https:\/\/api.w.org\/{rel}","templated":true}]}}