{"id":5283,"date":"2013-03-15T10:23:38","date_gmt":"2013-03-15T10:23:38","guid":{"rendered":"http:\/\/e-anjelik.sk\/?p=5283"},"modified":"2013-03-15T10:23:38","modified_gmt":"2013-03-15T10:23:38","slug":"obetavost-nemcov-vlani","status":"publish","type":"post","link":"https:\/\/www.e-anjelik.sk\/index.php\/2013\/03\/15\/obetavost-nemcov-vlani\/","title":{"rendered":"Obetavos\u0165 Nemcov vlani"},"content":{"rendered":"<p>Ako ozn\u00e1mila Rada pre zbierky (Spenderat) v Berl\u00edne v minulom roku s\u00edce poklesla suma vyzbieran\u00fdch pe\u0148az\u00ed o dve percenta ,ale na zbierkach sa anga\u017eovalo viacej ob\u010danov. Po\u010det nov\u00fdch darcov st\u00fapol o takmer dve percent\u00e1, to znamen\u00e1, \u017ee na darcovstv\u00e1ch sa podie\u013ealo spolu 22,5 mili\u00f3na ob\u010danov. T\u00edto obetovali v rozli\u010dn\u00fdch zbierkach takmer 4,2 miliardy EUR. 5,5 mili\u00f3na ob\u010danov bolo vlani prvodarcov. Nemeck\u00e1 rada pre zbierky je stre\u0161nou organiz\u00e1ciou 66 zbierok zhroma\u017e\u010fuj\u00facich organiz\u00e1ci\u00ed.<br \/>\n(www.evangelisch.de) <\/p>\n","protected":false},"excerpt":{"rendered":"<p>Ako ozn\u00e1mila Rada pre zbierky (Spenderat) v Berl\u00edne v minulom roku s\u00edce poklesla suma vyzbieran\u00fdch pe\u0148az\u00ed o dve percenta ,ale na zbierkach sa anga\u017eovalo viacej ob\u010danov. Po\u010det nov\u00fdch darcov st\u00fapol o takmer dve percent\u00e1, to znamen\u00e1, \u017ee na darcovstv\u00e1ch sa podie\u013ealo spolu 22,5 mili\u00f3na ob\u010danov. T\u00edto obetovali v rozli\u010dn\u00fdch zbierkach takmer 4,2 miliardy EUR. 5,5 &#8230; <a title=\"Obetavos\u0165 Nemcov vlani\" class=\"read-more\" href=\"https:\/\/www.e-anjelik.sk\/index.php\/2013\/03\/15\/obetavost-nemcov-vlani\/\" aria-label=\"Pre\u010d\u00edtajte si viac o Obetavos\u0165 Nemcov vlani\">\u010c\u00edta\u0165 viac<\/a><\/p>\n","protected":false},"author":22,"featured_media":0,"comment_status":"open","ping_status":"open","sticky":false,"template":"","format":"standard","meta":{"footnotes":""},"categories":[1],"tags":[234],"class_list":["post-5283","post","type-post","status-publish","format-standard","hentry","category-adventna-modlitba","tag-zdruzenia-a-skupiny"],"_links":{"self":[{"href":"https:\/\/www.e-anjelik.sk\/index.php\/wp-json\/wp\/v2\/posts\/5283","targetHints":{"allow":["GET"]}}],"collection":[{"href":"https:\/\/www.e-anjelik.sk\/index.php\/wp-json\/wp\/v2\/posts"}],"about":[{"href":"https:\/\/www.e-anjelik.sk\/index.php\/wp-json\/wp\/v2\/types\/post"}],"author":[{"embeddable":true,"href":"https:\/\/www.e-anjelik.sk\/index.php\/wp-json\/wp\/v2\/users\/22"}],"replies":[{"embeddable":true,"href":"https:\/\/www.e-anjelik.sk\/index.php\/wp-json\/wp\/v2\/comments?post=5283"}],"version-history":[{"count":0,"href":"https:\/\/www.e-anjelik.sk\/index.php\/wp-json\/wp\/v2\/posts\/5283\/revisions"}],"wp:attachment":[{"href":"https:\/\/www.e-anjelik.sk\/index.php\/wp-json\/wp\/v2\/media?parent=5283"}],"wp:term":[{"taxonomy":"category","embeddable":true,"href":"https:\/\/www.e-anjelik.sk\/index.php\/wp-json\/wp\/v2\/categories?post=5283"},{"taxonomy":"post_tag","embeddable":true,"href":"https:\/\/www.e-anjelik.sk\/index.php\/wp-json\/wp\/v2\/tags?post=5283"}],"curies":[{"name":"wp","href":"https:\/\/api.w.org\/{rel}","templated":true}]}}