{"id":5284,"date":"2013-03-15T10:37:48","date_gmt":"2013-03-15T10:37:48","guid":{"rendered":"http:\/\/e-anjelik.sk\/?p=5284"},"modified":"2013-03-15T10:37:48","modified_gmt":"2013-03-15T10:37:48","slug":"ack-v-nemecku-ma-noveho-predsedu","status":"publish","type":"post","link":"https:\/\/www.e-anjelik.sk\/index.php\/2013\/03\/15\/ack-v-nemecku-ma-noveho-predsedu\/","title":{"rendered":"ACK v Nemecku m\u00e1 nov\u00e9ho predsedu"},"content":{"rendered":"<p>Vo \u0161tvrtok 14. marca t.r. \u010dlensk\u00e9 zhroma\u017edenie Pracovn\u00e9ho spolo\u010denstva kres\u0165ansk\u00fdch cirkv\u00ed v Nemecku (ACK) zvolilo na obdobie troch rokov za nov\u00e9ho predsedu tejto ekumenickej organiz\u00e1cie katol\u00edckeho biskupa zo Spayera Karla Heinza Wiesemanna. V tejto funkcii nahrad\u00ed ev. krajinsk\u00e9ho biskupa z Braunschweigu Friedricha Webera. Ku ACK patr\u00ed 17 cirkv\u00ed a cirkevn\u00fdch spolo\u010denstiev. 4 cirkvi s\u00fa hos\u0165uj\u00face. Takto organiz\u00e1cia zastre\u0161uje okolo 57 mili\u00f3nov kres\u0165anov v Nemecku.<br \/>\n(www.evangelisch.de)<\/p>\n","protected":false},"excerpt":{"rendered":"<p>Vo \u0161tvrtok 14. marca t.r. \u010dlensk\u00e9 zhroma\u017edenie Pracovn\u00e9ho spolo\u010denstva kres\u0165ansk\u00fdch cirkv\u00ed v Nemecku (ACK) zvolilo na obdobie troch rokov za nov\u00e9ho predsedu tejto ekumenickej organiz\u00e1cie katol\u00edckeho biskupa zo Spayera Karla Heinza Wiesemanna. V tejto funkcii nahrad\u00ed ev. krajinsk\u00e9ho biskupa z Braunschweigu Friedricha Webera. Ku ACK patr\u00ed 17 cirkv\u00ed a cirkevn\u00fdch spolo\u010denstiev. 4 cirkvi s\u00fa hos\u0165uj\u00face. &#8230; <a title=\"ACK v Nemecku m\u00e1 nov\u00e9ho predsedu\" class=\"read-more\" href=\"https:\/\/www.e-anjelik.sk\/index.php\/2013\/03\/15\/ack-v-nemecku-ma-noveho-predsedu\/\" aria-label=\"Pre\u010d\u00edtajte si viac o ACK v Nemecku m\u00e1 nov\u00e9ho predsedu\">\u010c\u00edta\u0165 viac<\/a><\/p>\n","protected":false},"author":22,"featured_media":0,"comment_status":"open","ping_status":"open","sticky":false,"template":"","format":"standard","meta":{"footnotes":""},"categories":[2],"tags":[234],"class_list":["post-5284","post","type-post","status-publish","format-standard","hentry","category-ekumena","tag-zdruzenia-a-skupiny"],"_links":{"self":[{"href":"https:\/\/www.e-anjelik.sk\/index.php\/wp-json\/wp\/v2\/posts\/5284","targetHints":{"allow":["GET"]}}],"collection":[{"href":"https:\/\/www.e-anjelik.sk\/index.php\/wp-json\/wp\/v2\/posts"}],"about":[{"href":"https:\/\/www.e-anjelik.sk\/index.php\/wp-json\/wp\/v2\/types\/post"}],"author":[{"embeddable":true,"href":"https:\/\/www.e-anjelik.sk\/index.php\/wp-json\/wp\/v2\/users\/22"}],"replies":[{"embeddable":true,"href":"https:\/\/www.e-anjelik.sk\/index.php\/wp-json\/wp\/v2\/comments?post=5284"}],"version-history":[{"count":0,"href":"https:\/\/www.e-anjelik.sk\/index.php\/wp-json\/wp\/v2\/posts\/5284\/revisions"}],"wp:attachment":[{"href":"https:\/\/www.e-anjelik.sk\/index.php\/wp-json\/wp\/v2\/media?parent=5284"}],"wp:term":[{"taxonomy":"category","embeddable":true,"href":"https:\/\/www.e-anjelik.sk\/index.php\/wp-json\/wp\/v2\/categories?post=5284"},{"taxonomy":"post_tag","embeddable":true,"href":"https:\/\/www.e-anjelik.sk\/index.php\/wp-json\/wp\/v2\/tags?post=5284"}],"curies":[{"name":"wp","href":"https:\/\/api.w.org\/{rel}","templated":true}]}}