{"id":5288,"date":"2013-03-18T10:21:29","date_gmt":"2013-03-18T10:21:29","guid":{"rendered":"http:\/\/e-anjelik.sk\/?p=5288"},"modified":"2013-03-18T10:21:29","modified_gmt":"2013-03-18T10:21:29","slug":"bude-menej-knazskych-stanic-vo-wurttemberskej-cirkvi","status":"publish","type":"post","link":"https:\/\/www.e-anjelik.sk\/index.php\/2013\/03\/18\/bude-menej-knazskych-stanic-vo-wurttemberskej-cirkvi\/","title":{"rendered":"Bude menej k\u0148azsk\u00fdch stan\u00edc vo Wurttemberskej cirkvi"},"content":{"rendered":"<p>Synoda na\u0161ej partnerskej Evanjelickej krajinskej cirkvi vo Wurttembersku , ktor\u00e1 sa konala v d\u0148och 14. &#8211; 16. marca v Biberachu, schv\u00e1lila o.i. uznesenie, pod\u013ea ktor\u00e9ho sa po\u010det k\u0148azsk\u00fdch stan\u00edc v tejto cirkvi v najbli\u017e\u0161\u00edch piatich rokoch zn\u00ed\u017ei o 5,9%. Zo s\u00fa\u010dasn\u00fdch 1479 miest bude v roku 2018 iba 1392 miest. Pr\u00ed\u010dinou je pokles pr\u00edjmov z cirkevnej dane, pokles \u010dlenov cirkvi a pokles z\u00e1ujemcov o \u0161t\u00fadium teol\u00f3gie. Synoda \u010falej jasnou v\u00e4\u010d\u0161inou zamietla n\u00e1vrh z\u00e1kona o paritnom obsadzovan\u00ed vy\u0161\u0161\u00edch miest v cirkvi \u017eenami. A\u017e do roku 2023 bud\u00fa \u017eeny obsadzovan\u00e9 vo funkci\u00e1ch podporn\u00fdmi opatreniami.<br \/>\n(www.idea.de) <\/p>\n","protected":false},"excerpt":{"rendered":"<p>Synoda na\u0161ej partnerskej Evanjelickej krajinskej cirkvi vo Wurttembersku , ktor\u00e1 sa konala v d\u0148och 14. &#8211; 16. marca v Biberachu, schv\u00e1lila o.i. uznesenie, pod\u013ea ktor\u00e9ho sa po\u010det k\u0148azsk\u00fdch stan\u00edc v tejto cirkvi v najbli\u017e\u0161\u00edch piatich rokoch zn\u00ed\u017ei o 5,9%. Zo s\u00fa\u010dasn\u00fdch 1479 miest bude v roku 2018 iba 1392 miest. Pr\u00ed\u010dinou je pokles pr\u00edjmov z &#8230; <a title=\"Bude menej k\u0148azsk\u00fdch stan\u00edc vo Wurttemberskej cirkvi\" class=\"read-more\" href=\"https:\/\/www.e-anjelik.sk\/index.php\/2013\/03\/18\/bude-menej-knazskych-stanic-vo-wurttemberskej-cirkvi\/\" aria-label=\"Pre\u010d\u00edtajte si viac o Bude menej k\u0148azsk\u00fdch stan\u00edc vo Wurttemberskej cirkvi\">\u010c\u00edta\u0165 viac<\/a><\/p>\n","protected":false},"author":22,"featured_media":0,"comment_status":"open","ping_status":"open","sticky":false,"template":"","format":"standard","meta":{"footnotes":""},"categories":[9,10],"tags":[],"class_list":["post-5288","post","type-post","status-publish","format-standard","hentry","category-europa","category-zo-sveta"],"_links":{"self":[{"href":"https:\/\/www.e-anjelik.sk\/index.php\/wp-json\/wp\/v2\/posts\/5288","targetHints":{"allow":["GET"]}}],"collection":[{"href":"https:\/\/www.e-anjelik.sk\/index.php\/wp-json\/wp\/v2\/posts"}],"about":[{"href":"https:\/\/www.e-anjelik.sk\/index.php\/wp-json\/wp\/v2\/types\/post"}],"author":[{"embeddable":true,"href":"https:\/\/www.e-anjelik.sk\/index.php\/wp-json\/wp\/v2\/users\/22"}],"replies":[{"embeddable":true,"href":"https:\/\/www.e-anjelik.sk\/index.php\/wp-json\/wp\/v2\/comments?post=5288"}],"version-history":[{"count":0,"href":"https:\/\/www.e-anjelik.sk\/index.php\/wp-json\/wp\/v2\/posts\/5288\/revisions"}],"wp:attachment":[{"href":"https:\/\/www.e-anjelik.sk\/index.php\/wp-json\/wp\/v2\/media?parent=5288"}],"wp:term":[{"taxonomy":"category","embeddable":true,"href":"https:\/\/www.e-anjelik.sk\/index.php\/wp-json\/wp\/v2\/categories?post=5288"},{"taxonomy":"post_tag","embeddable":true,"href":"https:\/\/www.e-anjelik.sk\/index.php\/wp-json\/wp\/v2\/tags?post=5288"}],"curies":[{"name":"wp","href":"https:\/\/api.w.org\/{rel}","templated":true}]}}