{"id":5291,"date":"2013-03-19T08:27:56","date_gmt":"2013-03-19T08:27:56","guid":{"rendered":"http:\/\/e-anjelik.sk\/?p=5291"},"modified":"2013-03-19T08:27:56","modified_gmt":"2013-03-19T08:27:56","slug":"operacia-jakub","status":"publish","type":"post","link":"https:\/\/www.e-anjelik.sk\/index.php\/2013\/03\/19\/operacia-jakub\/","title":{"rendered":"\u201eOper\u00e1cia Jakub\u201c"},"content":{"rendered":"<p>Stredisko Evanjelickej diakonie v Ko\u0161eci sa podujalo sprostredkova\u0165 n\u00e1ro\u010dn\u00fd medic\u00ednsko\u2013opera\u010dn\u00fd z\u00e1krok pre svojho zamestnanca Jakuba \u0160ebestu z Novej Dubnice. <\/p>\n<p>Tento 20-ro\u010dn\u00fd talentovan\u00fd futbalista \u2013 brank\u00e1r po smrti svojho otca v j\u00fali minul\u00e9ho roka nast\u00fapil pracova\u0165 do n\u00e1\u0161ho zariadenia. Jeho doteraj\u0161\u00ed \u017eivot bol naplnen\u00fd str\u00e1dan\u00edm a pozna\u010den\u00fd \u0165a\u017ekou zdravotnou diagn\u00f3zou \u2013 epilepsiou. Za\u010dali sme preto h\u013eada\u0165 mo\u017enosti, ako mu pom\u00f4c\u0165 zmierni\u0165 \u010di vylie\u010di\u0165 jeho \u0165a\u017ek\u00e9 nav\u0161t\u00edvenie. Ke\u010f\u017ee pomery v slovenskom zdravotn\u00edctve nesp\u013a\u0148ali na\u0161e o\u010dak\u00e1vania, obr\u00e1tili sme sa cez moju b\u00fdval\u00fa konfirmandku MUDr. Sylviu Krupi\u010dkov\u00fa, ktor\u00e1 pracuje v pra\u017eskej nemocnici na Motole o pomoc. Tu sa tieto n\u00e1ro\u010dn\u00e9 opera\u010dn\u00e9 z\u00e1kroky vykon\u00e1vaj\u00fa u\u017e nieko\u013eko rokov na \u0161pi\u010dkovej neurochirurgickej klinike s vynikaj\u00facimi v\u00fdsledkami. Nako\u013eko i\u0161lo aj o finan\u010dne n\u00e1ro\u010dn\u00fa z\u00e1le\u017eitos\u0165, museli sme \u010deli\u0165 neskuto\u010dnej byrokracii slovensk\u00e9ho zdravotn\u00edctva. Nar\u00e1\u017eali sme na ve\u013ek\u00fa neochotu a a\u017e pokusy zmari\u0165 v\u0161etky na\u0161e takmer polro\u010dn\u00e9 snahy a obete. Tie pozost\u00e1vali z absolvovania nieko\u013ek\u00fdch odborn\u00fdch vy\u0161etren\u00ed v Prahe, ktor\u00e9 zistili, \u017ee pacient je vhodn\u00fd kandid\u00e1t na opera\u010dn\u00fd z\u00e1krok. Jakub 28. 2. 2013 podst\u00fapil n\u00e1ro\u010dn\u00fa osemhodinov\u00fa oper\u00e1ciu mozgu s \u00faspe\u0161n\u00fdm v\u00fdsledkom. Po cel\u00fd \u010das sme mu boli spolu s jeho matkou oporou na ustavi\u010dn\u00fdch modlitb\u00e1ch, v ktor\u00fdch sme prosili P\u00e1na Boha o jeho uzdravenie. I tu n\u00e1m P\u00e1n dok\u00e1zal svoju moc a l\u00e1sku, ako aj po\u017eehnanie pre tak\u00fato praktick\u00fa slu\u017ebu diakonie v zmysle biblick\u00fdch slov Gal 6, 2: \u201eJedni druh\u00fdch bremen\u00e1 zn\u00e1\u0161ajte.\u201c<br \/>\n<!--break--><br \/>\n\u010eakujeme P\u00e1nu Bohu za vypo\u010dut\u00e9 modlitby ve\u013ek\u00e9ho mno\u017estva modlitebn\u00edkov z radov person\u00e1lu a obyvate\u013eov SED Ko\u0161eca, cirkevn\u00edkov CZ ECAV v Pova\u017eskej Bystrici, bratovi biskupovi ZD ECAV Milanovi Krivdovi, ktor\u00fd sa pr\u00e1ve pre n\u00e1s v tomto \u0165a\u017ekom t\u00fd\u017edni nach\u00e1dzal so svojou rodinou v Prahe, kde oslovil doc. MUDr. Milo\u0161a Hrobo\u0148a, ktor\u00fd n\u00e1m bol tie\u017e n\u00e1pomocn\u00fd, rovnako ako aj sestra Vr\u0161kov\u00e1, spr\u00e1vky\u0148a historick\u00fdch ev. kostolov sv. Michala a sv. Martina, kde bol Jakub v minulom roku bratom kapl\u00e1nom J. Pacekom pokrsten\u00fd. \u00daprimne \u010fakujeme aj prof. MUDr. Pavlovi Traubnerovi za v\u0161etku pomoc a \u00fastretovos\u0165, ako i o\u0161etruj\u00facim lek\u00e1rom z Dubnice nad V\u00e1hom. Na\u0161a ve\u013ek\u00e1 v\u010faka patr\u00ed doc. MUDr. Michalovi Tich\u00e9mu, prednostovi oddelenia, doc. MUDr. Pavlovi Kr\u0161kovi s t\u00edmom spolupracovn\u00edkov, ktor\u00ed oper\u00e1ciu vykonali. Nadov\u0161etko si cen\u00edme \u00fa\u017easn\u00fd \u013eudsk\u00fd pr\u00edstup t\u00fdchto odborn\u00edkov, ako aj \u0161pi\u010dkov\u00e9 vybavenie oddelenia kliniky. Av\u0161ak na\u0161a najv\u00e4\u010d\u0161ia v\u010faka patr\u00ed P\u00e1nu Bohu, \u017ee usmer\u0148oval, viedol, po\u017eehn\u00e1val a d\u00e1val dos\u0165 s\u00edl v\u0161etk\u00fdm, \u010do mali snahu pom\u00f4c\u0165 zachr\u00e1ni\u0165 mlad\u00fd \u013eudsk\u00fd \u017eivot. \u201eDobrore\u010d, du\u0161a moja, Hospodinovi a cel\u00e9 moje vn\u00fatro jeho sv\u00e4t\u00e9mu menu! Dobrore\u010d, du\u0161a moja, Hospodinovi a nezab\u00fadaj na \u017eiadne Jeho dobrodenia! On odp\u00fa\u0161\u0165a ti v\u0161etky tvoje viny, On uzdravuje v\u0161etky tvoje choroby.\u201c \u017dalm 103, 1 &#8211; 3<\/p>\n<p> Nako\u013eko poopera\u010dn\u00fd stav a postupn\u00e9 zotavenie Jakuba si vy\u017eiadaj\u00fa \u010fal\u0161ie nemal\u00e9 finan\u010dn\u00e9 prostriedky, ktor\u00e9 matka &#8211; vdova nedok\u00e1\u017ee sama zvl\u00e1da\u0165, obraciame sa v ich mene na \u013eud\u00ed dobrej v\u00f4le s prosbou o pomoc. Jakubovo \u010d\u00edslo \u00fa\u010dtu je 3018132953\/0200. <\/p>\n<p>\u013dubom\u00edr Marcina, spr\u00e1vca SED Ko\u0161eca | 13.3.2013<br \/>\nzdroj: http:\/\/www.ecav.sk\/<\/p>\n","protected":false},"excerpt":{"rendered":"<p>Stredisko Evanjelickej diakonie v Ko\u0161eci sa podujalo sprostredkova\u0165 n\u00e1ro\u010dn\u00fd medic\u00ednsko\u2013opera\u010dn\u00fd z\u00e1krok pre svojho zamestnanca Jakuba \u0160ebestu z Novej Dubnice. Tento 20-ro\u010dn\u00fd talentovan\u00fd futbalista \u2013 brank\u00e1r po smrti svojho otca v j\u00fali minul\u00e9ho roka nast\u00fapil pracova\u0165 do n\u00e1\u0161ho zariadenia. Jeho doteraj\u0161\u00ed \u017eivot bol naplnen\u00fd str\u00e1dan\u00edm a pozna\u010den\u00fd \u0165a\u017ekou zdravotnou diagn\u00f3zou \u2013 epilepsiou. Za\u010dali sme preto h\u013eada\u0165 &#8230; <a title=\"\u201eOper\u00e1cia Jakub\u201c\" class=\"read-more\" href=\"https:\/\/www.e-anjelik.sk\/index.php\/2013\/03\/19\/operacia-jakub\/\" aria-label=\"Pre\u010d\u00edtajte si viac o \u201eOper\u00e1cia Jakub\u201c\">\u010c\u00edta\u0165 viac<\/a><\/p>\n","protected":false},"author":1,"featured_media":0,"comment_status":"open","ping_status":"open","sticky":false,"template":"","format":"standard","meta":{"footnotes":""},"categories":[1,265,266],"tags":[221],"class_list":["post-5291","post","type-post","status-publish","format-standard","hentry","category-adventna-modlitba","category-koseca","category-povazska-bystrica","tag-diakonia"],"_links":{"self":[{"href":"https:\/\/www.e-anjelik.sk\/index.php\/wp-json\/wp\/v2\/posts\/5291","targetHints":{"allow":["GET"]}}],"collection":[{"href":"https:\/\/www.e-anjelik.sk\/index.php\/wp-json\/wp\/v2\/posts"}],"about":[{"href":"https:\/\/www.e-anjelik.sk\/index.php\/wp-json\/wp\/v2\/types\/post"}],"author":[{"embeddable":true,"href":"https:\/\/www.e-anjelik.sk\/index.php\/wp-json\/wp\/v2\/users\/1"}],"replies":[{"embeddable":true,"href":"https:\/\/www.e-anjelik.sk\/index.php\/wp-json\/wp\/v2\/comments?post=5291"}],"version-history":[{"count":0,"href":"https:\/\/www.e-anjelik.sk\/index.php\/wp-json\/wp\/v2\/posts\/5291\/revisions"}],"wp:attachment":[{"href":"https:\/\/www.e-anjelik.sk\/index.php\/wp-json\/wp\/v2\/media?parent=5291"}],"wp:term":[{"taxonomy":"category","embeddable":true,"href":"https:\/\/www.e-anjelik.sk\/index.php\/wp-json\/wp\/v2\/categories?post=5291"},{"taxonomy":"post_tag","embeddable":true,"href":"https:\/\/www.e-anjelik.sk\/index.php\/wp-json\/wp\/v2\/tags?post=5291"}],"curies":[{"name":"wp","href":"https:\/\/api.w.org\/{rel}","templated":true}]}}