{"id":5294,"date":"2013-03-19T11:48:43","date_gmt":"2013-03-19T11:48:43","guid":{"rendered":"http:\/\/e-anjelik.sk\/?p=5294"},"modified":"2013-03-19T11:48:43","modified_gmt":"2013-03-19T11:48:43","slug":"40-rokov-od-podpisania-leuenbergskych-dohod","status":"publish","type":"post","link":"https:\/\/www.e-anjelik.sk\/index.php\/2013\/03\/19\/40-rokov-od-podpisania-leuenbergskych-dohod\/","title":{"rendered":"40 rokov od podp\u00edsania Leuenbergsk\u00fdch doh\u00f4d"},"content":{"rendered":"<p>V nede\u013eu 17. marca t.r. na slu\u017eb\u00e1ch Bo\u017e\u00edch v Berl\u00ednskom d\u00f3me si pr\u00edtomn\u00ed pripomenuli 40. v\u00fdro\u010die od podp\u00edsania Leuenbergsk\u00fdch doh\u00f4d. Ide o jednotu kanc\u013ea a olt\u00e1ra luter\u00e1nov, reformovan\u00fdch, unijn\u00fdch a metodistick\u00fdch cirkv\u00ed Eur\u00f3py. Kazate\u013eom bol ev. biskup Friedrich Weber z Braunschweigu. Dnes m\u00e1 Spolo\u010denstvo protestantsk\u00fdch cirkv\u00ed v Eur\u00f3pe 107 \u010dlensk\u00fdch cirklv\u00ed s 50 mili\u00f3nmi veriacich.<br \/>\n(www.ekd.de)<\/p>\n","protected":false},"excerpt":{"rendered":"<p>V nede\u013eu 17. marca t.r. na slu\u017eb\u00e1ch Bo\u017e\u00edch v Berl\u00ednskom d\u00f3me si pr\u00edtomn\u00ed pripomenuli 40. v\u00fdro\u010die od podp\u00edsania Leuenbergsk\u00fdch doh\u00f4d. Ide o jednotu kanc\u013ea a olt\u00e1ra luter\u00e1nov, reformovan\u00fdch, unijn\u00fdch a metodistick\u00fdch cirkv\u00ed Eur\u00f3py. Kazate\u013eom bol ev. biskup Friedrich Weber z Braunschweigu. Dnes m\u00e1 Spolo\u010denstvo protestantsk\u00fdch cirkv\u00ed v Eur\u00f3pe 107 \u010dlensk\u00fdch cirklv\u00ed s 50 mili\u00f3nmi veriacich. &#8230; <a title=\"40 rokov od podp\u00edsania Leuenbergsk\u00fdch doh\u00f4d\" class=\"read-more\" href=\"https:\/\/www.e-anjelik.sk\/index.php\/2013\/03\/19\/40-rokov-od-podpisania-leuenbergskych-dohod\/\" aria-label=\"Pre\u010d\u00edtajte si viac o 40 rokov od podp\u00edsania Leuenbergsk\u00fdch doh\u00f4d\">\u010c\u00edta\u0165 viac<\/a><\/p>\n","protected":false},"author":22,"featured_media":0,"comment_status":"open","ping_status":"open","sticky":false,"template":"","format":"standard","meta":{"footnotes":""},"categories":[2],"tags":[234],"class_list":["post-5294","post","type-post","status-publish","format-standard","hentry","category-ekumena","tag-zdruzenia-a-skupiny"],"_links":{"self":[{"href":"https:\/\/www.e-anjelik.sk\/index.php\/wp-json\/wp\/v2\/posts\/5294","targetHints":{"allow":["GET"]}}],"collection":[{"href":"https:\/\/www.e-anjelik.sk\/index.php\/wp-json\/wp\/v2\/posts"}],"about":[{"href":"https:\/\/www.e-anjelik.sk\/index.php\/wp-json\/wp\/v2\/types\/post"}],"author":[{"embeddable":true,"href":"https:\/\/www.e-anjelik.sk\/index.php\/wp-json\/wp\/v2\/users\/22"}],"replies":[{"embeddable":true,"href":"https:\/\/www.e-anjelik.sk\/index.php\/wp-json\/wp\/v2\/comments?post=5294"}],"version-history":[{"count":0,"href":"https:\/\/www.e-anjelik.sk\/index.php\/wp-json\/wp\/v2\/posts\/5294\/revisions"}],"wp:attachment":[{"href":"https:\/\/www.e-anjelik.sk\/index.php\/wp-json\/wp\/v2\/media?parent=5294"}],"wp:term":[{"taxonomy":"category","embeddable":true,"href":"https:\/\/www.e-anjelik.sk\/index.php\/wp-json\/wp\/v2\/categories?post=5294"},{"taxonomy":"post_tag","embeddable":true,"href":"https:\/\/www.e-anjelik.sk\/index.php\/wp-json\/wp\/v2\/tags?post=5294"}],"curies":[{"name":"wp","href":"https:\/\/api.w.org\/{rel}","templated":true}]}}