{"id":5304,"date":"2013-03-22T13:01:30","date_gmt":"2013-03-22T13:01:30","guid":{"rendered":"http:\/\/e-anjelik.sk\/?p=5304"},"modified":"2013-03-22T13:01:30","modified_gmt":"2013-03-22T13:01:30","slug":"350-rokov-od-narodenia-a-h-franckeho","status":"publish","type":"post","link":"https:\/\/www.e-anjelik.sk\/index.php\/2013\/03\/22\/350-rokov-od-narodenia-a-h-franckeho\/","title":{"rendered":"350 rokov od narodenia A.H.Franckeho"},"content":{"rendered":"<p>22. marca t.r. uplynulo 350 rokov od narodenia v\u00fdznamn\u00e9ho soci\u00e1lneho pracovn\u00edka cirkvi a priekopn\u00edka prebudeneck\u00e9ho smeru v Nemecku -pietizmu Augusta Hermanna Franckeho. Pre svoje a\u017e bojovn\u00e9 nasadenie bol ako far\u00e1r zosaden\u00fd a odvolan\u00fd. V meste Halle vybudoval ohromn\u00e9 dielo -stavby . Roku 1698 boli polo\u017een\u00e9 z\u00e1kladn\u00e9 kamene , \u010d\u00edm sa za\u010d\u00edna budova\u0165 jedno nov\u00e9 mesto. Po\u010das 30 rokov sa postavili \u0161koly, obytn\u00e9 domy, dielne, z\u00e1hrady, lek\u00e1re\u0148, detska nemocnica, pek\u00e1re\u0148. Jeho srdcovou z\u00e1le\u017eitos\u0165ou bola starostlivos\u0165 o siroty a \u010do je na t\u00fa dobu pokrok &#8211; diev\u010dat\u00e1. Zariadenia boli financovan\u00e9 zo zbierok, nesk\u00f4r aj z pr\u00edjmov z predaja liekov a kn\u00edh. Francke bol \u010dinn\u00fd aj ako profesor orient\u00e1lnych jazykov na Ev. teologickej fakulte v Halle, nesk\u00f4r aj profesorom teol\u00f3gie. \u010casom sa stal aj far\u00e1rom v cirkevnom zbore Glaucha. Doteraz ako soci\u00e1lny reform\u00e1tor nebol prekonan\u00fd. Frankesche Stftungen v Halle s\u00fa trvalou pamiatkou.<br \/>\n(www.ekd.de)<\/p>\n","protected":false},"excerpt":{"rendered":"<p>22. marca t.r. uplynulo 350 rokov od narodenia v\u00fdznamn\u00e9ho soci\u00e1lneho pracovn\u00edka cirkvi a priekopn\u00edka prebudeneck\u00e9ho smeru v Nemecku -pietizmu Augusta Hermanna Franckeho. Pre svoje a\u017e bojovn\u00e9 nasadenie bol ako far\u00e1r zosaden\u00fd a odvolan\u00fd. V meste Halle vybudoval ohromn\u00e9 dielo -stavby . Roku 1698 boli polo\u017een\u00e9 z\u00e1kladn\u00e9 kamene , \u010d\u00edm sa za\u010d\u00edna budova\u0165 jedno nov\u00e9 mesto. &#8230; <a title=\"350 rokov od narodenia A.H.Franckeho\" class=\"read-more\" href=\"https:\/\/www.e-anjelik.sk\/index.php\/2013\/03\/22\/350-rokov-od-narodenia-a-h-franckeho\/\" aria-label=\"Pre\u010d\u00edtajte si viac o 350 rokov od narodenia A.H.Franckeho\">\u010c\u00edta\u0165 viac<\/a><\/p>\n","protected":false},"author":22,"featured_media":0,"comment_status":"open","ping_status":"open","sticky":false,"template":"","format":"standard","meta":{"footnotes":""},"categories":[1,14],"tags":[],"class_list":["post-5304","post","type-post","status-publish","format-standard","hentry","category-adventna-modlitba","category-osobnosti"],"_links":{"self":[{"href":"https:\/\/www.e-anjelik.sk\/index.php\/wp-json\/wp\/v2\/posts\/5304","targetHints":{"allow":["GET"]}}],"collection":[{"href":"https:\/\/www.e-anjelik.sk\/index.php\/wp-json\/wp\/v2\/posts"}],"about":[{"href":"https:\/\/www.e-anjelik.sk\/index.php\/wp-json\/wp\/v2\/types\/post"}],"author":[{"embeddable":true,"href":"https:\/\/www.e-anjelik.sk\/index.php\/wp-json\/wp\/v2\/users\/22"}],"replies":[{"embeddable":true,"href":"https:\/\/www.e-anjelik.sk\/index.php\/wp-json\/wp\/v2\/comments?post=5304"}],"version-history":[{"count":0,"href":"https:\/\/www.e-anjelik.sk\/index.php\/wp-json\/wp\/v2\/posts\/5304\/revisions"}],"wp:attachment":[{"href":"https:\/\/www.e-anjelik.sk\/index.php\/wp-json\/wp\/v2\/media?parent=5304"}],"wp:term":[{"taxonomy":"category","embeddable":true,"href":"https:\/\/www.e-anjelik.sk\/index.php\/wp-json\/wp\/v2\/categories?post=5304"},{"taxonomy":"post_tag","embeddable":true,"href":"https:\/\/www.e-anjelik.sk\/index.php\/wp-json\/wp\/v2\/tags?post=5304"}],"curies":[{"name":"wp","href":"https:\/\/api.w.org\/{rel}","templated":true}]}}