{"id":5307,"date":"2013-03-25T07:29:12","date_gmt":"2013-03-25T07:29:12","guid":{"rendered":"http:\/\/e-anjelik.sk\/?p=5307"},"modified":"2013-03-25T07:29:12","modified_gmt":"2013-03-25T07:29:12","slug":"slb-v-cz-sobotiste-vo-velkom-tyzdni","status":"publish","type":"post","link":"https:\/\/www.e-anjelik.sk\/index.php\/2013\/03\/25\/slb-v-cz-sobotiste-vo-velkom-tyzdni\/","title":{"rendered":"SLB v CZ Soboti\u0161te vo ve\u013ekom t\u00fd\u017edni"},"content":{"rendered":"<p>SLB v CZ Soboti\u0161te bud\u00fa nasledovne:<\/p>\n<p>1. Utorok-  p\u00f4stne ve\u010dern\u00e9 o 18.00 h, na Podbran\u010di o 17.00. T\u00e9ma:- &#8222;6. \u010diastka katechizmu- Spove\u010f&#8220;<\/p>\n<p>2. Zelen\u00fd \u0161tvrtok- SLB o 18.00 , spolu so Spove\u010fou a VP<\/p>\n<p>3.Ve\u013ek\u00fd Piatok: Pa\u0161ie &#8211; o 9.00 v Rovensku<br \/>\n                               &#8211; 10.30  v Soboti\u0161ti (\u010d\u00edta\u00fa rodi\u010dia konfirmandov s de\u0165mi)<br \/>\n                                            Po SLB &#8211; Spove\u010f s VP<\/p>\n<p>5. Biela sobota &#8211; Pr\u00edpravn\u00e9 k V.Noci- o 18.00<\/p>\n<p>6. I. sl\u00e1vnos\u0165 ve\u013ekono\u010dn\u00e1- Vzkriesenie P\u00e1novo \/ Ressurectio Domini\/ &#8211; 10. 30<\/p>\n<p>7. II. sl\u00e1vnos\u0165 ve\u013ekono\u010dn\u00e1 &#8211; Rovensko 9.00, Soboti\u0161te 10.30   SLB s VP &#8211;  k\u00e1\u017ee a prisluhje VP- P. \u010cerfe\u013e z Prietr\u017ee.<br \/>\n                                                                                                                    \/v\u00fdmena  kazate\u013eov v MyS\/<\/p>\n<p>Po\u017eehnan\u00e9 sviatky \u017eel\u00e1:  predsedn\u00edctvo CZ Soboti\u0161te<\/p>\n","protected":false},"excerpt":{"rendered":"<p>SLB v CZ Soboti\u0161te bud\u00fa nasledovne: 1. Utorok- p\u00f4stne ve\u010dern\u00e9 o 18.00 h, na Podbran\u010di o 17.00. T\u00e9ma:- &#8222;6. \u010diastka katechizmu- Spove\u010f&#8220; 2. Zelen\u00fd \u0161tvrtok- SLB o 18.00 , spolu so Spove\u010fou a VP 3.Ve\u013ek\u00fd Piatok: Pa\u0161ie &#8211; o 9.00 v Rovensku &#8211; 10.30 v Soboti\u0161ti (\u010d\u00edta\u00fa rodi\u010dia konfirmandov s de\u0165mi) Po SLB &#8211; Spove\u010f &#8230; <a title=\"SLB v CZ Soboti\u0161te vo ve\u013ekom t\u00fd\u017edni\" class=\"read-more\" href=\"https:\/\/www.e-anjelik.sk\/index.php\/2013\/03\/25\/slb-v-cz-sobotiste-vo-velkom-tyzdni\/\" aria-label=\"Pre\u010d\u00edtajte si viac o SLB v CZ Soboti\u0161te vo ve\u013ekom t\u00fd\u017edni\">\u010c\u00edta\u0165 viac<\/a><\/p>\n","protected":false},"author":4,"featured_media":0,"comment_status":"open","ping_status":"open","sticky":false,"template":"","format":"standard","meta":{"footnotes":""},"categories":[95],"tags":[],"class_list":["post-5307","post","type-post","status-publish","format-standard","hentry","category-sobotiste"],"_links":{"self":[{"href":"https:\/\/www.e-anjelik.sk\/index.php\/wp-json\/wp\/v2\/posts\/5307","targetHints":{"allow":["GET"]}}],"collection":[{"href":"https:\/\/www.e-anjelik.sk\/index.php\/wp-json\/wp\/v2\/posts"}],"about":[{"href":"https:\/\/www.e-anjelik.sk\/index.php\/wp-json\/wp\/v2\/types\/post"}],"author":[{"embeddable":true,"href":"https:\/\/www.e-anjelik.sk\/index.php\/wp-json\/wp\/v2\/users\/4"}],"replies":[{"embeddable":true,"href":"https:\/\/www.e-anjelik.sk\/index.php\/wp-json\/wp\/v2\/comments?post=5307"}],"version-history":[{"count":0,"href":"https:\/\/www.e-anjelik.sk\/index.php\/wp-json\/wp\/v2\/posts\/5307\/revisions"}],"wp:attachment":[{"href":"https:\/\/www.e-anjelik.sk\/index.php\/wp-json\/wp\/v2\/media?parent=5307"}],"wp:term":[{"taxonomy":"category","embeddable":true,"href":"https:\/\/www.e-anjelik.sk\/index.php\/wp-json\/wp\/v2\/categories?post=5307"},{"taxonomy":"post_tag","embeddable":true,"href":"https:\/\/www.e-anjelik.sk\/index.php\/wp-json\/wp\/v2\/tags?post=5307"}],"curies":[{"name":"wp","href":"https:\/\/api.w.org\/{rel}","templated":true}]}}