{"id":5308,"date":"2013-03-25T09:18:54","date_gmt":"2013-03-25T09:18:54","guid":{"rendered":"http:\/\/e-anjelik.sk\/?p=5308"},"modified":"2021-04-02T17:18:27","modified_gmt":"2021-04-02T15:18:27","slug":"bozia-vakcina","status":"publish","type":"post","link":"https:\/\/www.e-anjelik.sk\/index.php\/2013\/03\/25\/bozia-vakcina\/","title":{"rendered":"Bo\u017eia vakc\u00edna"},"content":{"rendered":"<p>Bo\u017eia vakc\u00edna<br \/>\nJ\u00e1n 17, 1-5 a 22:<br \/>\n\u201cKe\u010f to Je\u017ei\u0161 povedal, pozdvihol o\u010di k nebu a hovoril: Ot\u010de, pri\u0161la hodina; osl\u00e1v svojho Syna, aby syn osl\u00e1vil Teba, (2) ako si Mu dal moc nad v\u0161etk\u00fdmi \u013eu\u010fmi, aby im dal v\u0161etko, \u010do si Ty dal jemu, (toti\u017e) ve\u010dn\u00fd \u017eivot. (3) A to je ve\u010dn\u00fd \u017eivot, aby poznali Teba, jedin\u00e9ho prav\u00e9ho Boha, a ktor\u00e9ho si poslal, Je\u017ei\u0161a Krista. (4) Ja som \u0164a osl\u00e1vil na zemi, ke\u010f som dokonal dielo, ktor\u00e9 si mi dal kona\u0165, &#8211; (5) teraz Ot\u010de, osl\u00e1v ma Ty u seba sl\u00e1vou, ktor\u00fa som mal pri tebe sk\u00f4r, ako svet povstal. &#8211; (22) A sl\u00e1vu, ktor\u00fa si Ty dal mne, ja som dal im, aby boli jedno, ako my jedno sme.\u201d Amen<\/p>\n<p>Mil\u00ed bratia a sestry v P\u00e1novi!<\/p>\n<p>Mysl\u00edm, \u017ee v\u0161etci pozn\u00e1te meno svetozn\u00e1meho franc\u00fazkeho chemika a mikrobiol\u00f3ga Luisa Pasteura. (1822-1895) \u013dudstvo mu v\u010fa\u010d\u00ed za ve\u013ea vz\u00e1cnych objavov. Dodnes sa cen\u00ed aj jeho pokora, kres\u0165ansk\u00e1 viera a objavy, ktor\u00fdmi mnoh\u00fdm \u013eu\u010fom zachr\u00e1nil \u017eivot.<br \/>\nAzda naj\u00fa\u017easnej\u0161\u00ed \u00faspech dosiahol L.Pasteur vo v\u00fdskume besnoty, vtedy smrte\u013enej choroby. Stalo sa, \u017ee d\u0148a 6.j\u00fala 1885 k nemu priviedli chlapca menom Joseph Meister, ktor\u00e9ho pohr\u00fdzol besn\u00fd pes. Pasteur nebol lek\u00e1r, ale na\u0161iel odvahu a aplikoval mu vakc\u00ednu, na ktorej pr\u00e1ve pracoval. Pre\u017e\u00edvaval s rodinou \u0165a\u017ek\u00fdch 21 dn\u00ed a ka\u017ed\u00fd de\u0148 mu pod\u00e1val oslaben\u00fa vakc\u00ednu besnoty, aby vybudoval v tele imunitu. P\u00f4sobilo to ako skuto\u010dn\u00fd z\u00e1zrak &#8211; chlapec neochorel a bol zachr\u00e1nen\u00fd. Odvtedy sa vakcin\u00e1cia za\u010dala pou\u017e\u00edva\u0165 postupne po celom svete a to aj pri in\u00fdch smrte\u013en\u00fdch chorob\u00e1ch a Pasteur po\u017e\u00edva obrovsk\u00fa \u00factu dodnes.<\/p>\n<p>Spom\u00ednam  \u00fa\u017easn\u00fa slu\u017ebu a sl\u00e1vu tohoto \u010dlovek v dne\u0161n\u00fa Kvetn\u00fa nede\u013eu preto, lebo n\u00e1m pom\u00e1ha pochopi\u0165 slu\u017ebu z\u00e1chrany n\u00e1ho P\u00e1na Je\u017ei\u0161a Krista a Jeho sl\u00e1vu.  Mnoho \u013eud\u00ed nevie pochopi\u0165, ako je mo\u017en\u00e9 vidie\u0165 v Je\u017eiovej smrti na kr\u00ed\u017ei sl\u00e1vu, ktor\u00e1 je neporovnate\u013ene v\u00e4\u010d\u0161ia, ako sl\u00e1va ak\u00e9hoko\u013evek in\u00e9ho dobrodincu \u013eudstva. Chceme nielen vidie\u0165, ale aj prija\u0165 to, \u010do P\u00e1n Boh skrze svojho Syna vykonal pre n\u00e1s. Bo\u017e\u00edm darom je plnos\u0165 \u017eivota, ako Je\u017ei\u0161 s\u00e1m povedal: \u201cJa som pri\u0161iel, aby ste \u017eivot mali a hojne mali\u201d.(J 10, 10)  Aby svet i ka\u017ed\u00fd veriaci v Neho mal v \u0147om liek proti smrti .<br \/>\nP\u00e1n Je\u017ei\u0161 vo svojej ve\u013ek\u0148azskej modlitbe hovor\u00ed o svojej ceste na kr\u00ed\u017e a svojej n\u00e1slednej smrti prekvapaj\u00faco, ale jednozna\u010dne ako o sl\u00e1ve. Hovor\u00ed o ceste osl\u00e1venia Otca nebesk\u00e9ho, o svojej sl\u00e1ve i dare sl\u00e1vy pre n\u00e1s. Tieto slov\u00e1 by sme nemali prepo\u010du\u0165 a prehliadnu\u0165. Vi\u010fme teda pravdivos\u0165 Je\u017ei\u0161ov\u00fdch slov o tom, \u017ee<br \/>\nJeho smr\u0165 je<br \/>\na\/ sl\u00e1vou Otca,<br \/>\nb\/ sl\u00e1vou Syna<br \/>\nc\/ i na\u0161ou sl\u00e1vou<\/p>\n<p>Bratia a sestry !<\/p>\n<p>Ak liek proti besnote a in\u00fdm smrte\u013en\u00fdm chorob\u00e1m znamenal ve\u013emi mnoho pre \u013eudstvo a jeho objavite\u013eovi priniesol sl\u00e1vu, t\u00fdm viac to plat\u00ed o Tom, ktor\u00fd m\u00f4\u017ee poveda\u0165 a zvola\u0165: \u201c\u00d3, smr\u0165, budem tvojou smr\u0165ou!<\/p>\n<p>Je tu liek od P\u00e1na Boha, ktor\u00fd je \u00fa\u010dinn\u00fd a ktor\u00fd sp\u00f4sobuje smr\u0165 smrti! Je tu smr\u0165, ktor\u00e1 lie\u010di na\u0161u smr\u0165. Bo\u017eia vakc\u00edna proti smrti. Smrte\u013en\u00fa chorobu a n\u00e1kazu, \u013eudstvo prijalo do svojho tela neposlu\u0161nos\u0165ou vo\u010di P\u00e1nu Bohu. Prv\u00fd Adam a jeho \u017eena po\u010duli varovanie, ktor\u00e9mu neverili, ale uk\u00e1zalo sa pravdiv\u00e9. \u201dV de\u0148, ke\u010f budete jes\u0165 ovocie stromu, \u010do som v\u00e1m zak\u00e1zal, istotne umriete\u201d. Odvtedy nos\u00ed prv\u00fd Adama a jeho potomstvo v tele jed, o ktorom nevieme, kedy sa prejav\u00ed, ale vieme, \u017ee sa ur\u010dite prejav\u00ed. Vieme, \u017ee aj na\u0161a smr\u0165 je sp\u00f4soben\u00e1 \u201cuhryznut\u00edm\u201d toho star\u00e9ho nepriate\u013ea Bo\u017eieho stvorentsva. Oste\u0148 smrti zasahuje ka\u017ed\u00e9ho \u010dloveka a m\u00e1 zhubn\u00e9 a de\u0161truk\u010dn\u00e9 n\u00e1sledky pre ka\u017ed\u00e9ho.<\/p>\n<p>P\u00e1n Je\u017ei\u0161  vo svoje ve\u013ek\u0148azskej modlitbe hovor\u00ed o svojej ceste na kr\u00ed\u017e a n\u00e1slednej smrti ako o hodine, ktor\u00e1  vedie k sl\u00e1ve Otca nebesk\u00e9ho. Hovor\u00ed to preto, lebo svoj\u00edm pr\u00edchodom, svoj\u00edm vtelen\u00edm za\u010dal kona\u0165 dielo, z\u00e1chrany, ku ktor\u00e9mu Ho Otec poslal a ktor\u00e9 aj dokonal. Bo\u017eie zas\u013e\u00fabenie o vysloboden\u00ed spod kliatby hriechu a smrti sa Jeho poslu\u0161nos\u0165ou a prijat\u00edm odplaty za hriech sveta \u00fasp\u0161ne naplnilo. Naplnenie v\u00f4le Boha Otca sved\u010d\u00ed o Bo\u017eej vernosti, ke\u010f v zas\u013e\u00fabenom Potomkovi z raja priv\u00e1dza \u013eud\u00ed do nov\u00e9ho a ve\u010dn\u00e9ho spolo\u010denstva so sebou. Je\u017ei\u0161ova vykupite\u013esk\u00e1 smr\u0165 je preto oslavou Bo\u017eej vernosti, l\u00e1sky, milosti a dobroty.<\/p>\n<p>2. P\u00e1n Je\u017ei\u0161 vzal na seba hriech sveta a preto nielen trpel, ale aj zomrel!  N\u00e1m ostatn\u00fdm v\u0161ak sl\u00fa\u017ei Jeho smr\u0165 ako Bo\u017eia vakc\u00edna, ktor\u00fa dal a poslal Otec z neba v prav\u00fd \u010das! D\u00e1va tak silu a n\u00e1dej ka\u017ed\u00e9mu \u010dloveku, ktor\u00fd je hrie\u0161nikom a \u010dakate\u013eom na smr\u0165. A ke\u010f\u017ee je lie\u010dba a z\u00e1chana z Bo\u017eej strany ist\u00e1 a \u00fa\u010dinn\u00e1, je to d\u00f4vod na chv\u00e1lu a v\u010faku z na\u0161ej  strany. Ka\u017ed\u00e9 srdce, ktor\u00e9 s d\u00f4verou prij\u00edma t\u00fato Bohom pripraven\u00fa vakc\u00ednu a medic\u00ednu, oslavuje Otca i Syna. Pri\u0161iel, aby sme boli zachr\u00e1nen\u00ed od smrti, aby sme \u017eivot mali a mali ho v plnosti!<\/p>\n<p>\u201c\u00d3 smr\u0165, budem tvojou smr\u0165ou\u201d, smieme aj my vyzn\u00e1va\u0165 o Kristu a vola\u0165 tak na sl\u00e1vu Je\u017ei\u0161a, P\u00e1na , ktor\u00fd sa stal smr\u0165ou smrti. Pon\u00ed\u017eil sa a trpiac zomrel, aby Jeho smr\u0165 sl\u00fa\u017eila n\u00e1m k vylie\u010deniu, uzdraveniu a k \u017eivotu ve\u010dn\u00e9mu. Apo\u0161tol Pavel t\u00fdm, ktor\u00ed Krista ako P\u00e1na u\u017e v Krste sv\u00e4tom prijali, privol\u00e1va a pripom\u00edna:  \u201c\u010ci neviete, \u017ee ktor\u00edko\u013evek boli sme pokrsten\u00ed v Krista Je\u017ei\u0161a, v Jeho smr\u0165 sme boli pokrsten\u00ed? Spolu s N\u00edm sme teda skrze Krst pohroben\u00ed v smr\u0165, aby tak, ako Kristus vzkriesen\u00fd bol sl\u00e1vnou mocou Otcovou, aj my sme chodili v novote \u017eivota\u201d.( R 6,4)<\/p>\n<p>Je\u017ei\u0161, ukri\u017eovan\u00fd, st\u00e1va sa pre n\u00e1s Bo\u017e\u00edm liekom, ktor\u00fd predch\u00e1dza na\u0161u smr\u0165, aby nemala nad nami moc, uzdravuje na\u0161u du\u0161u a vedie k \u017eivotu. Krstom sme jedno s N\u00edm. S N\u00edm, v \u0147om a skrze Neho povolan\u00ed sme k \u017eivotu ve\u010dn\u00e9mu, ktor\u00fd za\u010d\u00edna choden\u00edm v novote \u017eivota u\u017e tu, v \u010dasnosti.<\/p>\n<p>To sa deje vtedy a tam, kde tento program Bo\u017eej vakcin\u00e1cie prij\u00edmame cel\u00fd a v plnosti. Kde v\u017edy nanovo Krista P\u00e1na prij\u00edmame vierou v Slove a vo sviatosti. Tak n\u00e1m potom m\u00f4\u017ee sl\u00fa\u017ei\u0165 v de\u0148, ke\u010f pr\u00edde de\u0148 na\u0161ej smrti. \u201cKe\u010f Boh za n\u00e1s, kto proti n\u00e1m? Ten, ktor\u00fd neu\u0161etril vlastn\u00e9ho Syna, ale vydal Ho za n\u00e1s v\u0161etk\u00fdch, ako by n\u00e1m nedaroval s n\u00edm v\u0161etko?\u201d (R 8,31) &#8211; Nikto a ni\u010d, nijak\u00e1 moc \u201cn\u00e1s  nebude m\u00f4c\u0165 odl\u00fa\u010di\u0165 od l\u00e1sky Bo\u017eej, ktor\u00e1 je v na\u0161om P\u00e1novi\u201d<br \/>\n( R 8,39) &#8211; vol\u00e1 sl\u00e1vnostne apo\u0161tol Pavel a s n\u00edm cel\u00e1 kres\u0165ansk\u00e1 cirkev!<\/p>\n<p>Bratia a sestry!<\/p>\n<p>Je\u017ei\u0161, smeruj\u00faci ku kr\u00ed\u017eu a smrti, je hoden oslavy nielen tej pozemskej, ako zaznela v Jeruzaleme, ale aj tej, ktor\u00e1 zaznieva v nebesiach: \u201cHoden je Bar\u00e1nok zabit\u00fd vzia\u0165 moc, bohatstvo, m\u00fadros\u0165 silu, \u010des\u0165, sl\u00e1vu aj dobrore\u010denie &#8211; na veky vekov! (Zjav 5,12)<br \/>\nAj my m\u00e1me d\u00f4vod pripoji\u0165 sa k tejto oslave! Jedno je, \u010di Je\u017ei\u0161 sed\u00ed na osliatku, \u010di zomiera na kr\u00ed\u017ei, \u010di zostupuje k zosnul\u00fdm, alebo vstupuje k Otcovi. Nielen smieme, ale aj m\u00e1me vola\u0165 na sl\u00e1vu  Otcovi i Synovi v jednote s Duchom Sv\u00e4t\u00fdm, preto\u017ee m\u00e1me i my \u00fa\u010das\u0165 na sl\u00e1ve Syna. \u00da\u010das\u0165, na sl\u00e1ve Toho, ktor\u00fd ju mal pri Otcovi sk\u00f4r, ako svet povstal ! (v. 5) Tak to vyslovil vo svojej modlitbe: \u201cA sl\u00e1vu , ktor\u00fa si Ty dal mne,  ja som dal im , aby boli jedno, ako my jedno sme.\u201d ( v. 22) Preto sa dnes prip\u00e1jajme k t\u00fdm, ktor\u00ed na tejto zemi, alebo v nebesiach oslavuj\u00fa Syna i Otca v jednote s Duchom sv\u00e4t\u00fdm, v \u010dasnosti i v nebeskej sl\u00e1ve. Amen<\/p>\n<p>Kvetn\u00e1 nede\u013ea 2013 &#8211; Rovensko, Soboti\u0161te &#8211; \u013d.Batka st.<\/p>\n","protected":false},"excerpt":{"rendered":"<p>Bo\u017eia vakc\u00edna J\u00e1n 17, 1-5 a 22: \u201cKe\u010f to Je\u017ei\u0161 povedal, pozdvihol o\u010di k nebu a hovoril: Ot\u010de, pri\u0161la hodina; osl\u00e1v svojho Syna, aby syn osl\u00e1vil Teba, (2) ako si Mu dal moc nad v\u0161etk\u00fdmi \u013eu\u010fmi, aby im dal v\u0161etko, \u010do si Ty dal jemu, (toti\u017e) ve\u010dn\u00fd \u017eivot. (3) A to je ve\u010dn\u00fd \u017eivot, aby &#8230; <a title=\"Bo\u017eia vakc\u00edna\" class=\"read-more\" href=\"https:\/\/www.e-anjelik.sk\/index.php\/2013\/03\/25\/bozia-vakcina\/\" aria-label=\"Pre\u010d\u00edtajte si viac o Bo\u017eia vakc\u00edna\">\u010c\u00edta\u0165 viac<\/a><\/p>\n","protected":false},"author":4,"featured_media":0,"comment_status":"open","ping_status":"open","sticky":false,"template":"","format":"standard","meta":{"footnotes":""},"categories":[121,539,53,95],"tags":[192],"class_list":["post-5308","post","type-post","status-publish","format-standard","hentry","category-kazne","category-kvetna-nedela-palmarum","category-post","category-sobotiste","tag-kazen"],"_links":{"self":[{"href":"https:\/\/www.e-anjelik.sk\/index.php\/wp-json\/wp\/v2\/posts\/5308","targetHints":{"allow":["GET"]}}],"collection":[{"href":"https:\/\/www.e-anjelik.sk\/index.php\/wp-json\/wp\/v2\/posts"}],"about":[{"href":"https:\/\/www.e-anjelik.sk\/index.php\/wp-json\/wp\/v2\/types\/post"}],"author":[{"embeddable":true,"href":"https:\/\/www.e-anjelik.sk\/index.php\/wp-json\/wp\/v2\/users\/4"}],"replies":[{"embeddable":true,"href":"https:\/\/www.e-anjelik.sk\/index.php\/wp-json\/wp\/v2\/comments?post=5308"}],"version-history":[{"count":1,"href":"https:\/\/www.e-anjelik.sk\/index.php\/wp-json\/wp\/v2\/posts\/5308\/revisions"}],"predecessor-version":[{"id":34546,"href":"https:\/\/www.e-anjelik.sk\/index.php\/wp-json\/wp\/v2\/posts\/5308\/revisions\/34546"}],"wp:attachment":[{"href":"https:\/\/www.e-anjelik.sk\/index.php\/wp-json\/wp\/v2\/media?parent=5308"}],"wp:term":[{"taxonomy":"category","embeddable":true,"href":"https:\/\/www.e-anjelik.sk\/index.php\/wp-json\/wp\/v2\/categories?post=5308"},{"taxonomy":"post_tag","embeddable":true,"href":"https:\/\/www.e-anjelik.sk\/index.php\/wp-json\/wp\/v2\/tags?post=5308"}],"curies":[{"name":"wp","href":"https:\/\/api.w.org\/{rel}","templated":true}]}}