{"id":5309,"date":"2013-03-25T10:04:25","date_gmt":"2013-03-25T10:04:25","guid":{"rendered":"http:\/\/e-anjelik.sk\/?p=5309"},"modified":"2013-03-25T10:04:25","modified_gmt":"2013-03-25T10:04:25","slug":"postavia-novy-domov-lasky-pre-postihnutych","status":"publish","type":"post","link":"https:\/\/www.e-anjelik.sk\/index.php\/2013\/03\/25\/postavia-novy-domov-lasky-pre-postihnutych\/","title":{"rendered":"Postavia nov\u00fd domov l\u00e1sky pre postihnut\u00fdch"},"content":{"rendered":"<p>Evanjelick\u00e1 diakonia v Ma\u010farsku m\u00e1 po\u010detn\u00e9 domovy l\u00e1sky .Jedn\u00fdm z nich je aj Sarepta v Bud\u00edne. Poskytuj\u00fa tam opateru seniorom a postihnut\u00fdm. Nako\u013eko doteraj\u0161ie podmienky b\u00fdvania nezodpovedaj\u00fa predpisom, v apr\u00edli t.r.posv\u00e4tia nov\u00fd z\u00e1kladn\u00fd kame\u0148 pod stavbu 50 miestneho domova s jedno a dvojl\u00f4\u017ekov\u00fdmi izbami. Nov\u00e1 stavba bude prihliada\u0165 na prisp\u00f4sobenie okolit\u00e9mu ter\u00e9nu a \u0161etreniu energie t\u00fdm, \u017ee na streche bud\u00fa zriaden\u00e9 slne\u010dn\u00e9 kolektory.Vstup do budovy bude pris\u00f4soben\u00fd handikepovan\u00fdm klientom. Stavbu maj\u00fa odovzda\u0165 do u\u017e\u00edvania v roku 2014.<br \/>\n(www.evangelikus.hu)<\/p>\n","protected":false},"excerpt":{"rendered":"<p>Evanjelick\u00e1 diakonia v Ma\u010farsku m\u00e1 po\u010detn\u00e9 domovy l\u00e1sky .Jedn\u00fdm z nich je aj Sarepta v Bud\u00edne. Poskytuj\u00fa tam opateru seniorom a postihnut\u00fdm. Nako\u013eko doteraj\u0161ie podmienky b\u00fdvania nezodpovedaj\u00fa predpisom, v apr\u00edli t.r.posv\u00e4tia nov\u00fd z\u00e1kladn\u00fd kame\u0148 pod stavbu 50 miestneho domova s jedno a dvojl\u00f4\u017ekov\u00fdmi izbami. Nov\u00e1 stavba bude prihliada\u0165 na prisp\u00f4sobenie okolit\u00e9mu ter\u00e9nu a \u0161etreniu energie &#8230; <a title=\"Postavia nov\u00fd domov l\u00e1sky pre postihnut\u00fdch\" class=\"read-more\" href=\"https:\/\/www.e-anjelik.sk\/index.php\/2013\/03\/25\/postavia-novy-domov-lasky-pre-postihnutych\/\" aria-label=\"Pre\u010d\u00edtajte si viac o Postavia nov\u00fd domov l\u00e1sky pre postihnut\u00fdch\">\u010c\u00edta\u0165 viac<\/a><\/p>\n","protected":false},"author":22,"featured_media":0,"comment_status":"open","ping_status":"open","sticky":false,"template":"","format":"standard","meta":{"footnotes":""},"categories":[1],"tags":[221],"class_list":["post-5309","post","type-post","status-publish","format-standard","hentry","category-adventna-modlitba","tag-diakonia"],"_links":{"self":[{"href":"https:\/\/www.e-anjelik.sk\/index.php\/wp-json\/wp\/v2\/posts\/5309","targetHints":{"allow":["GET"]}}],"collection":[{"href":"https:\/\/www.e-anjelik.sk\/index.php\/wp-json\/wp\/v2\/posts"}],"about":[{"href":"https:\/\/www.e-anjelik.sk\/index.php\/wp-json\/wp\/v2\/types\/post"}],"author":[{"embeddable":true,"href":"https:\/\/www.e-anjelik.sk\/index.php\/wp-json\/wp\/v2\/users\/22"}],"replies":[{"embeddable":true,"href":"https:\/\/www.e-anjelik.sk\/index.php\/wp-json\/wp\/v2\/comments?post=5309"}],"version-history":[{"count":0,"href":"https:\/\/www.e-anjelik.sk\/index.php\/wp-json\/wp\/v2\/posts\/5309\/revisions"}],"wp:attachment":[{"href":"https:\/\/www.e-anjelik.sk\/index.php\/wp-json\/wp\/v2\/media?parent=5309"}],"wp:term":[{"taxonomy":"category","embeddable":true,"href":"https:\/\/www.e-anjelik.sk\/index.php\/wp-json\/wp\/v2\/categories?post=5309"},{"taxonomy":"post_tag","embeddable":true,"href":"https:\/\/www.e-anjelik.sk\/index.php\/wp-json\/wp\/v2\/tags?post=5309"}],"curies":[{"name":"wp","href":"https:\/\/api.w.org\/{rel}","templated":true}]}}