{"id":5311,"date":"2013-03-25T10:14:04","date_gmt":"2013-03-25T10:14:04","guid":{"rendered":"http:\/\/e-anjelik.sk\/?p=5311"},"modified":"2013-03-25T10:14:04","modified_gmt":"2013-03-25T10:14:04","slug":"3-modlitba-na-hrade-koburg","status":"publish","type":"post","link":"https:\/\/www.e-anjelik.sk\/index.php\/2013\/03\/25\/3-modlitba-na-hrade-koburg\/","title":{"rendered":"3. Modlitba na hrade Koburg"},"content":{"rendered":"<p>       Medzi t\u00fdmito dvomi \u201csmrte\u013en\u00fdmi modlitbami\u201d, stoj\u00ed zn\u00e1ma modlitba na hrade KOBURG, ktor\u00fa zachoval jeho famulus, Veit Dietrich: \u201cViem, \u017ee si na\u0161\u00edm Bohom a Otcom. Preto nepochybujem, \u017ee zahanb\u00ed\u0161 nepriate\u013eov svojich dietok. Ke\u010f to neurob\u00ed\u0161, tak je to nebezpe\u010denstvo pre Teba a pre n\u00e1s z\u00e1rove\u0148!\u201d<\/p>\n<p>       Sta\u010d\u00ed z pr\u00edkladov. Ke\u010f\u017ee aj u Luthera patrila modlitba do kom\u00f4rky, nezostal po \u0148om ve\u013ek\u00fd po\u010det modliieb. Ale vieme zo spr\u00e1v jeho priate\u013eov a z jeho vlastn\u00fdch svedectiev, \u017ee pre\u0148ho bolo celkom samozrejm\u00e9 a nepostr\u00e1date\u013en\u00e9 modli\u0165 sa.<br \/>\n       V liste p\u00edsanom z Wartburgu, ozna\u010duje ako po\u013eutovaniahodn\u00fd, v\u00fdnimo\u010dn\u00fd stav, \u017ee haten\u00fd telesn\u00fdm neduhom &#8211;  \u201cteraz u\u017e osem dn\u00ed nie je v stave p\u00edsa\u0165, \u0161tudova\u0165 a modli\u0165 sa\u201d.<\/p>\n<p>       Pr\u00e1ve jeho listy prezr\u00e1dzaj\u00fa, ak\u00fa nesmiernu v\u00e1hu kl\u00e1dol na modlitbu. Vari ani jedn\u00e9ho niet, ktor\u00fd by sa nekon\u010dil prosbou: \/ t\u00e1to sa stala u neho akousi \u017eivou formulkou\/ \u201c Modli sa za m\u0148a!\u201d<br \/>\n    Najkraj\u0161ie to vyjadril v liste p\u00edsanom  Malanchtonovi z Wartburgu:<br \/>\n\u201cModl\u00edm sa za Teba, ke\u010f &#8211; ako nepochybujem &#8211; moja modlitba je vstave nie\u010do dok\u00e1za\u0165. Rob i Ty tak za m\u0148a a budeme v\u017edy jeden druh\u00e9ho bremeno nies\u0165\u201d.<\/p>\n","protected":false},"excerpt":{"rendered":"<p>Medzi t\u00fdmito dvomi \u201csmrte\u013en\u00fdmi modlitbami\u201d, stoj\u00ed zn\u00e1ma modlitba na hrade KOBURG, ktor\u00fa zachoval jeho famulus, Veit Dietrich: \u201cViem, \u017ee si na\u0161\u00edm Bohom a Otcom. Preto nepochybujem, \u017ee zahanb\u00ed\u0161 nepriate\u013eov svojich dietok. Ke\u010f to neurob\u00ed\u0161, tak je to nebezpe\u010denstvo pre Teba a pre n\u00e1s z\u00e1rove\u0148!\u201d Sta\u010d\u00ed z pr\u00edkladov. Ke\u010f\u017ee aj u Luthera patrila modlitba do kom\u00f4rky, &#8230; <a title=\"3. Modlitba na hrade Koburg\" class=\"read-more\" href=\"https:\/\/www.e-anjelik.sk\/index.php\/2013\/03\/25\/3-modlitba-na-hrade-koburg\/\" aria-label=\"Pre\u010d\u00edtajte si viac o 3. Modlitba na hrade Koburg\">\u010c\u00edta\u0165 viac<\/a><\/p>\n","protected":false},"author":4,"featured_media":0,"comment_status":"open","ping_status":"open","sticky":false,"template":"","format":"standard","meta":{"footnotes":""},"categories":[1],"tags":[],"class_list":["post-5311","post","type-post","status-publish","format-standard","hentry","category-adventna-modlitba"],"_links":{"self":[{"href":"https:\/\/www.e-anjelik.sk\/index.php\/wp-json\/wp\/v2\/posts\/5311","targetHints":{"allow":["GET"]}}],"collection":[{"href":"https:\/\/www.e-anjelik.sk\/index.php\/wp-json\/wp\/v2\/posts"}],"about":[{"href":"https:\/\/www.e-anjelik.sk\/index.php\/wp-json\/wp\/v2\/types\/post"}],"author":[{"embeddable":true,"href":"https:\/\/www.e-anjelik.sk\/index.php\/wp-json\/wp\/v2\/users\/4"}],"replies":[{"embeddable":true,"href":"https:\/\/www.e-anjelik.sk\/index.php\/wp-json\/wp\/v2\/comments?post=5311"}],"version-history":[{"count":0,"href":"https:\/\/www.e-anjelik.sk\/index.php\/wp-json\/wp\/v2\/posts\/5311\/revisions"}],"wp:attachment":[{"href":"https:\/\/www.e-anjelik.sk\/index.php\/wp-json\/wp\/v2\/media?parent=5311"}],"wp:term":[{"taxonomy":"category","embeddable":true,"href":"https:\/\/www.e-anjelik.sk\/index.php\/wp-json\/wp\/v2\/categories?post=5311"},{"taxonomy":"post_tag","embeddable":true,"href":"https:\/\/www.e-anjelik.sk\/index.php\/wp-json\/wp\/v2\/tags?post=5311"}],"curies":[{"name":"wp","href":"https:\/\/api.w.org\/{rel}","templated":true}]}}