{"id":5328,"date":"2013-03-28T09:12:08","date_gmt":"2013-03-28T09:12:08","guid":{"rendered":"http:\/\/e-anjelik.sk\/?p=5328"},"modified":"2013-03-28T09:12:08","modified_gmt":"2013-03-28T09:12:08","slug":"ard-vysiela-na-velkonocny-pondelok-sb-z-klastora-loccum","status":"publish","type":"post","link":"https:\/\/www.e-anjelik.sk\/index.php\/2013\/03\/28\/ard-vysiela-na-velkonocny-pondelok-sb-z-klastora-loccum\/","title":{"rendered":"ARD vysiela na Ve\u013ekono\u010dn\u00fd pondelok SB z kl\u00e1\u0161tora Loccum"},"content":{"rendered":"<p>Na Ve\u013ekono\u010dn\u00fd pondelok 1. apr\u00edla t.r. bude Jednotka -ARD v Nemecku vysiela\u0165 sl\u00e1vnostn\u00e9 slu\u017eby Bo\u017eie z jubiluj\u00faceho kl\u00e1\u0161tora Loccum v Hannoversku. O jubileu sme u\u017e p\u00edsali inde. Na t\u00fdchto bohoslu\u017eb\u00e1ch bude k\u00e1za\u0165 krajinsk\u00fd biskup Hannoverskej krajinskej ev. lut. cirkvi Ralf Meister. Liturguj\u00fa op\u00e1t a prior kl\u00e1\u0161torn\u00e9ho konventu , emeritn\u00fd krajinsk\u00fd biskup Horst Hirschler a Arend de Vries, duchovn\u00fd viceprezident krajinsk\u00e9ho \u00faradu cirkvi. Na SB bud\u00fa \u00fa\u010dinkova\u0165 Komorn\u00fd zbor Hannoveru s dielami J.S. Bacha a Maurice Durufl\u00e9 a Dychov\u00e1 hudba  pozonistov Hannoveru. V hranej sc\u00e9nke medzi zakladate\u013eom r\u00e1du  cistercitov Bernhardom von Clairvauxom a reform\u00e1torom M. Lutherom bude re\u010d o v\u00ed\u0165azstve \u017eivota nad smr\u0165ou pri Ve\u013ekej noci. Slu\u017eby Bo\u017eie trvaj\u00fa od 10.00 do 11.00 hodiny.<br \/>\n(www.landeskirche-hannovers.de)<\/p>\n","protected":false},"excerpt":{"rendered":"<p>Na Ve\u013ekono\u010dn\u00fd pondelok 1. apr\u00edla t.r. bude Jednotka -ARD v Nemecku vysiela\u0165 sl\u00e1vnostn\u00e9 slu\u017eby Bo\u017eie z jubiluj\u00faceho kl\u00e1\u0161tora Loccum v Hannoversku. O jubileu sme u\u017e p\u00edsali inde. Na t\u00fdchto bohoslu\u017eb\u00e1ch bude k\u00e1za\u0165 krajinsk\u00fd biskup Hannoverskej krajinskej ev. lut. cirkvi Ralf Meister. Liturguj\u00fa op\u00e1t a prior kl\u00e1\u0161torn\u00e9ho konventu , emeritn\u00fd krajinsk\u00fd biskup Horst Hirschler a Arend &#8230; <a title=\"ARD vysiela na Ve\u013ekono\u010dn\u00fd pondelok SB z kl\u00e1\u0161tora Loccum\" class=\"read-more\" href=\"https:\/\/www.e-anjelik.sk\/index.php\/2013\/03\/28\/ard-vysiela-na-velkonocny-pondelok-sb-z-klastora-loccum\/\" aria-label=\"Pre\u010d\u00edtajte si viac o ARD vysiela na Ve\u013ekono\u010dn\u00fd pondelok SB z kl\u00e1\u0161tora Loccum\">\u010c\u00edta\u0165 viac<\/a><\/p>\n","protected":false},"author":22,"featured_media":0,"comment_status":"open","ping_status":"open","sticky":false,"template":"","format":"standard","meta":{"footnotes":""},"categories":[77],"tags":[249,242],"class_list":["post-5328","post","type-post","status-publish","format-standard","hentry","category-velka-noc","tag-bohosluzby","tag-slavnosti"],"_links":{"self":[{"href":"https:\/\/www.e-anjelik.sk\/index.php\/wp-json\/wp\/v2\/posts\/5328","targetHints":{"allow":["GET"]}}],"collection":[{"href":"https:\/\/www.e-anjelik.sk\/index.php\/wp-json\/wp\/v2\/posts"}],"about":[{"href":"https:\/\/www.e-anjelik.sk\/index.php\/wp-json\/wp\/v2\/types\/post"}],"author":[{"embeddable":true,"href":"https:\/\/www.e-anjelik.sk\/index.php\/wp-json\/wp\/v2\/users\/22"}],"replies":[{"embeddable":true,"href":"https:\/\/www.e-anjelik.sk\/index.php\/wp-json\/wp\/v2\/comments?post=5328"}],"version-history":[{"count":0,"href":"https:\/\/www.e-anjelik.sk\/index.php\/wp-json\/wp\/v2\/posts\/5328\/revisions"}],"wp:attachment":[{"href":"https:\/\/www.e-anjelik.sk\/index.php\/wp-json\/wp\/v2\/media?parent=5328"}],"wp:term":[{"taxonomy":"category","embeddable":true,"href":"https:\/\/www.e-anjelik.sk\/index.php\/wp-json\/wp\/v2\/categories?post=5328"},{"taxonomy":"post_tag","embeddable":true,"href":"https:\/\/www.e-anjelik.sk\/index.php\/wp-json\/wp\/v2\/tags?post=5328"}],"curies":[{"name":"wp","href":"https:\/\/api.w.org\/{rel}","templated":true}]}}