{"id":5332,"date":"2013-03-28T19:06:50","date_gmt":"2013-03-28T19:06:50","guid":{"rendered":"http:\/\/e-anjelik.sk\/?p=5332"},"modified":"2013-03-28T19:06:50","modified_gmt":"2013-03-28T19:06:50","slug":"o-hlava-ubolena-e-s-102","status":"publish","type":"post","link":"https:\/\/www.e-anjelik.sk\/index.php\/2013\/03\/28\/o-hlava-ubolena-e-s-102\/","title":{"rendered":"\u00d3 hlava ubolen\u00e1 (E.S. 102)"},"content":{"rendered":"<p><iframe loading=\"lazy\" title=\"Bach BWV 244-63 O Haupt voll Blut und Wunden\" width=\"1200\" height=\"675\" src=\"https:\/\/www.youtube.com\/embed\/k9yp-sVrOjo?feature=oembed\" frameborder=\"0\" allow=\"accelerometer; autoplay; clipboard-write; encrypted-media; gyroscope; picture-in-picture; web-share\" referrerpolicy=\"strict-origin-when-cross-origin\" allowfullscreen><\/iframe><br \/>\n1. \u00d3 Hlava ubolen\u00e1, ranami pokryt\u00e1<br \/>\na na posmech zdoben\u00e1, t\u0155\u0148ami obvit\u00e1,<br \/>\n\u00f3 Hlava, hodn\u00e1 \u00facty a venca in\u00e9ho;<br \/>\nbu\u010f slzou pozdraven\u00e1 aj od m\u0148a hrie\u0161neho! <\/p>\n<p>2. Ty pre m\u0148a \u0165a\u017eko trp\u00ed\u0161, m\u00f4j Pane Je\u017ei\u0161i,<br \/>\nna kr\u00ed\u017ei v muk\u00e1ch vis\u00ed\u0161, m\u00f4j Kr\u00e1\u013eu najvy\u0161\u0161\u00ed.<br \/>\nJa som si trest zasl\u00fa\u017eil moja je to vina,<br \/>\nja som ten kr\u00ed\u017e polo\u017eil na Bo\u017eieho Syna. <\/p>\n<p>3. Ja pri Tebe zostanem a pri Tvojom kr\u00ed\u017ei,<br \/>\na\u017e pomoci dostanem, ke\u010f sa hr\u00f4za bl\u00ed\u017ei,<br \/>\n\u010do ma aj smr\u0165 zachv\u00e1ti a skoncuje so mnou,<br \/>\nduch sa k Tebe navr\u00e1ti; zmiluj sa nado mnou! <\/p>\n<p>4. Zo srdca Ti \u010fakujem, m\u00f4j Priate\u013e najmil\u0161\u00ed,<br \/>\nza bolesti nesmierne a za smr\u0165 na kr\u00ed\u017ei,<br \/>\ndaj dok\u00e1za\u0165 mi vernos\u0165, i v\u010faku ka\u017ed\u00fd de\u0148,<br \/>\nza Tvoju ve\u013ek\u00fa milos\u0165, \u017ee v Tebe spo\u010diniem. <\/p>\n<p>5. Bu\u010f mi ochrancom, Kriste, ke\u010f pr\u00edde smrti de\u0148,<br \/>\nTvoj kr\u00ed\u017e spas\u00ed ma iste, ke\u010f o\u010di zastrie tie\u0148.<br \/>\nTak chcem na Teba h\u013eadie\u0165<br \/>\nvo viere nezlomnej, kto s Tebou \u017eije i mrie,<br \/>\nm\u00e1 ve\u010dn\u00e9 spasenie. <\/p>\n","protected":false},"excerpt":{"rendered":"<p>1. \u00d3 Hlava ubolen\u00e1, ranami pokryt\u00e1 a na posmech zdoben\u00e1, t\u0155\u0148ami obvit\u00e1, \u00f3 Hlava, hodn\u00e1 \u00facty a venca in\u00e9ho; bu\u010f slzou pozdraven\u00e1 aj od m\u0148a hrie\u0161neho! 2. Ty pre m\u0148a \u0165a\u017eko trp\u00ed\u0161, m\u00f4j Pane Je\u017ei\u0161i, na kr\u00ed\u017ei v muk\u00e1ch vis\u00ed\u0161, m\u00f4j Kr\u00e1\u013eu najvy\u0161\u0161\u00ed. Ja som si trest zasl\u00fa\u017eil moja je to vina, ja som ten &#8230; <a title=\"\u00d3 hlava ubolen\u00e1 (E.S. 102)\" class=\"read-more\" href=\"https:\/\/www.e-anjelik.sk\/index.php\/2013\/03\/28\/o-hlava-ubolena-e-s-102\/\" aria-label=\"Pre\u010d\u00edtajte si viac o \u00d3 hlava ubolen\u00e1 (E.S. 102)\">\u010c\u00edta\u0165 viac<\/a><\/p>\n","protected":false},"author":24,"featured_media":0,"comment_status":"open","ping_status":"open","sticky":false,"template":"","format":"standard","meta":{"footnotes":""},"categories":[24],"tags":[],"class_list":["post-5332","post","type-post","status-publish","format-standard","hentry","category-cirkevna-hudba"],"_links":{"self":[{"href":"https:\/\/www.e-anjelik.sk\/index.php\/wp-json\/wp\/v2\/posts\/5332","targetHints":{"allow":["GET"]}}],"collection":[{"href":"https:\/\/www.e-anjelik.sk\/index.php\/wp-json\/wp\/v2\/posts"}],"about":[{"href":"https:\/\/www.e-anjelik.sk\/index.php\/wp-json\/wp\/v2\/types\/post"}],"author":[{"embeddable":true,"href":"https:\/\/www.e-anjelik.sk\/index.php\/wp-json\/wp\/v2\/users\/24"}],"replies":[{"embeddable":true,"href":"https:\/\/www.e-anjelik.sk\/index.php\/wp-json\/wp\/v2\/comments?post=5332"}],"version-history":[{"count":0,"href":"https:\/\/www.e-anjelik.sk\/index.php\/wp-json\/wp\/v2\/posts\/5332\/revisions"}],"wp:attachment":[{"href":"https:\/\/www.e-anjelik.sk\/index.php\/wp-json\/wp\/v2\/media?parent=5332"}],"wp:term":[{"taxonomy":"category","embeddable":true,"href":"https:\/\/www.e-anjelik.sk\/index.php\/wp-json\/wp\/v2\/categories?post=5332"},{"taxonomy":"post_tag","embeddable":true,"href":"https:\/\/www.e-anjelik.sk\/index.php\/wp-json\/wp\/v2\/tags?post=5332"}],"curies":[{"name":"wp","href":"https:\/\/api.w.org\/{rel}","templated":true}]}}