{"id":5337,"date":"2013-03-31T08:07:10","date_gmt":"2013-03-31T08:07:10","guid":{"rendered":"http:\/\/e-anjelik.sk\/?p=5337"},"modified":"2013-03-31T08:07:10","modified_gmt":"2013-03-31T08:07:10","slug":"martin-razus-na-velku-noc","status":"publish","type":"post","link":"https:\/\/www.e-anjelik.sk\/index.php\/2013\/03\/31\/martin-razus-na-velku-noc\/","title":{"rendered":"Martin R\u00e1zus: NA VE\u013dK\u00da NOC"},"content":{"rendered":"<p>Martin R\u00e1zus:   Na Ve\u013ek\u00fa noc<\/p>\n<p>V\u00ed\u0165azn\u00fd Kriste, bu\u010f Ti ve\u010dn\u00e1 chv\u00e1la,<br \/>\nke\u010f tvoja sila aj smr\u0165 prevl\u00e1dala:<br \/>\nNede\u013ea svitla po velikom piatku,<br \/>\na men\u00ed hork\u00e9 slzy v n\u00e1dej sladk\u00fa!<br \/>\nI v na\u0161om srdci \u010dist\u00e1 rados\u0165 jas\u00e1,<br \/>\n\u017ees\u2019 vstal, &#8211; a zloba sveta utiahla sa,<br \/>\nto nalieva n\u00e1m sily k \u017eitia boju<br \/>\nza pravdu Tvoju a za vieru svoju.<\/p>\n<p>\u00d3, vzkriesen\u00fd n\u00e1\u0161 Pane, praj n\u00e1m k\u013eudu<br \/>\na \u017eehnaj svojmu \u013eudu,<br \/>\nu\u013eavuj chor\u00fdm, vylie\u010d neduh v\u0161ak\u00fd,<br \/>\nvysly\u0161 t\u00fdch, ktor\u00ed h\u013eadia nad oblaky,<br \/>\npo\u017eehnaj t\u00fdm, \u010do musali v kraj in\u00fd<br \/>\nza skyvou chleba &#8211; dia\u013e do cudziny,<br \/>\nudr\u017e ich v zdrav\u00ed, popraj \u0161\u0165astia v diele,<br \/>\nchr\u00e1\u0148 od \u00farazu na du\u0161i i tele!<br \/>\nDom\u00e1cich pote\u0161, &#8211; \u017ee ich prosbu \u010duje\u0161<br \/>\na na ich mil\u00fdch v svete pam\u00e4tuje\u0161!<br \/>\nPo\u017eehnaj biednym, Pane milostiv\u00fd,<br \/>\npo\u017eehnaj zemi, \u010do n\u00e1s v\u0161etk\u00fdch \u017eiv\u00ed,<br \/>\notvor n\u00e1m hojnos\u0165 \u0161tedroty t\u00fdm jarom&#8230;.!<br \/>\nPo\u017eehnaj v\u0161etk\u00fdm na\u0161im hospod\u00e1rom,<br \/>\notcom i matk\u00e1m, na nich staros\u0165 le\u017e\u00ed,<br \/>\nvzbu\u010f nov\u00fa, jasn\u00fa n\u00e1dej pri ml\u00e1de\u017ei,<br \/>\njak preb\u00edja sa v sade kvie\u0165a znova,<br \/>\nnech pu\u010d\u00ed v srdciach pravda Tvojho slova,<br \/>\na jaks\u2019 ten kame\u0148 zdvihol niekdy z hrobu,<br \/>\ndaj dietkam svojim do\u017ei\u0165 lep\u0161iu dobu,<br \/>\nnech v srdciach jasot Nedele tej vzplanie&#8230;<br \/>\nA po skon\u010den\u00ed \u017eitia &#8211; vzkries n\u00e1s, Pane !  Amen.<\/p>\n","protected":false},"excerpt":{"rendered":"<p>Martin R\u00e1zus: Na Ve\u013ek\u00fa noc V\u00ed\u0165azn\u00fd Kriste, bu\u010f Ti ve\u010dn\u00e1 chv\u00e1la, ke\u010f tvoja sila aj smr\u0165 prevl\u00e1dala: Nede\u013ea svitla po velikom piatku, a men\u00ed hork\u00e9 slzy v n\u00e1dej sladk\u00fa! I v na\u0161om srdci \u010dist\u00e1 rados\u0165 jas\u00e1, \u017ees\u2019 vstal, &#8211; a zloba sveta utiahla sa, to nalieva n\u00e1m sily k \u017eitia boju za pravdu Tvoju a &#8230; <a title=\"Martin R\u00e1zus: NA VE\u013dK\u00da NOC\" class=\"read-more\" href=\"https:\/\/www.e-anjelik.sk\/index.php\/2013\/03\/31\/martin-razus-na-velku-noc\/\" aria-label=\"Pre\u010d\u00edtajte si viac o Martin R\u00e1zus: NA VE\u013dK\u00da NOC\">\u010c\u00edta\u0165 viac<\/a><\/p>\n","protected":false},"author":4,"featured_media":0,"comment_status":"open","ping_status":"open","sticky":false,"template":"","format":"standard","meta":{"footnotes":""},"categories":[233,95,77],"tags":[],"class_list":["post-5337","post","type-post","status-publish","format-standard","hentry","category-modlitby","category-sobotiste","category-velka-noc"],"_links":{"self":[{"href":"https:\/\/www.e-anjelik.sk\/index.php\/wp-json\/wp\/v2\/posts\/5337","targetHints":{"allow":["GET"]}}],"collection":[{"href":"https:\/\/www.e-anjelik.sk\/index.php\/wp-json\/wp\/v2\/posts"}],"about":[{"href":"https:\/\/www.e-anjelik.sk\/index.php\/wp-json\/wp\/v2\/types\/post"}],"author":[{"embeddable":true,"href":"https:\/\/www.e-anjelik.sk\/index.php\/wp-json\/wp\/v2\/users\/4"}],"replies":[{"embeddable":true,"href":"https:\/\/www.e-anjelik.sk\/index.php\/wp-json\/wp\/v2\/comments?post=5337"}],"version-history":[{"count":0,"href":"https:\/\/www.e-anjelik.sk\/index.php\/wp-json\/wp\/v2\/posts\/5337\/revisions"}],"wp:attachment":[{"href":"https:\/\/www.e-anjelik.sk\/index.php\/wp-json\/wp\/v2\/media?parent=5337"}],"wp:term":[{"taxonomy":"category","embeddable":true,"href":"https:\/\/www.e-anjelik.sk\/index.php\/wp-json\/wp\/v2\/categories?post=5337"},{"taxonomy":"post_tag","embeddable":true,"href":"https:\/\/www.e-anjelik.sk\/index.php\/wp-json\/wp\/v2\/tags?post=5337"}],"curies":[{"name":"wp","href":"https:\/\/api.w.org\/{rel}","templated":true}]}}