{"id":5341,"date":"2013-04-02T07:31:12","date_gmt":"2013-04-02T07:31:12","guid":{"rendered":"http:\/\/e-anjelik.sk\/?p=5341"},"modified":"2013-04-02T07:31:12","modified_gmt":"2013-04-02T07:31:12","slug":"najvacsi-piatok-evanjelikov","status":"publish","type":"post","link":"https:\/\/www.e-anjelik.sk\/index.php\/2013\/04\/02\/najvacsi-piatok-evanjelikov\/","title":{"rendered":"Najv\u00e4\u010d\u0161\u00ed piatok evanjelikov"},"content":{"rendered":"<p>V najnov\u0161iom dvoj\u010d\u00edsle evanjelick\u00e9ho periodika asi \u00faradoval novin\u00e1rsky \u0161kriatok. A\u017e na dvoch miestach sa do\u010d\u00edtame o tom, \u017ee najv\u00e4\u010d\u0161\u00edm <em>sviatkom<\/em> evanjelikov je Ve\u013ek\u00fd piatok. Spr\u00e1vna verzia textu znie: (nie len) pre evanjelikov je Ve\u013ek\u00fd piatok najv\u00e4\u010d\u0161\u00edm <strong>piatkom<\/strong>.<\/p>\n<p>U\u017e sme si pomaly zvykli, \u017ee t\u00fato vetu rok \u010do rok opakuj\u00fa v celoplo\u0161n\u00fdch m\u00e9diach. Nasved\u010duj\u00fa tomu i ot\u00e1zky redaktora gen. biskupovi prvej report\u00e1\u017ee v piatkovom <a href=\"http:\/\/213.215.116.181:8001\/slovensko\/2013-03-29\/379-Radiozurnal_o_07_20min-07-00.mp3\">r\u00e1dio\u017eurn\u00e1le<\/a> o 7.00. Biskup sa sna\u017e\u00ed uvies\u0165 veci na prav\u00fa mieru: Ve\u013ek\u00fd piatok je jedna strana tej istej mince &#8211; toho ist\u00e9ho sviatku &#8211; Ve\u013ekej noci a nemo\u017eno ho oddelova\u0165 od Ve\u013ekono\u010dnej nedele.<\/p>\n<p>Toto neexistuj\u00face delenie na evanjelick\u00fd Ve\u013ek\u00fd piatok a &#8222;katol\u00edcku&#8220; Ve\u013ekono\u010dn\u00fa nede\u013eu je ned\u00f4stojn\u00e9, nespr\u00e1vne a nezmyseln\u00e9. V tomto bode panuje ekumenick\u00e1 jednota. D\u00fafam, \u017ee bud\u00faci rok, ke\u010f sa v\u0161etky cirkvi (vr\u00e1tane pravosl\u00e1vnej) bud\u00fa radova\u0165 zo vzkriesena v tom istom \u010dase, zasnie toto posolstvo pre svet e\u0161te jasnej\u0161ie. <\/p>\n<p>Faktom ale je, \u017ee n\u00e1\u0161tevnos\u0165 na bohoslu\u017eb\u00e1ch nasved\u010duje tomu, \u017ee v\u00e4\u010d\u0161ina evanjelikov d\u00e1va prednos\u0165 piatku pred nede\u013eou. Ak si mysl\u00edme, \u017ee \u00fa\u010das\u0165ou na &#8222;tr\u00fachloslu\u017eb\u00e1ch&#8220; prejavujeme pietu Bohu, plat\u00ed pre n\u00e1s: &#8222;Nepla\u010dte nado mnou. Ale nariekajte rad\u0161ej nad sebou a nad svojimi dietkami.&#8220; Boh nechce od n\u00e1s pietnu \u00factu, ale \u017eiv\u00fa vieru. T\u00e1 by \u0165a mala privies\u0165 k h\u013eadaniu vzkriesen\u00e9ho Krista aj na tret\u00ed de\u0148.<\/p>\n<p>A e\u0161te jedna pozn\u00e1mka k Ve\u010deri P\u00e1novej na Ve\u013ek\u00fd piatok. Zrejme neexistuje teologick\u00fd d\u00f4vod, pre\u010do nie. Probl\u00e9m ale je, \u017ee pri v\u00e4\u010d\u0161ine bohoslu\u017eobn\u00fdch pr\u00edle\u017eitost\u00ed sa neprisluhuje, ale na Ve\u013ek\u00fd piatok zrovna \u00e1no. A to v mnoh\u00fdch upev\u0148uje povedomie najv\u00e4\u010d\u0161ieho evanjelick\u00e9ho sviatku. Posunutie prisluhovanie VP na Ve\u013ekono\u010dn\u00fa nede\u013eu by o.i. bola v na\u0161ich zboroch v\u00fdborn\u00e1 katechetick\u00e1 prile\u017eitos\u0165.<\/p>\n","protected":false},"excerpt":{"rendered":"<p>V najnov\u0161iom dvoj\u010d\u00edsle evanjelick\u00e9ho periodika asi \u00faradoval novin\u00e1rsky \u0161kriatok. A\u017e na dvoch miestach sa do\u010d\u00edtame o tom, \u017ee najv\u00e4\u010d\u0161\u00edm sviatkom evanjelikov je Ve\u013ek\u00fd piatok. Spr\u00e1vna verzia textu znie: (nie len) pre evanjelikov je Ve\u013ek\u00fd piatok najv\u00e4\u010d\u0161\u00edm piatkom. U\u017e sme si pomaly zvykli, \u017ee t\u00fato vetu rok \u010do rok opakuj\u00fa v celoplo\u0161n\u00fdch m\u00e9diach. Nasved\u010duj\u00fa tomu i &#8230; <a title=\"Najv\u00e4\u010d\u0161\u00ed piatok evanjelikov\" class=\"read-more\" href=\"https:\/\/www.e-anjelik.sk\/index.php\/2013\/04\/02\/najvacsi-piatok-evanjelikov\/\" aria-label=\"Pre\u010d\u00edtajte si viac o Najv\u00e4\u010d\u0161\u00ed piatok evanjelikov\">\u010c\u00edta\u0165 viac<\/a><\/p>\n","protected":false},"author":19,"featured_media":0,"comment_status":"open","ping_status":"open","sticky":false,"template":"","format":"standard","meta":{"footnotes":""},"categories":[25,77],"tags":[],"class_list":["post-5341","post","type-post","status-publish","format-standard","hentry","category-liturgia","category-velka-noc"],"_links":{"self":[{"href":"https:\/\/www.e-anjelik.sk\/index.php\/wp-json\/wp\/v2\/posts\/5341","targetHints":{"allow":["GET"]}}],"collection":[{"href":"https:\/\/www.e-anjelik.sk\/index.php\/wp-json\/wp\/v2\/posts"}],"about":[{"href":"https:\/\/www.e-anjelik.sk\/index.php\/wp-json\/wp\/v2\/types\/post"}],"author":[{"embeddable":true,"href":"https:\/\/www.e-anjelik.sk\/index.php\/wp-json\/wp\/v2\/users\/19"}],"replies":[{"embeddable":true,"href":"https:\/\/www.e-anjelik.sk\/index.php\/wp-json\/wp\/v2\/comments?post=5341"}],"version-history":[{"count":0,"href":"https:\/\/www.e-anjelik.sk\/index.php\/wp-json\/wp\/v2\/posts\/5341\/revisions"}],"wp:attachment":[{"href":"https:\/\/www.e-anjelik.sk\/index.php\/wp-json\/wp\/v2\/media?parent=5341"}],"wp:term":[{"taxonomy":"category","embeddable":true,"href":"https:\/\/www.e-anjelik.sk\/index.php\/wp-json\/wp\/v2\/categories?post=5341"},{"taxonomy":"post_tag","embeddable":true,"href":"https:\/\/www.e-anjelik.sk\/index.php\/wp-json\/wp\/v2\/tags?post=5341"}],"curies":[{"name":"wp","href":"https:\/\/api.w.org\/{rel}","templated":true}]}}