{"id":5345,"date":"2013-04-03T13:14:22","date_gmt":"2013-04-03T13:14:22","guid":{"rendered":"http:\/\/e-anjelik.sk\/?p=5345"},"modified":"2022-04-25T14:25:51","modified_gmt":"2022-04-25T12:25:51","slug":"vezmite-jedzte","status":"publish","type":"post","link":"https:\/\/www.e-anjelik.sk\/index.php\/2013\/04\/03\/vezmite-jedzte\/","title":{"rendered":"Vezmite, jedzte!"},"content":{"rendered":"<p>                                                                Vezmite, jedzte!<br \/>\nVo ve\u010der b\u00f4\u013eu,<br \/>\nke\u010f t\u00ed\u0161ko sadli k stolu.<br \/>\ndvan\u00e1s\u0165 ich bolo &#8211; dvan\u00e1s\u0165,<br \/>\nTrin\u00e1sty zdal sa spomedzi nich nar\u00e1s\u0165<br \/>\nv o\u010diach so sm\u00fatkom osiral\u00fdch,<br \/>\nvzal chlieb a d\u00e1val&#8230; a vzal i kalich<br \/>\na \u017eehnal: &#8211; pite z neho v\u0161etci&#8230;<br \/>\nna odpustenie hriechov&#8230;<br \/>\nna moju pamiatku&#8230;  Amen<br \/>\n\/ M.R. &#8211; Kr\u00ed\u017e a kalich\/                   <\/p>\n<p>Mt 26, 31- 33 (35 b):<\/p>\n<p>\u201cVtedy im riekol Je\u017ei\u0161: Vy v\u0161etci sa pohor\u0161\u00edte na mne tejto noci, lebo je nap\u00edsan\u00e9: Budem bi\u0165 pastiera, a rozp\u0155chnu sa ovce st\u00e1da, (32) ale po svojim vzkriesen\u00ed pred\u00eddem v\u00e1s do Galiley. (33) Odpovedal Mu Peter: Ak sa v\u0161etci pohor\u0161ia na Tebe, ja sa nikdy nepohor\u0161\u00edm\u201d. &#8211; (35 b) Podobne hovorili aj v\u0161etci u\u010den\u00edci. Amen<\/p>\n<p>       Mil\u00ed bratia a sestry!<br \/>\n       Tak ako u\u010den\u00edkov, aj n\u00e1s dnes pozval a zhroma\u017edil Kristus P\u00e1n. Je iba m\u00e1lo tak v\u00fdznamn\u00fdch chv\u00ed\u013e a tak d\u00f4le\u017eit\u00fdch spomienok, ako ve\u010der Zelen\u00e9ho \u0161tvrtku. Zhroma\u017e\u010fuje n\u00e1s ako Bo\u017eiu rodinu. Sme de\u0165mi Bo\u017e\u00edmi od chv\u00edle Krstu sv\u00e4t\u00e9ho, ale sme deti &#8211; rozp\u0155chnut\u00e9, ako ovce st\u00e1da. (v.31 b)<br \/>\nV dne\u0161n\u00fd ve\u010der smieme po\u010du\u0165, \u017ee m\u00e1me Pastiera, ktor\u00fd n\u00e1s poz\u00fdva k svojmu stolu. Pri \u0148om si uvedomujeme ve\u013ekos\u0165 Kristovej l\u00e1sky a hodnotu Bo\u017eieho detinstva. Pripom\u00edname si pamiatku Jeho  zachra\u0148uj\u00facej obete, ke\u010f On, ako dobr\u00fd Pastier, svoj \u017eivot kladie za ovce. ( J 10, 11)<br \/>\n      Je\u017ei\u0161 vyslovil pozvanie u\u010den\u00edkom, aby sa zhroma\u017edili e\u0161te raz  pred Jeho smr\u0165ou k sl\u00e1vnostnej ve\u010deri, ktorou si pripom\u00ednali v n\u00e1rode ve\u013ek\u00fa Bo\u017eiu milos\u0165 a ve\u013ek\u00e9 skutky z\u00e1chrany .\u201cT\u00fa\u017eobne som si \u017eelal jes\u0165 s vami tohto ve\u013ekono\u010dn\u00e9ho bar\u00e1nka, prv, ako by som trpel\u201d. (Lk 22, 15) Po spolo\u010dnom sl\u00e1ven\u00ed hodu bar\u00e1nka a ustanoven\u00ed svojej Sv\u00e4tej ve\u010dere, na Olivom vrchu u\u010den\u00edkom povedal s ve\u013ek\u00fdm sm\u00fatkom svojho miluj\u00faceho srdca : \u201c Vy v\u0161etci sa pohor\u0161\u00edte na mne tejto noci, lebo je nap\u00edsan\u00e9:  Budem bi\u0165 pastiera a rozp\u0155chnu sa ovce st\u00e1da\u201d. <\/p>\n<p>      Ako je to dnes medzi nami, po dlhoro\u010dnom odstupe od t\u00fdchto udalost\u00ed poslednej ve\u010dere, udalost\u00ed na Olivovej hore a Golgote, mil\u00ed bratia a sestry? \u010co je t\u00fdm najvn\u00fatornej\u0161\u00edm d\u00f4vodom n\u00e1\u0161ho dne\u0161n\u00e9ho stretnutia?<br \/>\n      Ve\u013ekono\u010dn\u00e9ho bar\u00e1nka, ani sederov\u00fa ve\u010deru nejed\u00e1vame, ako robili a robia po st\u00e1ro\u010dia a tis\u00edcro\u010dia na\u0161i star\u0161\u00ed, \u017eidovsk\u00ed bratia a sestry. Seder je sl\u00e1vnostn\u00e1 a radostn\u00e1 ve\u010dera. (2 M 12, 1-21)) Je toti\u017e spomienkou na  ve\u013ek\u00fd Bo\u017e\u00ed \u010din a skutok. Je oslavou z\u00e1chrany \u013eudu SZ z domu otroctva,  spomiekou  na povolanie  k slobode.  Pripomenut\u00edm, \u017ee P\u00e1n Boh po\u010duje trpiaceho a d\u00e1va \u017eivot a d\u00f4stojnos\u0165 po\u0161liapan\u00e9mu. Je pripomenut\u00edm, \u017ee nikto nie je  Bohom zabudnut\u00fd, \u017ee ka\u017ed\u00fd je povolan\u00fd k \u017eivotu, v ktorom m\u00f4\u017ee \u010dlovek, i n\u00e1rod pozna\u0165 Bo\u017eiu v\u00f4\u013eu s nami.<br \/>\nBo\u017eia v\u00f4\u013ea a Bo\u017e\u00ed z\u00e1mer bol u\u017e pri stvoren\u00ed sveta  jasn\u00fd a zrozumite\u013en\u00fd. \u010clovek m\u00e1 vedie\u0165 a pam\u00e4ta\u0165 na to, \u017ee bol stvoren\u00fd pre P\u00e1na Boha, do radostn\u00e9ho spolo\u010denstva s Bohom. (1 M 2, 1-2) Preto, aby po\u010d\u00fal Bo\u017eie slovo a poznal Boha a aby mohol hovori\u0165 k Nemu a s N\u00edm.  <\/p>\n<p>      Ke\u010f P\u00e1n Je\u017ei\u0161 pozval u\u010den\u00edkom k spolo\u010dn\u00e9mu stolovaniu, chcel im pripomen\u00fa\u0165 tento Bo\u017e\u00ed z\u00e1mer, ktor\u00fd sa nezmenil.  Bo\u017eie pozvanie do spolo\u010denstva s P\u00e1nom Bohom Je\u017ei\u0161 odovzal verne, ako Bo\u017e\u00ed po\u0161t\u00e1r cel\u00e9mu Izraelu, i v\u0161etk\u00fdm rozpt\u00fdlen\u00edm Bo\u017e\u00edm de\u0165om. Cez tento \u013eud aj v\u0161etk\u00fdm ostatn\u00fdm \u013eu\u010fom a n\u00e1rodom. Hoci \u201cpri\u0161iel do svojho vlastn\u00e9ho, ale jeho vlasnt\u00ed ho neprijali\u201d.<\/p>\n<p>      Ak\u00fd je v\u0161ak ten testament, slovo Novej Zmluvy, ktor\u00fa Je\u017ei\u0161 priniesol a podp\u00edsal svojou vlastou krvou? Je tak\u00fd ist\u00fd, ako bol na po\u010diatku dej\u00edn. Bo\u017e\u00ed z\u00e1mer sa nezmenil. Znamen\u00e1 aj pre n\u00e1s toto: Smie\u0161 po\u010du\u0165 Bo\u017eie slovo, rozumie\u0165 Mu a m\u00f4\u017ee\u0161 Bo\u017eiu v\u00f4\u013eu uplatni\u0165  v spolo\u010denstve s t\u00fdmi, ktor\u00ed s\u00fa najbli\u017e\u0161\u00ed tvojmu srdcu. Bo\u017eia v\u00f4\u013ea a Bo\u017e\u00ed z\u00e1mer sa nezmenil, ale \u010dlovek sa men\u00ed. Pre\u010do vlastne?<br \/>\n      Pre\u010do po to\u013ek\u00fdch slov\u00e1ch a pozvaniach z Bo\u017eej strany, po to\u013ek\u00fdch  prejavoch Bo\u017eej l\u00e1sky musel Je\u017ei\u0161 \u00eds\u0165 na kr\u00ed\u017e a aj svojim najbli\u017e\u0161\u00edm adresova\u0165 smutn\u00e9 kon\u0161tatovanie: \u201cVy v\u0161etci sa pohor\u0161\u00edte &#8211; a rozp\u0155chnete sa &#8211; ako ovce st\u00e1da\u201d&#8230;?<\/p>\n<p>        Dnes si uvedomujeme nanovo aj na\u0161e \u010dast\u00e9 opustenie Bo\u017eieho slova a spolo\u010denstva s P\u00e1nom Bohom. Mnoh\u00ed ho podcenili nato\u013eko, \u017ee sa ho vzdali a vzd\u00e1vaj\u00fa pre p\u00fahych \u201c30 strieborn\u00fdch\u201d&#8230;<br \/>\n A ak\u00e9 s\u00fa d\u00f4vody na\u0161ej roztratenosti, na\u0161ej neochoty by\u0165 a \u017ei\u0165 s Bohom a s bl\u00ed\u017enymi, ako s bratmi a sestrami ?<br \/>\n       Na\u0161e cesty a zlyhania lep\u0161ie vid\u00edme na in\u00fdch, ako sami na sebe. Vid\u00edme, \u017ee u\u010den\u00edci: seba precennili, ale Bo\u017eiu milos\u0165 a l\u00e1sku podcenili. Preto n\u00e1s<br \/>\n                          Zelen\u00fd \u0161tvrtok oslovuje:<\/p>\n<p>&#8211; svoju l\u00e1sku neprece\u0148ujme<br \/>\n&#8211; spolo\u010denstvo s Kristom nepodce\u0148ujme<br \/>\nza Bo\u017eiu milos\u0165 v\u017edy a v\u0161ade v\u010faku vzd\u00e1vajme.<\/p>\n<p>                Bratia  a sestry v P\u00e1novi Je\u017ei\u0161ovi Kristovi!<\/p>\n<p>     V Krste sv\u00e4tom sme sa stali Bo\u017e\u00edmi de\u0165mi. Uvedomujeme si, \u017ee sme boli prijat\u00ed s l\u00e1skou nielen na\u0161imi rodi\u010dmi, na\u0161imi rodinami, ale aj P\u00e1nom Bohom, skrze Krista. Mnoho kr\u00e1t sme vyslovili s\u013eub, \u017ee budme Krista P\u00e1na nasleodva\u0165, \u017ee budeme \u017ei\u0165 v Jeho l\u00e1ske, chodi\u0165 v novote \u017eivota, \u017ee budeme plni\u0165 Bo\u017eiu v\u00f4\u013eu a dok\u00e1\u017eeme sa vern\u00fdmi kres\u0165anmi &#8211; evanjelikmi.<\/p>\n<p>       Aj Peter a ostatn\u00ed u\u010den\u00edci ve\u013ea prijali a dostali od Je\u017ei\u0161a. A sami mnoho a v\u0161eli\u010do opustili, ako o tom Peter a ostatn\u00ed vydali svedectvo. V spolo\u010denstve s P\u00e1nom sa c\u00edtili dobre a uvedomovali si, \u017ee jedine On je cesta k Bohu, plnos\u0165 pravdy a Ten, ktor\u00fd prin\u00e1\u0161a n\u00e1dej ve\u010dn\u00e9ho \u017eivota. Po v\u0161etkom, \u010do pre\u017eili, predsa vid\u00edme, ako Peter i ostatn\u00ed precenili seba. Precenili svoju silu a odhodlanie zotrva\u0165 pri Kristovi. Predstavu, \u017ee to sami dok\u00e1\u017eu a v ich srdciach je to\u013eko l\u00e1sky, \u017ee v\u0161ekto prekonaj\u00fa! <\/p>\n<p>     \u201cAk sa v\u0161etci pohor\u0161ia na Tebe, ja sa nikdy nepohor\u0161\u00edm\u201d.( v.33)To s\u00fa slov\u00e1 Petrove &#8211; a mo\u017eno aj na\u0161e. Nie je to pr\u00edjemn\u00e9 zistenie, ak predsa c\u00edtime, \u017ee na\u0161a l\u00e1ska a vernos\u0165 nie je dokonal\u00e1. Ani l\u00e1ska k P\u00e1nu Bohu, ani l\u00e1ska a vernos\u0165 k Je\u017ei\u0161ovi, ako P\u00e1novi, ani na\u0161e s\u013euby a predsavzatia viac sa modli\u0165, viac chodi\u0165 do chr\u00e1mu, viac \u010d\u00edta\u0165 a po\u010d\u00fava\u0165 Bo\u017eie slovo viac milova\u0165 na\u0161ich bl\u00ed\u017enych!<br \/>\n       Vid\u00edme to pri in\u00fdch, vid\u00edme to aj v na\u0161ich vlastn\u00fdch man\u017eelstv\u00e1ch, rodin\u00e1ch a vz\u0165ahoch, \u017ee dokonca ani l\u00e1ska k na\u0161im najbli\u017e\u0161\u00edm nie je dokonalou a trvalou skuto\u010dnos\u0165ou. Vid\u00edme a pozn\u00e1vame, ako pr\u00e1ve v prejavoch l\u00e1sky, slu\u017eby a vernosti k najbli\u017e\u0161\u00edm zlyh\u00e1vame. <\/p>\n<p>       Ak spozn\u00e1me aj my, \u017ee niekedy na\u0161e predsavzatia, na\u0161u l\u00e1sku prece\u0148ujeme, m\u00e1me iba dve mo\u017enosti: Bu\u010f sa zahanb\u00edme, predes\u00edme a v strachu sa od Krista odvr\u00e1time, opus\u00edme Ho ako Jud\u00e1\u0161 I\u0161kariotsk\u00fd. Zapochybujeme o jeho l\u00e1ske a zas\u013e\u00fabeniach a od\u00eddeme.<br \/>\n       Alebo, a to je druh\u00e1 mo\u017enos\u0165: pr\u00edjmeme Kristov poh\u013ead na seba, tak ako Peter, hoci to nebolo bez s\u013az. Ale naplnilo sa Je\u017ei\u0161ovo uistenie, \u017ee On je a zost\u00e1va na\u0161\u00edm pr\u00edmluvcom u Otca nebesk\u00e9ho. Vtedy op\u00e4\u0165 pr\u00eddeme k Jeho stolu, a pr\u00edjmeme z Jeho r\u00fak prav\u00fd pokrm. Jeho telo a krv, ktor\u00fdm n\u00e1s chce s\u00fdti\u0165 tak, \u017ee n\u00e1m odp\u00fa\u0161\u0165a hriechy a d\u00e1va nov\u00fa silu a n\u00e1dej.<br \/>\n        Preto, bratia a sestry, neprece\u0148ujme seba, na\u0161e slov\u00e1, skutky a na\u0161u l\u00e1sku!<\/p>\n<p>       Na druhej strane, nepodce\u0148ujme l\u00e1sku Bo\u017eiu, ktor\u00e1 je v Kristu Je\u017ei\u0161i, P\u00e1novi na\u0161om! Je\u017ei\u0161 tak, ako u\u010den\u00edkov po svojom vzkriesen\u00ed predi\u0161iel do Galiley, predch\u00e1dza aj n\u00e1s vo v\u0161etkom!  Stretnutie s N\u00edm, ukri\u017eovan\u00fdm, ale aj vzkriesen\u00fdm P\u00e1nom znamen\u00e1 to, \u017ee smieme z Jeho mocnej l\u00e1sky \u201cdobi\u0165 akumul\u00e1tory na\u0161ej l\u00e1sky\u201d a z nej \u017ei\u0165!  \u017di\u0165 z Bo\u017eej milosti, ktor\u00e1 jedin\u00e1 je dokonal\u00e1, a naplno sa n\u00e1m d\u00e1va k dispoz\u00edcii. <\/p>\n<p>     Bratia  a sestry!<br \/>\n     Za Bo\u017eiu milos\u0165 a l\u00e1sku v\u017edy nanovo \u010fakujeme a dobrore\u010dme. Nie je to l\u00e1ska bezmocn\u00e1, lebo je mocnej\u0161ia ako smr\u0165!  Nie je lacn\u00e1, lebo je dok\u00e1zan\u00e1 drahou krvou nevinn\u00e9ho Bar\u00e1nka Bo\u017eieho! Ve\u013emi draho sme boli k\u00fapen\u00ed, aby sme boli vytrhnut\u00ed z moci hriechu, sveta i poku\u0161ite\u013ea, ale aj z moci ka\u017edej p\u00fdchy a sebal\u00e1sky.<br \/>\n      Filozof a u\u010denec Blaise Pascal, pred vy\u0161e 250 rokmi dlho h\u013eadal cestu k P\u00e1nu B\u00f3hu a spolo\u010denstvo s N\u00edm. Ke\u010f zomrel, na\u0161li v jeho veste, v pod\u0161\u00edvke za\u0161it\u00fa jeho v\u00fdpove\u010f, \u017ee napokon t\u00fato cestu na\u0161iel.  Z jeho svedectva sa m\u00f4\u017eeme aj my dnes pou\u010di\u0165:<br \/>\n\u201cAk pozn\u00e1me Boha bez toho, aby sme poznali svoju biedu,<br \/>\n dospejeme k p\u00fdche.<br \/>\n Ak pozn\u00e1me svoju biedu bez toho, aby sme poznali Boha, d\u00f4jdeme  k z\u00fafalstvu.<br \/>\nAk pozn\u00e1me Krista, pr\u00eddeme do stredu, v ktorom m\u00f4\u017eeme n\u00e1js\u0165 i Boha i svoju biedu.\u201d  <\/p>\n<p>      Mil\u00ed bratia a sestry!<br \/>\n      Dajme sa dnes nanovo pozva\u0165 Bo\u017e\u00edm Synom, na\u0161\u00edm P\u00e1nom Je\u017ei\u0161om Kristom k Jeho stolu, aby n\u00e1s nas\u00fdtil prav\u00fdm pokrmom. Aby sme prijali odpustenie hriechov pre Jeho z\u00e1sluhy a aby n\u00e1m dal nov\u00fd d\u00f4vod chv\u00e1li\u0165 Boha!  Aby sme dobrore\u010dili Jeho sv\u00e4t\u00e9mu menu dnes, zajtra i naveky, spolu so v\u0161etk\u00fdmi, ktor\u00ed neprecenili a neprece\u0148uj\u00fa seba a svoju l\u00e1sku. So v\u0161etk\u00fdmi, ktor\u00ed nepodce\u0148uj\u00fa l\u00e1sku n\u00e1\u0161ho Spasite\u013ea, dok\u00e1zan\u00fa sv\u00e4tou, \u010distou obetou za n\u00e1s a na\u0161e hriechy. \u010eakujme a dobrore\u010dme Mu aj dnes so v\u0161etk\u00fdmi, ktor\u00ed prich\u00e1dzaj\u00fa  k Nemu s t\u00fa\u017ebou po odpusten\u00ed hriechov a novote \u017eivota v na\u0161ich vz\u0165ahoch. Ktor\u00ed chc\u00fa by\u0165 s N\u00edm pri Jeho \u010dasnom i ve\u010dnom stole v nebesiach. Pr\u00edjmime spolo\u010denstve l\u00e1sky Otca, Syna a Ducha Sv\u00e4t\u00e9ho, dnes i naveky vekov! Amen.<\/p>\n<p>                                       Zelen\u00fd \u0161tvrtok 2013 &#8211;  SLB s VP &#8211; Soboti\u0161te &#8211; \u013d.Batka st. <\/p>\n","protected":false},"excerpt":{"rendered":"<p>Vezmite, jedzte! Vo ve\u010der b\u00f4\u013eu, ke\u010f t\u00ed\u0161ko sadli k stolu. dvan\u00e1s\u0165 ich bolo &#8211; dvan\u00e1s\u0165, Trin\u00e1sty zdal sa spomedzi nich nar\u00e1s\u0165 v o\u010diach so sm\u00fatkom osiral\u00fdch, vzal chlieb a d\u00e1val&#8230; a vzal i kalich a \u017eehnal: &#8211; pite z neho v\u0161etci&#8230; na odpustenie hriechov&#8230; na moju pamiatku&#8230; Amen \/ M.R. &#8211; Kr\u00ed\u017e a kalich\/ Mt &#8230; <a title=\"Vezmite, jedzte!\" class=\"read-more\" href=\"https:\/\/www.e-anjelik.sk\/index.php\/2013\/04\/03\/vezmite-jedzte\/\" aria-label=\"Pre\u010d\u00edtajte si viac o Vezmite, jedzte!\">\u010c\u00edta\u0165 viac<\/a><\/p>\n","protected":false},"author":4,"featured_media":0,"comment_status":"open","ping_status":"open","sticky":false,"template":"","format":"standard","meta":{"footnotes":""},"categories":[95,541],"tags":[207],"class_list":["post-5345","post","type-post","status-publish","format-standard","hentry","category-sobotiste","category-zeleny-stvrtok-post","tag-vecera-panova"],"_links":{"self":[{"href":"https:\/\/www.e-anjelik.sk\/index.php\/wp-json\/wp\/v2\/posts\/5345","targetHints":{"allow":["GET"]}}],"collection":[{"href":"https:\/\/www.e-anjelik.sk\/index.php\/wp-json\/wp\/v2\/posts"}],"about":[{"href":"https:\/\/www.e-anjelik.sk\/index.php\/wp-json\/wp\/v2\/types\/post"}],"author":[{"embeddable":true,"href":"https:\/\/www.e-anjelik.sk\/index.php\/wp-json\/wp\/v2\/users\/4"}],"replies":[{"embeddable":true,"href":"https:\/\/www.e-anjelik.sk\/index.php\/wp-json\/wp\/v2\/comments?post=5345"}],"version-history":[{"count":1,"href":"https:\/\/www.e-anjelik.sk\/index.php\/wp-json\/wp\/v2\/posts\/5345\/revisions"}],"predecessor-version":[{"id":32385,"href":"https:\/\/www.e-anjelik.sk\/index.php\/wp-json\/wp\/v2\/posts\/5345\/revisions\/32385"}],"wp:attachment":[{"href":"https:\/\/www.e-anjelik.sk\/index.php\/wp-json\/wp\/v2\/media?parent=5345"}],"wp:term":[{"taxonomy":"category","embeddable":true,"href":"https:\/\/www.e-anjelik.sk\/index.php\/wp-json\/wp\/v2\/categories?post=5345"},{"taxonomy":"post_tag","embeddable":true,"href":"https:\/\/www.e-anjelik.sk\/index.php\/wp-json\/wp\/v2\/tags?post=5345"}],"curies":[{"name":"wp","href":"https:\/\/api.w.org\/{rel}","templated":true}]}}