{"id":5362,"date":"2013-04-12T12:44:55","date_gmt":"2013-04-12T12:44:55","guid":{"rendered":"http:\/\/e-anjelik.sk\/?p=5362"},"modified":"2025-07-18T17:48:50","modified_gmt":"2025-07-18T15:48:50","slug":"vsetko-ma-svoj-cas-kaz-31","status":"publish","type":"post","link":"https:\/\/www.e-anjelik.sk\/index.php\/2013\/04\/12\/vsetko-ma-svoj-cas-kaz-31\/","title":{"rendered":"V\u0161etko m\u00e1 svoj \u010das (Kaz. 3,1)"},"content":{"rendered":"\n<p>M\u00fadry \u0160alam\u00fan bol nap\u00edsal: V\u0161etko m\u00e1 svoj \u010das. A tak aj m\u00f4j \u010das odchodu z postu dobrovo\u013en\u00edka -redaktora na www.evanjelik.sk pri\u0161iel. Dne\u0161n\u00fdm d\u0148om ukon\u010dujem t\u00fato mne mil\u00fa pr\u00e1cu a \u010fakujem P\u00e1nu Bohu za Jeho doteraj\u0161iu pomoc, po\u017eehnanie a vedenie. Svoje hrivny &#8211; znalosti jazykov som nezakopal, ale vyu\u017eil pre dobro nielen evanjelikov, ale v\u0161etk\u00fdch, ktor\u00ed \u010d\u00edtali na\u0161u str\u00e1nku. \u017dia\u013e, bolo mi smutno z toho po\u010dtu denn\u00fdch n\u00e1v\u0161tevn\u00edkov. Ak si to prepo\u010d\u00edtame na percento, vyjde n\u00e1m ve\u013emi sk\u00fapa \u010d\u00edslica. A to, pros\u00edm neboli len evanjelici zo Slovenska, ale aj neevanjelici a Neslov\u00e1ci. V\u0161etk\u00fdm V\u00e1m vern\u00fdm a pravideln\u00fdm n\u00e1v\u0161tevn\u00edkom srde\u010dn\u00e1 v\u010faka. T\u00e1 sp\u00e4tn\u00e1 v\u00e4zba mohla by\u0165 aj lep\u0161ia. Bolo ve\u013emi m\u00e1lo odoziev na spr\u00e1vy. Pritom som vyberal aj tak\u00e9, aby oslovili, podnecovali, ba aj provokovali. Mal som t\u00fa pr\u00e1cu r\u00e1d. Denne som jej v priemere venoval \u0161tyri hodiny, \u010dastokr\u00e1t sie\u0165 bola pr\u00e1zdna- vhodn\u00fdch spr\u00e1v nebolo. Port\u00e1li cirkv\u00ed s\u00edce spr\u00e1vy maj\u00fa, ale s\u00fa to ich lok\u00e1lne, miestne, pre na\u0161u potrebu nehodiace sa. Mo\u017eno budete zvedav\u00ed, ktor\u00fd port\u00e1l ECAV vo svete bol najlep\u0161\u00ed. A to nielen po form\u00e1lnej, ale aj obsahovej str\u00e1nke a hlavne publikovan\u00edm \u010derstv\u00fdch spr\u00e1v. T\u00fdm port\u00e1lom bol evangelikus.hu. Ve\u013ea nov\u00fdch spr\u00e1v a ka\u017ed\u00fd de\u0148. Je zauj\u00edmav\u00e9, \u017ee ofici\u00e1lne str\u00e1nky t\u00fdch najv\u00e4\u010d\u0161\u00edch lut. cirkv\u00ed (n\u00f3rskej, \u0161v\u00e9dskej, d\u00e1nskej, ELCA) boli najmenej akt\u00edvne. Osobitn\u00fa z\u00e1\u013eubu som mal aj v prin\u00e1\u0161an\u00ed inform\u00e1cii z lut. cirkv\u00ed b\u00fdval\u00e9ho Sov. zv\u00e4zu. Mnoh\u00e9 z nich o\u017eili a kreovali sa a\u017e po padnut\u00ed komunizmu. Preto ma te\u0161il ka\u017ed\u00fd nov\u00fd prejav \u017eivota v zboroch. Podobne som sa sna\u017eil prin\u00e1\u0161a\u0165 aj inform\u00e1cie zo zdrojov neofici\u00e1lnych cirkv\u00ed, lebo slovensk\u00fd \u010ditate\u013e by sa to inak nedozvedel.<br> Koncom tohto mesiaca odch\u00e1dzam na &#8222;posledn\u00fa \u0161t\u00e1ciu&#8220; m\u00f4jho \u017eivotn\u00e9ho putovania &#8211; do zariadenia pre seniorov. \u017dia\u013e, tam nie s\u00fa vhodn\u00e9 technick\u00e9, ale ani finan\u010dn\u00e9 podmienky, pre pokra\u010dovanie v mojej pr\u00e1ci redaktora. Preto kon\u010d\u00edm. Nech P\u00e1n \u010falej sprev\u00e1dza svojou milos\u0165ou na\u0161u cirkev, jej vern\u00fdch pracovn\u00edkov i \u010ditate\u013eov a spolupracovn\u00edkov evanjelika!<\/p>\n","protected":false},"excerpt":{"rendered":"<p>M\u00fadry \u0160alam\u00fan bol nap\u00edsal: V\u0161etko m\u00e1 svoj \u010das. A tak aj m\u00f4j \u010das odchodu z postu dobrovo\u013en\u00edka -redaktora na www.evanjelik.sk pri\u0161iel. Dne\u0161n\u00fdm d\u0148om ukon\u010dujem t\u00fato mne mil\u00fa pr\u00e1cu a \u010fakujem P\u00e1nu Bohu za Jeho doteraj\u0161iu pomoc, po\u017eehnanie a vedenie. Svoje hrivny &#8211; znalosti jazykov som nezakopal, ale vyu\u017eil pre dobro nielen evanjelikov, ale v\u0161etk\u00fdch, ktor\u00ed &#8230; <a title=\"V\u0161etko m\u00e1 svoj \u010das (Kaz. 3,1)\" class=\"read-more\" href=\"https:\/\/www.e-anjelik.sk\/index.php\/2013\/04\/12\/vsetko-ma-svoj-cas-kaz-31\/\" aria-label=\"Pre\u010d\u00edtajte si viac o V\u0161etko m\u00e1 svoj \u010das (Kaz. 3,1)\">\u010c\u00edta\u0165 viac<\/a><\/p>\n","protected":false},"author":22,"featured_media":0,"comment_status":"open","ping_status":"open","sticky":false,"template":"","format":"standard","meta":{"footnotes":""},"categories":[1],"tags":[271],"class_list":["post-5362","post","type-post","status-publish","format-standard","hentry","category-adventna-modlitba","tag-o-tejto-stranke-3"],"_links":{"self":[{"href":"https:\/\/www.e-anjelik.sk\/index.php\/wp-json\/wp\/v2\/posts\/5362","targetHints":{"allow":["GET"]}}],"collection":[{"href":"https:\/\/www.e-anjelik.sk\/index.php\/wp-json\/wp\/v2\/posts"}],"about":[{"href":"https:\/\/www.e-anjelik.sk\/index.php\/wp-json\/wp\/v2\/types\/post"}],"author":[{"embeddable":true,"href":"https:\/\/www.e-anjelik.sk\/index.php\/wp-json\/wp\/v2\/users\/22"}],"replies":[{"embeddable":true,"href":"https:\/\/www.e-anjelik.sk\/index.php\/wp-json\/wp\/v2\/comments?post=5362"}],"version-history":[{"count":2,"href":"https:\/\/www.e-anjelik.sk\/index.php\/wp-json\/wp\/v2\/posts\/5362\/revisions"}],"predecessor-version":[{"id":38188,"href":"https:\/\/www.e-anjelik.sk\/index.php\/wp-json\/wp\/v2\/posts\/5362\/revisions\/38188"}],"wp:attachment":[{"href":"https:\/\/www.e-anjelik.sk\/index.php\/wp-json\/wp\/v2\/media?parent=5362"}],"wp:term":[{"taxonomy":"category","embeddable":true,"href":"https:\/\/www.e-anjelik.sk\/index.php\/wp-json\/wp\/v2\/categories?post=5362"},{"taxonomy":"post_tag","embeddable":true,"href":"https:\/\/www.e-anjelik.sk\/index.php\/wp-json\/wp\/v2\/tags?post=5362"}],"curies":[{"name":"wp","href":"https:\/\/api.w.org\/{rel}","templated":true}]}}