{"id":5404,"date":"2013-05-22T15:09:51","date_gmt":"2013-05-22T15:09:51","guid":{"rendered":"http:\/\/e-anjelik.sk\/?p=5404"},"modified":"2013-05-22T15:09:51","modified_gmt":"2013-05-22T15:09:51","slug":"volba-seniora-mys","status":"publish","type":"post","link":"https:\/\/www.e-anjelik.sk\/index.php\/2013\/05\/22\/volba-seniora-mys\/","title":{"rendered":"Vo\u013eba seniora MyS"},"content":{"rendered":"<p>              Presbyterstvo Myjavsk\u00e9ho senior\u00e1tu, pod\u013ea Cirkevn\u00e9ho z\u00e1kona 11\/ 1994 , o cirkevn\u00fdch predstavite\u013eoch a ich vo\u013eb\u00e1ch, pod\u013ea \u00a7 28. ods.1 , sa na svojm zaadnut\u00ed 8.m\u00e1ja 2013 uznieslo vyhl\u00e1si\u0165 vo\u013eby na funkciu seniora MyS.<\/p>\n<p>               Kandid\u00e1tmi s\u00fa :<br \/>\n Mgr.Miroslav Hvo\u017e\u010fara PhD,<br \/>\n Mgr. Samuel Mi\u0161iak PhD a<br \/>\n Mgr. Juraj \u0160ef\u010d\u00edk.<\/p>\n<p>     Term\u00edny k volebn\u00fdm konventom s\u00fa nasledovn\u00e9: 26.m\u00e1j, alebo 2.j\u00fan. Konvent je potrebn\u00e9 vyhl\u00e1si\u0165 najmenej t\u00fd\u017ede\u0148 vopred.<br \/>\nSP sa \u010falej uznieslo, v pr\u00edpade, \u017ee v prvom kole ani jeden z kandid\u00e1tov nez\u00edska nadpolovi\u010dn\u00fa v\u00e4\u010d\u0161inu hlasov, druh\u00e9 kolo volebn\u00fdch konventov, medzi dvomi kandid\u00e1tmi s v\u00e4\u010d\u0161\u00edm po\u010dtom hlasov by sa uskuto\u010dnilo v nedele 23. j\u00fana , pr\u00edpadne 30.j\u00fana. <\/p>\n<p>                         \u0160tefan Ru\u017ei\u010dka, dozorca MyS<br \/>\n                         Mgr.Juraj \u0160ef\u010d\u00edk, senior MyS<\/p>\n","protected":false},"excerpt":{"rendered":"<p>Presbyterstvo Myjavsk\u00e9ho senior\u00e1tu, pod\u013ea Cirkevn\u00e9ho z\u00e1kona 11\/ 1994 , o cirkevn\u00fdch predstavite\u013eoch a ich vo\u013eb\u00e1ch, pod\u013ea \u00a7 28. ods.1 , sa na svojm zaadnut\u00ed 8.m\u00e1ja 2013 uznieslo vyhl\u00e1si\u0165 vo\u013eby na funkciu seniora MyS. Kandid\u00e1tmi s\u00fa : Mgr.Miroslav Hvo\u017e\u010fara PhD, Mgr. Samuel Mi\u0161iak PhD a Mgr. Juraj \u0160ef\u010d\u00edk. Term\u00edny k volebn\u00fdm konventom s\u00fa nasledovn\u00e9: 26.m\u00e1j, alebo &#8230; <a title=\"Vo\u013eba seniora MyS\" class=\"read-more\" href=\"https:\/\/www.e-anjelik.sk\/index.php\/2013\/05\/22\/volba-seniora-mys\/\" aria-label=\"Pre\u010d\u00edtajte si viac o Vo\u013eba seniora MyS\">\u010c\u00edta\u0165 viac<\/a><\/p>\n","protected":false},"author":4,"featured_media":0,"comment_status":"open","ping_status":"open","sticky":false,"template":"","format":"standard","meta":{"footnotes":""},"categories":[158],"tags":[],"class_list":["post-5404","post","type-post","status-publish","format-standard","hentry","category-senica"],"_links":{"self":[{"href":"https:\/\/www.e-anjelik.sk\/index.php\/wp-json\/wp\/v2\/posts\/5404","targetHints":{"allow":["GET"]}}],"collection":[{"href":"https:\/\/www.e-anjelik.sk\/index.php\/wp-json\/wp\/v2\/posts"}],"about":[{"href":"https:\/\/www.e-anjelik.sk\/index.php\/wp-json\/wp\/v2\/types\/post"}],"author":[{"embeddable":true,"href":"https:\/\/www.e-anjelik.sk\/index.php\/wp-json\/wp\/v2\/users\/4"}],"replies":[{"embeddable":true,"href":"https:\/\/www.e-anjelik.sk\/index.php\/wp-json\/wp\/v2\/comments?post=5404"}],"version-history":[{"count":0,"href":"https:\/\/www.e-anjelik.sk\/index.php\/wp-json\/wp\/v2\/posts\/5404\/revisions"}],"wp:attachment":[{"href":"https:\/\/www.e-anjelik.sk\/index.php\/wp-json\/wp\/v2\/media?parent=5404"}],"wp:term":[{"taxonomy":"category","embeddable":true,"href":"https:\/\/www.e-anjelik.sk\/index.php\/wp-json\/wp\/v2\/categories?post=5404"},{"taxonomy":"post_tag","embeddable":true,"href":"https:\/\/www.e-anjelik.sk\/index.php\/wp-json\/wp\/v2\/tags?post=5404"}],"curies":[{"name":"wp","href":"https:\/\/api.w.org\/{rel}","templated":true}]}}