{"id":5409,"date":"2013-06-02T10:29:01","date_gmt":"2013-06-02T10:29:01","guid":{"rendered":"http:\/\/e-anjelik.sk\/?p=5409"},"modified":"2013-06-02T10:29:01","modified_gmt":"2013-06-02T10:29:01","slug":"medzinarodne-ekumenicke-zdruzenie","status":"publish","type":"post","link":"https:\/\/www.e-anjelik.sk\/index.php\/2013\/06\/02\/medzinarodne-ekumenicke-zdruzenie\/","title":{"rendered":"Medzin\u00e1rodn\u00e9 ekumenick\u00e9 zdru\u017eenie"},"content":{"rendered":"<p><a hrefhttp:\/\/www.ief-oecumenica.org\/>http:\/\/www.ief-oecumenica.org\/<\/a><\/p>\n<p>Medzin\u00e1rodn\u00e9 ekumenick\u00e9 zdru\u017eenie (International Ecumenical Fellowship = IEF) je medzin\u00e1rodn\u00e1 ekumenick\u00e1 organiz\u00e1cia, ktor\u00e1 sa vyzna\u010duje organizovan\u00edm medzin\u00e1rodn\u00fdch konferenci\u00ed, kde sa stret\u00e1vaj\u00fa kres\u0165ania r\u00f4znych denomin\u00e1ci\u00ed. Jej heslom je <em>\u017di\u0165 dnes cirkev zajtraj\u0161ka<\/em>. Za srdce svojej \u010dinnosti ozna\u010duje spolo\u010dn\u00fa modlitbu a spolo\u010dn\u00e9 sl\u00e1venie.<br \/>\nNa str\u00e1nke s\u00fa aj inform\u00e1cie v slovenskom jazyku, aj ke\u010f v obmedzenej miere. Je mo\u017en\u00e9 ich n\u00e1js\u0165 v\u013eavo v sekcii Library, kde s\u00fa prelo\u017een\u00e9 dokumenty On Eucharistic sharing (O eucharistikcej pohostinnosti) a P\u00edsek declaration (stru\u010dne hovor\u00ed o IEF).<\/p>\n","protected":false},"excerpt":{"rendered":"<p>http:\/\/www.ief-oecumenica.org\/ Medzin\u00e1rodn\u00e9 ekumenick\u00e9 zdru\u017eenie (International Ecumenical Fellowship = IEF) je medzin\u00e1rodn\u00e1 ekumenick\u00e1 organiz\u00e1cia, ktor\u00e1 sa vyzna\u010duje organizovan\u00edm medzin\u00e1rodn\u00fdch konferenci\u00ed, kde sa stret\u00e1vaj\u00fa kres\u0165ania r\u00f4znych denomin\u00e1ci\u00ed. Jej heslom je \u017di\u0165 dnes cirkev zajtraj\u0161ka. Za srdce svojej \u010dinnosti ozna\u010duje spolo\u010dn\u00fa modlitbu a spolo\u010dn\u00e9 sl\u00e1venie. Na str\u00e1nke s\u00fa aj inform\u00e1cie v slovenskom jazyku, aj ke\u010f v obmedzenej miere. &#8230; <a title=\"Medzin\u00e1rodn\u00e9 ekumenick\u00e9 zdru\u017eenie\" class=\"read-more\" href=\"https:\/\/www.e-anjelik.sk\/index.php\/2013\/06\/02\/medzinarodne-ekumenicke-zdruzenie\/\" aria-label=\"Pre\u010d\u00edtajte si viac o Medzin\u00e1rodn\u00e9 ekumenick\u00e9 zdru\u017eenie\">\u010c\u00edta\u0165 viac<\/a><\/p>\n","protected":false},"author":17,"featured_media":0,"comment_status":"open","ping_status":"open","sticky":false,"template":"","format":"standard","meta":{"footnotes":""},"categories":[2,9,519],"tags":[],"class_list":["post-5409","post","type-post","status-publish","format-standard","hentry","category-ekumena","category-europa","category-evanjelicky-svet"],"_links":{"self":[{"href":"https:\/\/www.e-anjelik.sk\/index.php\/wp-json\/wp\/v2\/posts\/5409","targetHints":{"allow":["GET"]}}],"collection":[{"href":"https:\/\/www.e-anjelik.sk\/index.php\/wp-json\/wp\/v2\/posts"}],"about":[{"href":"https:\/\/www.e-anjelik.sk\/index.php\/wp-json\/wp\/v2\/types\/post"}],"author":[{"embeddable":true,"href":"https:\/\/www.e-anjelik.sk\/index.php\/wp-json\/wp\/v2\/users\/17"}],"replies":[{"embeddable":true,"href":"https:\/\/www.e-anjelik.sk\/index.php\/wp-json\/wp\/v2\/comments?post=5409"}],"version-history":[{"count":0,"href":"https:\/\/www.e-anjelik.sk\/index.php\/wp-json\/wp\/v2\/posts\/5409\/revisions"}],"wp:attachment":[{"href":"https:\/\/www.e-anjelik.sk\/index.php\/wp-json\/wp\/v2\/media?parent=5409"}],"wp:term":[{"taxonomy":"category","embeddable":true,"href":"https:\/\/www.e-anjelik.sk\/index.php\/wp-json\/wp\/v2\/categories?post=5409"},{"taxonomy":"post_tag","embeddable":true,"href":"https:\/\/www.e-anjelik.sk\/index.php\/wp-json\/wp\/v2\/tags?post=5409"}],"curies":[{"name":"wp","href":"https:\/\/api.w.org\/{rel}","templated":true}]}}