{"id":5426,"date":"2013-07-09T16:39:29","date_gmt":"2013-07-09T16:39:29","guid":{"rendered":"http:\/\/e-anjelik.sk\/?p=5426"},"modified":"2025-07-18T18:38:26","modified_gmt":"2025-07-18T16:38:26","slug":"jubilantom","status":"publish","type":"post","link":"https:\/\/www.e-anjelik.sk\/index.php\/2013\/07\/09\/jubilantom\/","title":{"rendered":"Jubilantom"},"content":{"rendered":"\n<p>Jubilantom<br>\n\u017dalm 145, 1-3:<br>\n(1) \u201cBudem \u0164a vyv\u0161ova\u0165, Bo\u017ee m\u00f4j, Kr\u00e1\u013eu,<br>\nna ve\u010dn\u00e9 veky dobrore\u010di\u0165 Tvojmu menu!<br>\nBudem Ti dobrore\u010di\u0165 ka\u017ed\u00fd de\u0148,<br>\n  na ve\u010dn\u00e9 veky chv\u00e1li\u0165 tvoje meno.<br>\nVe\u013ek\u00fd je Hospodin a v\u0161etkej chv\u00e1ly hoden<br>\na jeho ve\u013eko\u0165 nev\u00fdsti\u017en\u00e1. \u201c Amen  <\/p>\n\n\n\n<p>    Bohumil\u00fd cirkevn\u00fd zbor soboti\u0161tsk\u00fd, bratia a sestry v Kristu Je\u017ei\u0161i, na\u0161om P\u00e1novi, mil\u00ed jubiluj\u00faci &#8211; zlat\u00ed (\u00e9) konfirmandi!<\/p>\n\n\n\n<p>Slovami 145. \u017dalmu chceme dnes spolo\u010dne i ka\u017ed\u00fd z v\u00e1s osobne po\u010fakova\u0165 P\u00e1nu Bohu za Jeho dobrotu, za Jeho l\u00e1skav\u00fa Otcovsk\u00fa starostlivos\u0165 a v\u0161etko po\u017eehnanie, ktor\u00e9 ste prijali z Jeho milostiv\u00fdch r\u00fak. I my ostatn\u00ed Mu chceme \u010fakova\u0165 za v\u00e1s, zlat\u00fdch konfirmandov, ktor\u00ed sa stret\u00e1te dnes v na\u0161om chr\u00e1me, ale aj za t\u00fdch, ktor\u00ed z r\u00f4znych d\u00f4vodov nepri\u0161li. Aj oni zost\u00e1vaj\u00fa v Bo\u017eom srdci a nie bez Bo\u017eieho po\u017eehnania. Boh d\u00e1va v\u0161etk\u00fdm chlieb ka\u017edodenn\u00fd i \u010das na pok\u00e1nie. I ke\u010f nie v\u0161etci o tom vedia. S\u00fa v\u0161ak aj tak\u00ed, ktor\u00ed v\u00e1s predi\u0161li do ve\u010dnosti. Aj za ich \u010dasn\u00fd \u017eivot a sejbu l\u00e1sky \u010fakujeme v zmysle na\u0161ej piesne: \u201cChv\u00e1la, chv\u00e1la, chv\u00e1la Ti, Darca v daroch bohat\u00fd\u201d.(ES 343,ref.)<\/p>\n\n\n\n<p>V \u010dom m\u00f4\u017eete vidie\u0165 a spozn\u00e1va\u0165 Bo\u017eiu dobrotu vy, ktor\u00ed sa po 50. rokoch op\u00e4\u0165 radujete s raduj\u00facimi? Ktor\u00ed spom\u00ednate a prem\u00fd\u0161\u013eate o rokoch, ktor\u00e9 ste pre\u017eili i o tom, \u010d\u00edm boli naplnen\u00e9 ?<br> Mysl\u00edm, \u017ee viacer\u00ed z v\u00e1s si e\u0161te spomen\u00fa na slov\u00e1 odp\u00fdtanky, odprosenia a po\u010fakovania, ktor\u00fdmi ste sa pred 50. rokmi, presnej\u0161ie 21. 4. 1963, prihov\u00e1rali svoj\u00edm rodi\u010dom, krstn\u00fdm a star\u00fdm rodi\u010dom a rozochven\u00fdm hlasom hovorili: \u201d \u010eakujem v\u00e1m vrele, za t\u00fa l\u00e1sku va\u0161u, ktor\u00fa ste ma viedli, a\u017e do tohoto \u010dasu. Od mojej kol\u00edsky, a\u017e do tohoto r\u00e1na, ke\u010f sa po prv\u00fd kr\u00e1t stroj\u00edm k stolu P\u00e1na\u201d!&#8230;<\/p>\n\n\n\n<p>    To prv\u00e9 dobrore\u010denie P\u00e1nu Bohu patr\u00ed aj dnes matk\u00e1m a otcom,  va\u0161\u00edm rodi\u010dom! U\u017e  je len m\u00e1li\u010dko t\u00fdch, ktor\u00ed sa do\u017eili s vami aj tohoto d\u0148a. V\u00e4\u010d\u0161ina z nich \/star\u00ed rodi\u010dia celkom ur\u010dite\/ u\u017e odpo\u010d\u00edva v Bo\u017eom pokoji. Po\u010fakovanie, ktor\u00e9 ste im vyslovili a prosba o odpustenie detsk\u00fdch previnen\u00ed mo\u017eno vtedy zneli trochu strojene a pr\u00edli\u0161 form\u00e1lne. Dnes v\u0161ak, nepochybujeme o tom, \u017ee va\u0161a v\u010faka  pr\u00fd\u0161ti z h\u013abky s\u0155dc a du\u0161\u00ed!  Mamina i otcova l\u00e1ska, pohladenie i napomenutie, to boli a s\u00fa slov\u00e1, ktor\u00e9 s\u00fa t\u00fdm vz\u00e1cnym \u010dasn\u00fdm  darom. Detsk\u00e9 hry, behanie po otcovskom sade a\u017e do ve\u010dera, ke\u010f zaznelo: Po\u010f domov, ve\u010dere je \u010das&#8230;..to v\u0161etko bolo a je ve\u013ek\u00fdm  darom. Aj po rokoch plat\u00ed, \u017ee ka\u017ed\u00fd de\u0148 \u017eijete nielen chlebom, ale aj t\u00fdm, \u010do ste prijali cez l\u00e1sku a slu\u017ebu rodi\u010dov i star\u00fdch rodi\u010dov.  Za nich dobrore\u010dte  P\u00e1nu Bohu a vyvy\u0161ujte Jeho meno.<\/p>\n\n\n\n<p>2\/ Dobrore\u010di\u0165 m\u00e1te aj za dar spolo\u010denstva, ktor\u00fdm je na\u0161a duchovn\u00e1 rodina. Na\u0161a duchovn\u00e1 matka Evanjelick\u00e1 cirkev a.v. a v\u00e1\u0161 rodn\u00fd cirkevn\u00fd zbor. V tomto cirkevnom spolo\u010denstve ste boli pokrsten\u00ed, prijat\u00ed do spolo\u010denstva s Kristom P\u00e1nom i do spolo\u010denstva veriacich.<br> Patri\u0165 do spolo\u010denstva, ktor\u00e9ho z\u00e1klady kl\u00e1dli apo\u0161tolovia, u n\u00e1s potom slovienski vierozvestovia Kon\u0161tant\u00edn a Metod, ktor\u00fdch 1150. v\u00fdro\u010die na Ve\u013ek\u00fa Moravu si v tomto roku pripom\u00edname, je ve\u013ek\u00fd dar. Patri\u0165 do cirkvi, ktorej stav nesk\u00f4r napravil a upevnil Dr. M. Luther, F. Melnachton a in\u00ed reform\u00e1tori je zav\u00e4zuj\u00face. Patri\u0165 do spolo\u010denstva \u013eud\u00ed, ktor\u00ed \u017eili pre in\u00fdch, h\u00e1jili v\u017edy pravdu, spravodlivos\u0165, slobodu a d\u00f4stojnos\u0165 \u017eivota pre v\u0161etk\u00fdch, ak\u00fdmi boli evanjelick\u00ed mart\u00fdri, i v\u00e4zni svedomia na ne\u010falekom Bran\u010di, ale aj Daniel Krman, ktor\u00e9ho 350. v\u00fdro\u010die narodenia si pripom\u00edname v tomto roku, e\u0161te nesk\u00f4r Hurban, Hod\u017ea, a cel\u00e1 \u0161t\u00farovsk\u00e1 gener\u00e1cia, \u0160ulekovci, S.Jurkovi\u010d, M.R\u00e1zus, \u0160tef\u00e1nikovci a mno\u017estvo in\u00fdch vern\u00fdch svedkov Bo\u017eej pravdy, velik\u00e1nov cirkvi i n\u00e1roda, ale aj mno\u017estvo jednoduch\u00fdch kres\u0165anov, to je iste dedi\u010dstvo ve\u013ek\u00e9 a nehyn\u00face!<br> K tomuto duchovn\u00e9mu dedi\u010dstvu ste sa smeli prizna\u0165 pri svojej konfirm\u00e1cii a Evanjelickej cirkvi ste s\u013e\u00fabili vernos\u0165 a\u017e do smrti. Dnes, smiete svoj s\u013eub obnovi\u0165 a slobodne sa rozhodn\u00fa\u0165 pre vernos\u0165 Tomu, ktor\u00fd je hlavou cirkvi a s\u00e1m je nadov\u0161etko vern\u00fd a ktor\u00fd svoje s\u013euby pln\u00ed.<\/p>\n\n\n\n<p>Konfirm\u00e1cia bola a je nielen prvou verejnou sk\u00fa\u0161ok z kres\u0165ansk\u00e9ho katechizmu, viery a u\u010denia, ale je pr\u00edpravou na sk\u00fa\u0161ku, ktorou je s\u00e1m \u017eivot. Bo\u017eie slovo je slovom do pohody i nepohody, je svetlom pre v\u0161etky na\u0161e cesty a chodn\u00edky a do ka\u017edej situ\u00e1cie. Umoc\u0148uje na\u0161u rados\u0165 a je zdrojom pomoci, pote\u0161enia, povzbudenia v akejko\u013evek sk\u00fa\u0161ke, alebo v \u0165a\u017ekostiach \u017eivota.<br> \u201cNeni ru\u017ee bez t\u0155\u0148a\u201d, preto viem, \u010di sk\u00f4r tu\u0161\u00edm, \u017ee ste pre\u017eili v uplynul\u00fdch rokoch aj ve\u013ea sk\u00fa\u0161ok. Len\u017ee aj za mrakmi svieti slnko Bo\u017eej l\u00e1sky. \u201cKe\u010f je bieda najv\u00e4\u010d\u0161ia, pomoc Bo\u017eia je najbli\u017e\u0161ia\u201d! Mysl\u00edm, \u017ee mnoh\u00fdm z v\u00e1s nech\u00fdba ani t\u00e1to sk\u00fasenos\u0165. Pre ostatn\u00fdch tie\u017e plat\u00ed, \u017ee P\u00e1n Boh m\u00e1 v\u017edy viac, ako rozdal!<\/p>\n\n\n\n<p>Mil\u00ed jubiluj\u00faci bratia a sestry!<br> Ja s\u00e1m, som v\u00e1\u0161 rovesn\u00edk a ten ist\u00fd konfirma\u010dn\u00fd ro\u010dn\u00edk a preto dobre pozn\u00e1m \u010dasy, ktor\u00e9 sme vtedy pre\u017eili v cirkvi, v \u0161kole, i v spolo\u010dnosti. Brat far\u00e1r Ondrej Ryb\u00e1r, ktor\u00fd v\u00e1s vyu\u010doval a konfirmoval, zanechal v\u0161ak v na\u0161om zborovom arch\u00edve v\u00fdro\u010dn\u00fa spr\u00e1vu za rok 1963 a v\u0161eli\u010do zauj\u00edmav\u00e9 sa z nej m\u00f4\u017eeme dozvedie\u0165 o tomto roku.<br> V na\u0161ej domovine to bol rok pomerne pokojn\u00fd. Pominuli sa zlo\u017eit\u00e9 p\u00e4\u0165desiate roky, nastalo upokojenie v medzin\u00e1rodn\u00fdch vz\u0165ahoch a azda len pr\u00edrodn\u00e9 katastrofy boli tak \u010dast\u00e9, ako dnes. Bolo zemetrasenie v Skopje, obrovsk\u00fd po\u017eiar v Braz\u00edlii, hurik\u00e1n Flora na Kube a v okolit\u00fdch \u0161t\u00e1toch.<br> Na\u0161a gener\u00e1cia u\u017e bola naplno zasiahnut\u00e9 ateiz\u00e1ciou a pokra\u010doval pozvo\u013en\u00fd, ale trval\u00fd \u00fapadok cirkvi v ka\u017edej oblasti \u017eivota. Kostoln\u00e9 lavice sa za\u010dali vypr\u00e1zd\u0148ova\u0165 a so zvy\u0161uj\u00facou sa t\u00fa\u017ebou \u013eud\u00ed po blahobyte, za\u010dali klesa\u0165 po\u010dty naroden\u00fdch a pokrsten\u00fdch det\u00ed! Najm\u00e4 v\u0161ak duch sekulariz\u00e1cie prenikal do vedomia, \u010di podvedomia mnoh\u00fdch.<br> Akoko\u013evek divne to zneje na\u0161\u00edm de\u0165om a vn\u00fa\u010dat\u00e1m, my sme u\u017e patrili k tzv. modernej gener\u00e1cii, ke\u010f sa duchovn\u00e1 vla\u017enos\u0165 stala sprievodn\u00fdm znakom n\u00e1\u0161ho \u017eivota. Tak, ako postupne vymizli kroje v odievan\u00ed a nast\u00fapil \u010das: deder\u00f3n\u00fdch ko\u0161ie\u013e, igelitov\u00fdch krav\u00e1t na gumi\u010dku, \u0161u\u0161tiakov a fenom\u00e9n Beatles \/chrob\u00e1ci\/, ust\u00fapili do \u00fazadia aj duchovn\u00e9 hodnoty. Neboh\u00fd John Lenon vyhl\u00e1sil: sme popul\u00e1rnej\u0161\u00ed ako Kristus!<br> Mnoh\u00e9 z n\u00e1dej\u00ed a v\u00edzi\u00ed, ktor\u00e9 sme prijali sa v\u0161ak nenaplnili.<br> Ak n\u00e1m P\u00e1n Boh e\u0161te popraje \u010das, m\u00f4\u017eeme ho prija\u0165 ako dar a ako \u010das milosti k pok\u00e1niu a duchovnej obnove.<\/p>\n\n\n\n<p>    Ke\u010f dnes \u010fakujete a dobrore\u010d\u00edte P\u00e1nu Bohu, myslite nielen na minulos\u0165, ale aj na to nov\u00e9, \u010do v\u00e1m Hospodin poprial: nov\u00e9 domovy, man\u017eelstv\u00e1, vlastn\u00e9 rodiny, deti, vn\u00fa\u010dat\u00e1 , \u010di \u00faspech v povolan\u00ed. Popoludn\u00ed bude pr\u00edle\u017eitps\u0165 poveda\u0165 si o tom viac.<\/p>\n\n\n\n<p>     Napokon je tu v\u0161ak aj bud\u00facnos\u0165, ktor\u00e1  je pred vami i nami.  Tak, ako v \u010dase na\u0161ej mladosti sme nevedeli, \u010do v\u0161etko n\u00e1s o\u010dak\u00e1va, nevieme to ani dnes. Jedno v\u0161ak vieme a m\u00f4\u017eeme veri\u0165 v\u017edy! Je tu ponuka pr\u00edtomnosti i bud\u00facnosti pripraven\u00e1 na\u0161\u00edm nebesk\u00fdm Otcom, skrze Syna P\u00e1na Krista a pr\u00edtomnos\u0165 Ducha Sv\u00e4t\u00e9ho. Na nebesk\u00e9ho rodi\u010da nezabudnime nikdy!<br>\nB\u00e1snik Milan R\u00fafus nap\u00edsal a vyznal, \u017ee bez Neho nast\u00e1va v \u017eivote ve\u013ek\u00e1 pr\u00e1zdnota: \u201cPr\u00e1zdno je Bo\u017ee, ch\u00fdba\u0161 n\u00e1m<br>\n                            pr\u00e1zdny je priestor .Tu i tam.<br>\n                            Jeho hr\u00f4za i veleba.<br>\n                            Pr\u00e1zdno je Bo\u017ee, bez Teba.<\/p>\n\n\n\n<p>                             Pr\u00e1zdno je slze vo v\u00ed\u010dku,<br>\n                             pr\u00e1zdno je uh\u013eom v ohn\u00ed\u010dku,<br>\n                             pr\u00e1zno je de\u0165om, starobe,<br>\n                             pr\u00e1zno je tr\u00e1ve na hrobe.<\/p>\n\n\n\n<p>                            Ch\u00fdba do nej tvoj tich\u00fd kr\u00ed\u017e.<br>\n                            A \u013eudskej du\u0161e plach\u00e1 my\u0161<br>\n                            diero\u010dku h\u013ead\u00e1 do chleba.<br>\n                            Tak jej je pr\u00e1zdno bez teba.<\/p>\n\n\n\n<p>                             Pomysli, Bo\u017ee, pomysli,<br>\n                             to nie Ty, my sme odi\u0161li.<br>\n                             Ale my predsa pr\u00eddeme<br>\n                             zo zeme, k Tebe do zeme.<\/p>\n\n\n\n<p>Ak ste na\u0161li odvahu vr\u00e1ti\u0165 sa k svojej konfirm\u00e1cii, ku svojim duchovn\u00fdm z\u00e1kladom a viere v Je\u017ei\u0161a, ako prvej l\u00e1ske a s\u00fa\u010dasne trvalej l\u00e1ske v\u00e1\u0161ho \u017eivota, je to tie\u017e Bo\u017eia milos\u0165. Aj za to m\u00f4\u017eete dnes \u010fakova\u0165 a vyzn\u00e1va\u0165 so \u017dalmistom:<br> \u201cDobrore\u010d du\u0161a moja Hospodinu a nezab\u00fadaj na \u017eiadne z Jeho dobroden\u00ed\u201d (\u017d 103). &#8211; Dnes, pri Ve\u010deri P\u00e1novej, smiete prija\u0165 aj osobn\u00e9 rozhre\u0161enie, i prav\u00e9 telo a krv P\u00e1na Je\u017ei\u0161a z kalicha, z ktor\u00e9ho ste prijali Ve\u010deru P\u00e1novu po prv\u00fd kr\u00e1t. Dotkli sa ho \u00fasta mnoh\u00fdch gener\u00e1ci\u00ed. Tvor\u00edme s nimi jeden kruh! Vy &#8211; polovicu vidite\u013en\u00fa, in\u00ed t\u00fa druh\u00fa, nevidite\u013en\u00fa. Nech v\u0161ak plat\u00ed pri v\u00e1s slovo \u017ealmistu :\u201dNech pokolenie pokoleniu chv\u00e1li Tvoje diela a hl\u00e1sa Tvoje divn\u00e9 skutky\u201d. Amen<\/p>\n\n\n\n<p>Pr\u00edhovor pri 5O. v\u00fdro\u010d\u00ed konfirm\u00e1cie &#8211; Soboti\u0161te 9. 6. 2013- \u013d.Batka st.<\/p>\n","protected":false},"excerpt":{"rendered":"<p>Jubilantom \u017dalm 145, 1-3: (1) \u201cBudem \u0164a vyv\u0161ova\u0165, Bo\u017ee m\u00f4j, Kr\u00e1\u013eu, na ve\u010dn\u00e9 veky dobrore\u010di\u0165 Tvojmu menu! Budem Ti dobrore\u010di\u0165 ka\u017ed\u00fd de\u0148, na ve\u010dn\u00e9 veky chv\u00e1li\u0165 tvoje meno. Ve\u013ek\u00fd je Hospodin a v\u0161etkej chv\u00e1ly hoden a jeho ve\u013eko\u0165 nev\u00fdsti\u017en\u00e1. \u201c Amen Bohumil\u00fd cirkevn\u00fd zbor soboti\u0161tsk\u00fd, bratia a sestry v Kristu Je\u017ei\u0161i, na\u0161om P\u00e1novi, mil\u00ed jubiluj\u00faci &#8230; <a title=\"Jubilantom\" class=\"read-more\" href=\"https:\/\/www.e-anjelik.sk\/index.php\/2013\/07\/09\/jubilantom\/\" aria-label=\"Pre\u010d\u00edtajte si viac o Jubilantom\">\u010c\u00edta\u0165 viac<\/a><\/p>\n","protected":false},"author":4,"featured_media":0,"comment_status":"open","ping_status":"open","sticky":false,"template":"","format":"standard","meta":{"footnotes":""},"categories":[95],"tags":[192],"class_list":["post-5426","post","type-post","status-publish","format-standard","hentry","category-sobotiste","tag-kazen"],"_links":{"self":[{"href":"https:\/\/www.e-anjelik.sk\/index.php\/wp-json\/wp\/v2\/posts\/5426","targetHints":{"allow":["GET"]}}],"collection":[{"href":"https:\/\/www.e-anjelik.sk\/index.php\/wp-json\/wp\/v2\/posts"}],"about":[{"href":"https:\/\/www.e-anjelik.sk\/index.php\/wp-json\/wp\/v2\/types\/post"}],"author":[{"embeddable":true,"href":"https:\/\/www.e-anjelik.sk\/index.php\/wp-json\/wp\/v2\/users\/4"}],"replies":[{"embeddable":true,"href":"https:\/\/www.e-anjelik.sk\/index.php\/wp-json\/wp\/v2\/comments?post=5426"}],"version-history":[{"count":2,"href":"https:\/\/www.e-anjelik.sk\/index.php\/wp-json\/wp\/v2\/posts\/5426\/revisions"}],"predecessor-version":[{"id":38225,"href":"https:\/\/www.e-anjelik.sk\/index.php\/wp-json\/wp\/v2\/posts\/5426\/revisions\/38225"}],"wp:attachment":[{"href":"https:\/\/www.e-anjelik.sk\/index.php\/wp-json\/wp\/v2\/media?parent=5426"}],"wp:term":[{"taxonomy":"category","embeddable":true,"href":"https:\/\/www.e-anjelik.sk\/index.php\/wp-json\/wp\/v2\/categories?post=5426"},{"taxonomy":"post_tag","embeddable":true,"href":"https:\/\/www.e-anjelik.sk\/index.php\/wp-json\/wp\/v2\/tags?post=5426"}],"curies":[{"name":"wp","href":"https:\/\/api.w.org\/{rel}","templated":true}]}}