{"id":5428,"date":"2013-07-14T20:12:38","date_gmt":"2013-07-14T20:12:38","guid":{"rendered":"http:\/\/e-anjelik.sk\/?p=5428"},"modified":"2025-07-18T18:34:28","modified_gmt":"2025-07-18T16:34:28","slug":"za-bratom-fararom-thmgr-jaroslavom-moncolom","status":"publish","type":"post","link":"https:\/\/www.e-anjelik.sk\/index.php\/2013\/07\/14\/za-bratom-fararom-thmgr-jaroslavom-moncolom\/","title":{"rendered":"Za bratom far\u00e1rom ThMgr. Jaroslavom Monco\u013eom"},"content":{"rendered":"\n<p>D\u0148a 5.7. 2013 dokonal \u010dasn\u00fa p\u00fa\u0165 brat far\u00e1r Jaroslav Monco\u013e, ktor\u00fd \u017eil na odpo\u010dinku u svojej dc\u00e9ry na fare v Uhorskom. Posledn\u00e1 rozl\u00fa\u010dka so zosnul\u00fdm vz\u00e1cnym bratom sa konala d\u0148a 9. j\u00fala. V pr\u00edtomnosti pozostalej rodiny, bratstva zo senior\u00e1tu a mnoh\u00fdch veriacich sa so zosnul\u00fdm rozl\u00fa\u010dil brat gener\u00e1lny biskup ECAV Milo\u0161 Kl\u00e1tik. Po\u010fakoval P\u00e1nu Bohu za jeho \u017eivot a v\u0161etko, \u010do vykonal pre cirkev. \u010citate\u013eom ev.port\u00e1lu bol zn\u00e1my ako autor knihy: Z\u00e1kon a Evanjelium. Trpezlivo niesol v\u0161etky \u0165archy \u017eivota v duchu slov P\u00edsma:&#8220;Kto chce pr\u00eds\u0165 za mnou, nech zaprie seba sam\u00e9ho, vezme svoj kr\u00ed\u017e a nasleduje ma: lebo kto by si chcel zachr\u00e1ni\u0165 \u017eivot, strat\u00ed ho, ale kto by stratil \u017eivot pre m\u0148a a pre evanjelium, zachr\u00e1ni si Ho&#8220;. (Mk 8, 34-35).<br> Z Bo\u017eej milosti sa do\u017eil: 84 rokov, 7 mesiacov a 19 dn\u00ed. Nech mu privol\u00e1 P\u00e1n:&#8220; Spr\u00e1vne a dobre vern\u00fd slu\u017eobn\u00edk, nad m\u00e1lom si bol vern\u00fd, nad mnoh\u00fdm \u0165a ustanov\u00edm, vojdi v rados\u0165 svojho P\u00e1na&#8220;!<\/p>\n","protected":false},"excerpt":{"rendered":"<p>D\u0148a 5.7. 2013 dokonal \u010dasn\u00fa p\u00fa\u0165 brat far\u00e1r Jaroslav Monco\u013e, ktor\u00fd \u017eil na odpo\u010dinku u svojej dc\u00e9ry na fare v Uhorskom. Posledn\u00e1 rozl\u00fa\u010dka so zosnul\u00fdm vz\u00e1cnym bratom sa konala d\u0148a 9. j\u00fala. V pr\u00edtomnosti pozostalej rodiny, bratstva zo senior\u00e1tu a mnoh\u00fdch veriacich sa so zosnul\u00fdm rozl\u00fa\u010dil brat gener\u00e1lny biskup ECAV Milo\u0161 Kl\u00e1tik. Po\u010fakoval P\u00e1nu Bohu &#8230; <a title=\"Za bratom far\u00e1rom ThMgr. Jaroslavom Monco\u013eom\" class=\"read-more\" href=\"https:\/\/www.e-anjelik.sk\/index.php\/2013\/07\/14\/za-bratom-fararom-thmgr-jaroslavom-moncolom\/\" aria-label=\"Pre\u010d\u00edtajte si viac o Za bratom far\u00e1rom ThMgr. Jaroslavom Monco\u013eom\">\u010c\u00edta\u0165 viac<\/a><\/p>\n","protected":false},"author":4,"featured_media":0,"comment_status":"open","ping_status":"open","sticky":false,"template":"","format":"standard","meta":{"footnotes":""},"categories":[1],"tags":[],"class_list":["post-5428","post","type-post","status-publish","format-standard","hentry","category-adventna-modlitba"],"_links":{"self":[{"href":"https:\/\/www.e-anjelik.sk\/index.php\/wp-json\/wp\/v2\/posts\/5428","targetHints":{"allow":["GET"]}}],"collection":[{"href":"https:\/\/www.e-anjelik.sk\/index.php\/wp-json\/wp\/v2\/posts"}],"about":[{"href":"https:\/\/www.e-anjelik.sk\/index.php\/wp-json\/wp\/v2\/types\/post"}],"author":[{"embeddable":true,"href":"https:\/\/www.e-anjelik.sk\/index.php\/wp-json\/wp\/v2\/users\/4"}],"replies":[{"embeddable":true,"href":"https:\/\/www.e-anjelik.sk\/index.php\/wp-json\/wp\/v2\/comments?post=5428"}],"version-history":[{"count":2,"href":"https:\/\/www.e-anjelik.sk\/index.php\/wp-json\/wp\/v2\/posts\/5428\/revisions"}],"predecessor-version":[{"id":38223,"href":"https:\/\/www.e-anjelik.sk\/index.php\/wp-json\/wp\/v2\/posts\/5428\/revisions\/38223"}],"wp:attachment":[{"href":"https:\/\/www.e-anjelik.sk\/index.php\/wp-json\/wp\/v2\/media?parent=5428"}],"wp:term":[{"taxonomy":"category","embeddable":true,"href":"https:\/\/www.e-anjelik.sk\/index.php\/wp-json\/wp\/v2\/categories?post=5428"},{"taxonomy":"post_tag","embeddable":true,"href":"https:\/\/www.e-anjelik.sk\/index.php\/wp-json\/wp\/v2\/tags?post=5428"}],"curies":[{"name":"wp","href":"https:\/\/api.w.org\/{rel}","templated":true}]}}