{"id":5429,"date":"2013-07-15T08:02:45","date_gmt":"2013-07-15T08:02:45","guid":{"rendered":"http:\/\/e-anjelik.sk\/?p=5429"},"modified":"2025-07-18T18:33:24","modified_gmt":"2025-07-18T16:33:24","slug":"jaroslav-moncol","status":"publish","type":"post","link":"https:\/\/www.e-anjelik.sk\/index.php\/2013\/07\/15\/jaroslav-moncol\/","title":{"rendered":"Jaroslav Monco\u013e"},"content":{"rendered":"\n<p>Jaroslav Monco\u013e sa narodil 14. novembra 1928 v Klenovci rodi\u010dom Pavlovi Monco\u013eovi a J\u00falii, rod. Zajacovej. \u2028Maturoval r. 1947 v Rimavskej Sobote. P\u00f4vodne za\u010dal \u0161tudova\u0165 matematiku a fyziku na Pr\u00edrodovedeckej fakulte v Bratislave. Po febru\u00e1ri 1948 bolo jasn\u00e9, \u017ee ako profesor by sa nemohol slobodne z\u00fa\u010dast\u0148ova\u0165 n\u00e1bo\u017eensk\u00e9ho \u017eivota, a tak 8. decembra 1948 po\u017eiadal o dimis\u00f3rium a prest\u00fapil na Slovensk\u00fa evanjelick\u00fa bohosloveck\u00fa fakultu. \u0160t\u00fadium zakon\u010dil 30. j\u00fana 1951. Na podnet troch \u010dlenov profesorsk\u00e9ho zboru podal na dekan\u00e1t \u017eiados\u0165 o prijatie a\u0161pirant\u00fary so z\u00e1v\u00e4zkom, \u017ee pod\u00e1 dizert\u00e1ciu na t\u00e9mu \u201eOspravedlnenie\u201c. Politick\u00e1 situ\u00e1cia v\u0161ak tieto amb\u00edcie prekazila. Na a\u0161pirant\u00faru nedostal s\u00fahlas.<\/p>\n\n\n\n<p>D\u0148a 15. 7. 1951 bol v Tisovci vysv\u00e4ten\u00fd za k\u0148aza biskupom Dr. Vladim\u00edrom \u010cobrdom. Od 1. augusta 1951 nast\u00fapil ako kapl\u00e1n do Su\u010dian. Koncom okt\u00f3bra 1952 nast\u00fapil na dvojro\u010dn\u00fa z\u00e1kladn\u00fa vojensk\u00fa slu\u017ebu po jej ukon\u010den\u00ed bol od novembra 1954 ustanoven\u00fd za kapl\u00e1na do Brezna, kde 7. 7. 1955 vst\u00fapil do man\u017eelstva s Annou, rod. Kachni\u010dovou. Narodili sa im dve dc\u00e9ry, t. \u010d. far\u00e1rky. \u2028Od 1. novembra 1955 bol ustanoven\u00fd za n\u00e1mestn\u00e9ho k\u0148aza na Br\u00e1dno. Tu sa zistilo, \u017ee trp\u00ed chorobou \u0161t\u00edtnej \u017e\u013eazy, ktor\u00e1 ho dlh\u00e9 roky sprev\u00e1dzala \u017eivotom. Z Br\u00e1dna bol prelo\u017een\u00fd do Horn\u00e9ho Jasena (dnes Tur\u010dianske Jaseno), kde bol postaven\u00fd pred gener\u00e1lnu opravu kostola. Z p\u00f4vodn\u00e9ho kostola ostali len zvy\u0161ky m\u00farov. P\u00e1n Boh pomohol v t\u00fdch nesmierne ne\u017ei\u010dliv\u00fdch \u010dasoch dielo \u0161\u0165astne dokon\u010di\u0165. Posviacka bola 4. okt\u00f3bra 1959. Po gener\u00e1lnej oprave kostola sa podobral na gener\u00e1lnu opravu fary, ktor\u00e1 bola ukon\u010den\u00e1 na jese\u0148 r. 1962. Z politick\u00fdch d\u00f4vodov mu bol hne\u010f v roku 1962 od\u0148at\u00fd \u0161t\u00e1tny s\u00fahlas pre Tur\u010dianske Jaseno a u\u017e v auguste 1962 bol ustanoven\u00fd do M\u00fdta pod \u010eumbierom, kde ho tie\u017e \u010dakali z\u00e1va\u017en\u00e9 stavebn\u00e9 pr\u00e1ce. <\/p>\n\n\n\n<p>\u2028V j\u00fali 1964 zo zdravotn\u00fdch d\u00f4vodov odch\u00e1dza do Horn\u00e9ho Tisovn\u00edka, kde v r. 1969 znova doch\u00e1dza k n\u00e1ro\u010dnej oprave kostola aj pr\u00edstavbe sakristie. 15. 3. 1970 odch\u00e1dza do Kromp\u00e1ch. Zbor nutne potreboval zborov\u00fa sie\u0148, ktor\u00e1 bola vytvoren\u00e1 z pri\u013eahl\u00fdch hospod\u00e1rskych budov. Dielo sa aj tu podarilo. Ke\u010f\u017ee zasa do\u0161lo k politickej perzek\u00facii, bolo treba \u00eds\u0165 \u010falej, a tak r. 1973 bol ustanoven\u00fd do Pova\u017eskej Bystrice. Tu zase bolo treba organizova\u0165 gener\u00e1lnu opravu ve\u013ekej zborovej budovy, ktor\u00e1 bola ukon\u010den\u00e1 r. 1987. Napriek nad\u0161eniu a l\u00e1ske cirkevn\u00edkov u\u017e v dobe n\u00e1bo\u017eenskej slobody na prahu d\u00f4chodkov\u00e9ho veku dobrovo\u013ene odch\u00e1dza. Niektor\u00ed mlad\u00ed \u013eudia zasiahnut\u00ed pietizmom za\u010dali ve\u013emi cie\u013eavedome rozb\u00edja\u0165 zbor. Aby nedo\u0161lo k rozdeleniu zboru, odi\u0161iel do d\u00f4chodku do upr\u00e1zdnen\u00e9ho cirkevn\u00e9ho zboru v Polt\u00e1ri, kde tie\u017e doch\u00e1dza k oprave kostola. \u2028Mozgov\u00e1 pr\u00edhoda v m\u00e1ji 1993 ukon\u010dila jeho akt\u00edvne p\u00f4sobenie v cirkevnom zbore. V septembri 1993 sa pres\u0165ahoval na faru v Uhorskom k dc\u00e9re Korn\u00e9lii, kde \u017eil uprostred l\u00e1sky cirkevn\u00edkov temer 20 rokov.\u2028<\/p>\n\n\n\n<p>Z tejto \u010dasnosti do ve\u010dnosti bol odvolan\u00fd 5. j\u00fala 2013 vo veku 84 rokov, 7 mesiacov a 19 dn\u00ed.<\/p>\n","protected":false},"excerpt":{"rendered":"<p>Jaroslav Monco\u013e sa narodil 14. novembra 1928 v Klenovci rodi\u010dom Pavlovi Monco\u013eovi a J\u00falii, rod. Zajacovej. \u2028Maturoval r. 1947 v Rimavskej Sobote. P\u00f4vodne za\u010dal \u0161tudova\u0165 matematiku a fyziku na Pr\u00edrodovedeckej fakulte v Bratislave. Po febru\u00e1ri 1948 bolo jasn\u00e9, \u017ee ako profesor by sa nemohol slobodne z\u00fa\u010dast\u0148ova\u0165 n\u00e1bo\u017eensk\u00e9ho \u017eivota, a tak 8. decembra 1948 po\u017eiadal o &#8230; <a title=\"Jaroslav Monco\u013e\" class=\"read-more\" href=\"https:\/\/www.e-anjelik.sk\/index.php\/2013\/07\/15\/jaroslav-moncol\/\" aria-label=\"Pre\u010d\u00edtajte si viac o Jaroslav Monco\u013e\">\u010c\u00edta\u0165 viac<\/a><\/p>\n","protected":false},"author":4,"featured_media":0,"comment_status":"open","ping_status":"open","sticky":false,"template":"","format":"standard","meta":{"footnotes":""},"categories":[1,14],"tags":[],"class_list":["post-5429","post","type-post","status-publish","format-standard","hentry","category-adventna-modlitba","category-osobnosti"],"_links":{"self":[{"href":"https:\/\/www.e-anjelik.sk\/index.php\/wp-json\/wp\/v2\/posts\/5429","targetHints":{"allow":["GET"]}}],"collection":[{"href":"https:\/\/www.e-anjelik.sk\/index.php\/wp-json\/wp\/v2\/posts"}],"about":[{"href":"https:\/\/www.e-anjelik.sk\/index.php\/wp-json\/wp\/v2\/types\/post"}],"author":[{"embeddable":true,"href":"https:\/\/www.e-anjelik.sk\/index.php\/wp-json\/wp\/v2\/users\/4"}],"replies":[{"embeddable":true,"href":"https:\/\/www.e-anjelik.sk\/index.php\/wp-json\/wp\/v2\/comments?post=5429"}],"version-history":[{"count":1,"href":"https:\/\/www.e-anjelik.sk\/index.php\/wp-json\/wp\/v2\/posts\/5429\/revisions"}],"predecessor-version":[{"id":38221,"href":"https:\/\/www.e-anjelik.sk\/index.php\/wp-json\/wp\/v2\/posts\/5429\/revisions\/38221"}],"wp:attachment":[{"href":"https:\/\/www.e-anjelik.sk\/index.php\/wp-json\/wp\/v2\/media?parent=5429"}],"wp:term":[{"taxonomy":"category","embeddable":true,"href":"https:\/\/www.e-anjelik.sk\/index.php\/wp-json\/wp\/v2\/categories?post=5429"},{"taxonomy":"post_tag","embeddable":true,"href":"https:\/\/www.e-anjelik.sk\/index.php\/wp-json\/wp\/v2\/tags?post=5429"}],"curies":[{"name":"wp","href":"https:\/\/api.w.org\/{rel}","templated":true}]}}