{"id":5440,"date":"2013-08-17T06:10:19","date_gmt":"2013-08-17T06:10:19","guid":{"rendered":"http:\/\/e-anjelik.sk\/?p=5440"},"modified":"2013-08-17T06:10:19","modified_gmt":"2013-08-17T06:10:19","slug":"kniha-o-ekumenizme","status":"publish","type":"post","link":"https:\/\/www.e-anjelik.sk\/index.php\/2013\/08\/17\/kniha-o-ekumenizme\/","title":{"rendered":"Kniha o ekumenizme"},"content":{"rendered":"<p>Ekumenick\u00e9 centrum v \u017deneve sa 28.m\u00e1ja stalo miestom prezent\u00e1cie novej knihy v\u00fdznamn\u00e9ho ekumenick\u00e9ho teol\u00f3ga Keitha Clementsa. Jeho nov\u00e1 publik\u00e1cia : Ekumenick\u00e1 dynamika: \u017di\u0165 viac ako na jednom mieste odrazu, upozor\u0148uje na nebezpe\u010denstvo straty ekumenick\u00e9ho ducha v s\u00fa\u010dasnej dobe.<br \/>\n\u013dudia a cirkvi potrebuj\u00fa znovu objavi\u0165 a obnovi\u0165 slovo ekumenick\u00fd v pozit\u00edvnom zmysle. Clements sa s\u0165a\u017eoval, \u017ee v dne\u0161nej dobe sme svedkami posadnutosti identitou, \u010do je evidentn\u00e9 v o\u017e\u00edvaj\u00facom konfesionalizme, etnocentrizme a nacionanalizme. Identita je pod\u013ea neho \u00faloha. Na kres\u0165anoch je, aby ju zistili a vedeli vych\u00e1dza\u0165 s ostatn\u00fdmi.<br \/>\nZ\u00e1kladom ekumenick\u00e9ho hnutia bol pod\u013ea neho impulz centr\u00e1lnej a biblickej spirituality, ktor\u00e1 prekra\u010duje hranice a vo vz\u00e1jomnom porozumen\u00ed vedie k spolo\u010dn\u00e9mu svedectvu a slu\u017ebe. Clements patr\u00ed medzi \u017eiakov Dietricha Bonhoeffera. V knihe opisuje aj ekumenick\u00fa hist\u00f3riu od stretnutia v Edinburghu v roku 1910 a\u017e po koniec sovietskej \u00e9ry.<br \/>\nPodstatou ekumenizmu je pod\u013ea Clementsa v tom, \u017ee n\u00e1m pom\u00e1ha identifikova\u0165  sa s celosvetovou cirkvou, stelesnen\u00edm Kristovho tela, v dne\u0161nom svete.<\/p>\n","protected":false},"excerpt":{"rendered":"<p>Ekumenick\u00e9 centrum v \u017deneve sa 28.m\u00e1ja stalo miestom prezent\u00e1cie novej knihy v\u00fdznamn\u00e9ho ekumenick\u00e9ho teol\u00f3ga Keitha Clementsa. Jeho nov\u00e1 publik\u00e1cia : Ekumenick\u00e1 dynamika: \u017di\u0165 viac ako na jednom mieste odrazu, upozor\u0148uje na nebezpe\u010denstvo straty ekumenick\u00e9ho ducha v s\u00fa\u010dasnej dobe. \u013dudia a cirkvi potrebuj\u00fa znovu objavi\u0165 a obnovi\u0165 slovo ekumenick\u00fd v pozit\u00edvnom zmysle. Clements sa s\u0165a\u017eoval, \u017ee &#8230; <a title=\"Kniha o ekumenizme\" class=\"read-more\" href=\"https:\/\/www.e-anjelik.sk\/index.php\/2013\/08\/17\/kniha-o-ekumenizme\/\" aria-label=\"Pre\u010d\u00edtajte si viac o Kniha o ekumenizme\">\u010c\u00edta\u0165 viac<\/a><\/p>\n","protected":false},"author":4,"featured_media":0,"comment_status":"open","ping_status":"open","sticky":false,"template":"","format":"standard","meta":{"footnotes":""},"categories":[2],"tags":[],"class_list":["post-5440","post","type-post","status-publish","format-standard","hentry","category-ekumena"],"_links":{"self":[{"href":"https:\/\/www.e-anjelik.sk\/index.php\/wp-json\/wp\/v2\/posts\/5440","targetHints":{"allow":["GET"]}}],"collection":[{"href":"https:\/\/www.e-anjelik.sk\/index.php\/wp-json\/wp\/v2\/posts"}],"about":[{"href":"https:\/\/www.e-anjelik.sk\/index.php\/wp-json\/wp\/v2\/types\/post"}],"author":[{"embeddable":true,"href":"https:\/\/www.e-anjelik.sk\/index.php\/wp-json\/wp\/v2\/users\/4"}],"replies":[{"embeddable":true,"href":"https:\/\/www.e-anjelik.sk\/index.php\/wp-json\/wp\/v2\/comments?post=5440"}],"version-history":[{"count":0,"href":"https:\/\/www.e-anjelik.sk\/index.php\/wp-json\/wp\/v2\/posts\/5440\/revisions"}],"wp:attachment":[{"href":"https:\/\/www.e-anjelik.sk\/index.php\/wp-json\/wp\/v2\/media?parent=5440"}],"wp:term":[{"taxonomy":"category","embeddable":true,"href":"https:\/\/www.e-anjelik.sk\/index.php\/wp-json\/wp\/v2\/categories?post=5440"},{"taxonomy":"post_tag","embeddable":true,"href":"https:\/\/www.e-anjelik.sk\/index.php\/wp-json\/wp\/v2\/tags?post=5440"}],"curies":[{"name":"wp","href":"https:\/\/api.w.org\/{rel}","templated":true}]}}