{"id":5457,"date":"2013-09-06T22:15:16","date_gmt":"2013-09-06T22:15:16","guid":{"rendered":"http:\/\/e-anjelik.sk\/?p=5457"},"modified":"2013-09-06T22:15:16","modified_gmt":"2013-09-06T22:15:16","slug":"krestania-v-syrii-sa-citia-byt-coraz-viac-ohrozeni-utokmi-islamistov","status":"publish","type":"post","link":"https:\/\/www.e-anjelik.sk\/index.php\/2013\/09\/06\/krestania-v-syrii-sa-citia-byt-coraz-viac-ohrozeni-utokmi-islamistov\/","title":{"rendered":"Kres\u0165ania v S\u00fdrii sa c\u00edtia by\u0165 \u010doraz viac ohrozen\u00ed \u00fatokmi islamistov"},"content":{"rendered":"<p>Amm\u00e1n 6. septembra (TASR) \u2013 S\u00fdrski povstalci sa v stredu zmocnili kres\u0165anskej dediny Mal\u00fal\u00e1 v strednej \u010dasti krajiny, ale u\u017e vo \u0161tvrtok sa z nej znova stiahli. I\u0161lo o s\u00fa\u010das\u0165 ich ofenz\u00edvy, ktorej cie\u013eom je z\u00edska\u0165 kontrolu nad strategicky d\u00f4le\u017eitou horou Kalam\u00fan severne od Damasku, v bl\u00edzkosti hran\u00edc s Libanonom.<br \/>\nDo horskej dediny Mal\u00fal\u00e1, ktor\u00e1 le\u017e\u00ed 1500 metrov nad morom, v stredu vst\u00fapilo nieko\u013eko povstaleck\u00fdch brig\u00e1d vr\u00e1tane jednotiek Frontu an-Nusra, napojen\u00e9ho na teroristick\u00fa sie\u0165 al-K\u00e1ida. Udalos\u0165 op\u00edsala agent\u00fara Reuters.<\/p>\n<p>Pod\u013ea franc\u00fazskeho historika a znalca kres\u0165ansk\u00fdch dej\u00edn S\u00fdrie Fr\u00e9d\u00e9rica Pichona je posolstvo \u00fatoku na Mal\u00fal\u00e1 jasn\u00e9: povstalci chc\u00fa kres\u0165anov zastra\u0161i\u0165 a da\u0165 im jasne najavo, \u017ee s\u00fa\u010dasn\u00fd re\u017eim ich u\u017e nedok\u00e1\u017ee chr\u00e1ni\u0165, pri\u010dom opozi\u010dn\u00e9 jednotky maj\u00fa dostatok n\u00e1strojov na \u00fatok, ktor\u00fd m\u00f4\u017eu uskuto\u010dni\u0165 kedyko\u013evek a kdeko\u013evek.<br \/>\nPichon v\u0161ak s\u00fa\u010dasne pouk\u00e1zal na solidaritu, ktor\u00fa kres\u0165anom v dedine preuk\u00e1zali miestni moslimovia. Mal\u00fal\u00e1 bola toti\u017e roky symbolom pokojn\u00e9ho spoluna\u017e\u00edvania kres\u0165anov a moslimov, \u010domu sa teraz radik\u00e1lni islamisti sna\u017eia zabr\u00e1ni\u0165, podotkol Pichon.<br \/>\nHistorik upozornil, \u017ee Mal\u00fal\u00e1 je jednou z posledn\u00fdch \u0161tyroch lokal\u00edt na svete, kde sa e\u0161te st\u00e1le hovor\u00ed po aramejsky, jazykom, ktor\u00fd pou\u017e\u00edval aj Je\u017ei\u0161.<br \/>\nPredpoklad\u00e1 sa tie\u017e, \u017ee chr\u00e1m v miestnom kl\u00e1\u0161tore sv. Sergeja je najstar\u0161\u00edm na svete. Archeol\u00f3govia sa domnievaj\u00fa, \u017ee bol postaven\u00fd e\u0161te pred prv\u00fdm nicejsk\u00fdm koncilom, ktor\u00fd sa konal v roku 325 n.l. V kl\u00e1\u0161tornom komplexe boli aj vz\u00e1cne arabsk\u00e9 ikony zo 17. storo\u010dia. Pred nieko\u013ek\u00fdmi t\u00fd\u017ed\u0148ami ich v\u0161ak odtia\u013e niekto ukradol.<br \/>\nV dedine je tie\u017e \u017eensk\u00fd gr\u00e9ckokatol\u00edcky kl\u00e1\u0161tor sv. Tekly, ktor\u00fd nav\u0161tevuj\u00fa i moslimsk\u00ed p\u00fatnici, ke\u010f\u017ee m\u00e1 poves\u0165, \u017ee po modlitb\u00e1ch v \u0148om doch\u00e1dza k z\u00e1zra\u010dn\u00fdm uzdraveniam.<br \/>\nAko pripom\u00edna Reuters, v S\u00fdrii \u017eije asi 850.000 kres\u0165anov, \u010do je 4,5 percenta obyvate\u013estva, pri\u010dom asi 400.000 s\u00fa katol\u00edci hl\u00e1siaci sa k s\u00fdrskej, maronitskej, chaldejskej \u010di arm\u00e9nskej cirkvi.<\/p>\n<p>http:\/\/www.hlavnespravy.sk\/krestania-v-syrii-sa-citia-byt-coraz-viac-ohrozeni-utokmi-islamistov\/139327\/<\/p>\n","protected":false},"excerpt":{"rendered":"<p>Amm\u00e1n 6. septembra (TASR) \u2013 S\u00fdrski povstalci sa v stredu zmocnili kres\u0165anskej dediny Mal\u00fal\u00e1 v strednej \u010dasti krajiny, ale u\u017e vo \u0161tvrtok sa z nej znova stiahli. I\u0161lo o s\u00fa\u010das\u0165 ich ofenz\u00edvy, ktorej cie\u013eom je z\u00edska\u0165 kontrolu nad strategicky d\u00f4le\u017eitou horou Kalam\u00fan severne od Damasku, v bl\u00edzkosti hran\u00edc s Libanonom. Do horskej dediny Mal\u00fal\u00e1, ktor\u00e1 &#8230; <a title=\"Kres\u0165ania v S\u00fdrii sa c\u00edtia by\u0165 \u010doraz viac ohrozen\u00ed \u00fatokmi islamistov\" class=\"read-more\" href=\"https:\/\/www.e-anjelik.sk\/index.php\/2013\/09\/06\/krestania-v-syrii-sa-citia-byt-coraz-viac-ohrozeni-utokmi-islamistov\/\" aria-label=\"Pre\u010d\u00edtajte si viac o Kres\u0165ania v S\u00fdrii sa c\u00edtia by\u0165 \u010doraz viac ohrozen\u00ed \u00fatokmi islamistov\">\u010c\u00edta\u0165 viac<\/a><\/p>\n","protected":false},"author":1,"featured_media":0,"comment_status":"open","ping_status":"open","sticky":false,"template":"","format":"standard","meta":{"footnotes":""},"categories":[17,10],"tags":[],"class_list":["post-5457","post","type-post","status-publish","format-standard","hentry","category-blizky-vychod","category-zo-sveta"],"_links":{"self":[{"href":"https:\/\/www.e-anjelik.sk\/index.php\/wp-json\/wp\/v2\/posts\/5457","targetHints":{"allow":["GET"]}}],"collection":[{"href":"https:\/\/www.e-anjelik.sk\/index.php\/wp-json\/wp\/v2\/posts"}],"about":[{"href":"https:\/\/www.e-anjelik.sk\/index.php\/wp-json\/wp\/v2\/types\/post"}],"author":[{"embeddable":true,"href":"https:\/\/www.e-anjelik.sk\/index.php\/wp-json\/wp\/v2\/users\/1"}],"replies":[{"embeddable":true,"href":"https:\/\/www.e-anjelik.sk\/index.php\/wp-json\/wp\/v2\/comments?post=5457"}],"version-history":[{"count":0,"href":"https:\/\/www.e-anjelik.sk\/index.php\/wp-json\/wp\/v2\/posts\/5457\/revisions"}],"wp:attachment":[{"href":"https:\/\/www.e-anjelik.sk\/index.php\/wp-json\/wp\/v2\/media?parent=5457"}],"wp:term":[{"taxonomy":"category","embeddable":true,"href":"https:\/\/www.e-anjelik.sk\/index.php\/wp-json\/wp\/v2\/categories?post=5457"},{"taxonomy":"post_tag","embeddable":true,"href":"https:\/\/www.e-anjelik.sk\/index.php\/wp-json\/wp\/v2\/tags?post=5457"}],"curies":[{"name":"wp","href":"https:\/\/api.w.org\/{rel}","templated":true}]}}