{"id":5461,"date":"2013-09-13T14:36:30","date_gmt":"2013-09-13T14:36:30","guid":{"rendered":"http:\/\/e-anjelik.sk\/?p=5461"},"modified":"2022-05-16T12:56:01","modified_gmt":"2022-05-16T10:56:01","slug":"zlaty-fond-slovenskej-literatury","status":"publish","type":"post","link":"https:\/\/www.e-anjelik.sk\/index.php\/2013\/09\/13\/zlaty-fond-slovenskej-literatury\/","title":{"rendered":"Zlat\u00fd fond slovenskej literat\u00fary SME"},"content":{"rendered":"<p>http:\/\/zlatyfond.sme.sk\/ &#8211; na tejto str\u00e1nke dobrovo\u013en\u00edcka komunita naskenovala a prep\u00edsala ve\u013ea kn\u00edh slovenskej klasiky. Medziin\u00fdm je tam aj ve\u013ea liter\u00e1rnych diel, biografie pam\u00e4t\u00ed od evanjelick\u00fdch far\u00e1rov alebo in\u00fdch evanjelick\u00fdch osobnost\u00ed. Zoznam diel podla osobnost\u00ed: http:\/\/zlatyfond.sme.sk\/autori#P<\/p>\n<p>Napr\u00edklad:<\/p>\n<p>Spomienky Michala Bodick\u00e9ho na far\u00e1rske roky d\u00e1vaj\u00fa pekn\u00fd obraz o \u017eivote v evanjelickej cirkvi na prelome 18. a 19. storo\u010dia. http:\/\/zlatyfond.sme.sk\/dielo\/1311\/Bodicky_Rozpomienky-a-pamati-I\/1<\/p>\n<p>Dennik J.M.Hurbana z meru\u00f4smych rokov: http:\/\/zlatyfond.sme.sk\/dielo\/1220\/Hurban_Dennik\/1<\/p>\n<p>Zivotopis M. Luthera spracovany ev. biskupom Karlom Kuzmanym: http:\/\/zlatyfond.sme.sk\/dielo\/1804\/Kuzmany_Zivot-Dr-Martina-Luthera\/1<\/p>\n<p>V\u00e4znenie, vyslobodenie a putovanie J\u00e1na Simonidesa a jeho druha Tobi\u00e1\u0161a Masn\u00edka: http:\/\/zlatyfond.sme.sk\/dielo\/1139\/Simonides_Vaznenie-vyslobodenie-a-putovanie-Jana-Simonidesa-a-jeho-druha-Tobiasa-Masnika\/1<\/p>\n<p>a ve\u013ea in\u00fdch zauj\u00edmav\u00fdch diel.<\/p>\n","protected":false},"excerpt":{"rendered":"<p>http:\/\/zlatyfond.sme.sk\/ &#8211; na tejto str\u00e1nke dobrovo\u013en\u00edcka komunita naskenovala a prep\u00edsala ve\u013ea kn\u00edh slovenskej klasiky. Medziin\u00fdm je tam aj ve\u013ea liter\u00e1rnych diel, biografie pam\u00e4t\u00ed od evanjelick\u00fdch far\u00e1rov alebo in\u00fdch evanjelick\u00fdch osobnost\u00ed. Zoznam diel podla osobnost\u00ed: http:\/\/zlatyfond.sme.sk\/autori#P Napr\u00edklad: Spomienky Michala Bodick\u00e9ho na far\u00e1rske roky d\u00e1vaj\u00fa pekn\u00fd obraz o \u017eivote v evanjelickej cirkvi na prelome 18. a 19. &#8230; <a title=\"Zlat\u00fd fond slovenskej literat\u00fary SME\" class=\"read-more\" href=\"https:\/\/www.e-anjelik.sk\/index.php\/2013\/09\/13\/zlaty-fond-slovenskej-literatury\/\" aria-label=\"Pre\u010d\u00edtajte si viac o Zlat\u00fd fond slovenskej literat\u00fary SME\">\u010c\u00edta\u0165 viac<\/a><\/p>\n","protected":false},"author":1,"featured_media":0,"comment_status":"open","ping_status":"open","sticky":false,"template":"","format":"standard","meta":{"footnotes":""},"categories":[195,40],"tags":[],"class_list":["post-5461","post","type-post","status-publish","format-standard","hentry","category-evanjelicke-slovensko","category-historia"],"_links":{"self":[{"href":"https:\/\/www.e-anjelik.sk\/index.php\/wp-json\/wp\/v2\/posts\/5461","targetHints":{"allow":["GET"]}}],"collection":[{"href":"https:\/\/www.e-anjelik.sk\/index.php\/wp-json\/wp\/v2\/posts"}],"about":[{"href":"https:\/\/www.e-anjelik.sk\/index.php\/wp-json\/wp\/v2\/types\/post"}],"author":[{"embeddable":true,"href":"https:\/\/www.e-anjelik.sk\/index.php\/wp-json\/wp\/v2\/users\/1"}],"replies":[{"embeddable":true,"href":"https:\/\/www.e-anjelik.sk\/index.php\/wp-json\/wp\/v2\/comments?post=5461"}],"version-history":[{"count":1,"href":"https:\/\/www.e-anjelik.sk\/index.php\/wp-json\/wp\/v2\/posts\/5461\/revisions"}],"predecessor-version":[{"id":35554,"href":"https:\/\/www.e-anjelik.sk\/index.php\/wp-json\/wp\/v2\/posts\/5461\/revisions\/35554"}],"wp:attachment":[{"href":"https:\/\/www.e-anjelik.sk\/index.php\/wp-json\/wp\/v2\/media?parent=5461"}],"wp:term":[{"taxonomy":"category","embeddable":true,"href":"https:\/\/www.e-anjelik.sk\/index.php\/wp-json\/wp\/v2\/categories?post=5461"},{"taxonomy":"post_tag","embeddable":true,"href":"https:\/\/www.e-anjelik.sk\/index.php\/wp-json\/wp\/v2\/tags?post=5461"}],"curies":[{"name":"wp","href":"https:\/\/api.w.org\/{rel}","templated":true}]}}