{"id":5468,"date":"2013-10-04T13:47:50","date_gmt":"2013-10-04T13:47:50","guid":{"rendered":"http:\/\/e-anjelik.sk\/?p=5468"},"modified":"2013-10-04T13:47:50","modified_gmt":"2013-10-04T13:47:50","slug":"niekde-na-zapade-hlavne-nedelne-bohosluzby","status":"publish","type":"post","link":"https:\/\/www.e-anjelik.sk\/index.php\/2013\/10\/04\/niekde-na-zapade-hlavne-nedelne-bohosluzby\/","title":{"rendered":"Niekde na z\u00e1pade &#8230;hlavn\u00e9 nede\u013en\u00e9 &#8222;bohoslu\u017eby&#8220;"},"content":{"rendered":"<p>&#8222;Kostol (nielen) pre mal\u00fdch&#8220; &#8211; tak znel l\u00e1kav\u00fd n\u00e1zov ekumenick\u00e9ho podujatia, ktor\u00e9 pripravil miestny kalv\u00ednsky zbor v r\u00e1mci nie\u010doho ako hody v obci. Pri\u0161lo tam mo\u017eno 70 \u013eud\u00ed, rodiny s mal\u00fdmi de\u0165mi, dom\u00e1ci, proste sen ka\u017ed\u00e9ho mision\u00e1ra.<\/p>\n<p>Pani far\u00e1rka s t\u00fdmom pripravili nasledovn\u00e9:<\/p>\n<p>1. v\u0161etk\u00fdch priv\u00edtali u\u017e vo dver\u00e1ch s podan\u00edm r\u00fak, \u010do navodilo n\u00e1dejn\u00fd pocit.<br \/>\n2. v s\u00e1le sa po priv\u00edtan\u00ed a skon\u0161tat\u00e1cii rekordnej \u00fa\u010dasti predstavil pr\u00edpravn\u00fd t\u00edm  &#8211; sam\u00e9 \u017eeny v r\u00e1tane pani far\u00e1rky. Man\u017eel pani far\u00e1rky, tie\u017e far\u00e1r, sedel v obecenstve.<br \/>\n3. Na let\u00e1\u010dikoch boli dve piesne &#8211; jedna africk\u00e1, bez prekladu, jedna v jazyku n\u00e1\u0161ho kme\u0148a.<br \/>\n4. Povenovali sme sa n\u00e1cviku africkej piesne &#8211; netu\u0161\u00edm dodnes o \u010dom to bolo. doprovod na klav\u00edri.<br \/>\n5. Rozpovedali n\u00e1m pr\u00edbeh o africk\u00fdch farebn\u00fdch vt\u00e1\u010dikoch s ve\u013emi jemn\u00fdm mor\u00e1lnym n\u00e1bojom: zhrn\u00fa\u0165 by sa to dalo do &#8222;nebu\u010f sebec, nechci v\u0161etko len pre seba. inak nedostane\u0161 ni\u010d&#8220;.<br \/>\n6. pr\u00edbeh sa pr\u00edjemne prepojil s pies\u0148ou a &#8222;\u0161um\u00edtkami&#8220;.<br \/>\n7. zaspievala sa jednovetov\u00e1 druh\u00e1 piese\u0148, ke\u010f sa dr\u017eali v\u0161etci za ruky. text: &#8222;nech n\u00e1s Boh po\u017eehn\u00e1va, mal\u00fdch i velk\u00fdch&#8220;. Bola tu\u0161\u00edm aj modlitba v zmysle: &#8222;Mil\u00fd Bo\u017ee &#8211; po\u017eehn\u00e1vaj n\u00e1s, mal\u00fdch i ve\u013ek\u00fdch&#8220;.<br \/>\nZ\u00e1ver s podan\u00edm vecn\u00e9ho dar\u010deka pre pre deti.  30 min\u00fat, vybaven\u00e9.<\/p>\n<p>Koment\u00e1r 1. Je\u017ei\u0161a nespomenuli ani raz.  Boha dva kr\u00e1t &#8211; v piesni a modlitbe. Bo\u017eie slovo, Bibliu, spevn\u00edk ani in\u00fa bohoslu\u017eobn\u00fa knihu nebolo treba. Ani len mor\u00e1lne posolstvo toho priblbl\u00e9ho pr\u00edbeho nebolo povedan\u00e9. Tak\u017ee sa organiz\u00e1tori neodv\u00e1\u017eili ani len moralizovanie, nie to z\u00e1kon alebo evanjelium.<br \/>\nKoment\u00e1r 2. Deti sam\u00e9 odseba to zhodnotili \u017ee toto nebol \u017eiadny &#8222;kostol&#8220; a \u017ee sa im to nep\u00e1\u010dilo.<br \/>\nKoment\u00e1r 3. U\u017e tam asi nevkro\u010d\u00edm.<\/p>\n<p>Ot\u00e1zka do debaty: Na\u010do je tak\u00e9ho kres\u0165anstvo, ke\u010f nek\u00e1\u017ee ani Bo\u017eie Slovo ani Je\u017ei\u0161a ani evanjelium. Nie je toto postmodern\u00fd, zbyto\u010dn\u00fd, pohansk\u00fd a v podstate kres\u0165anstvu \u0161kodliv\u00fd fenom\u00e9n?<\/p>\n","protected":false},"excerpt":{"rendered":"<p>&#8222;Kostol (nielen) pre mal\u00fdch&#8220; &#8211; tak znel l\u00e1kav\u00fd n\u00e1zov ekumenick\u00e9ho podujatia, ktor\u00e9 pripravil miestny kalv\u00ednsky zbor v r\u00e1mci nie\u010doho ako hody v obci. Pri\u0161lo tam mo\u017eno 70 \u013eud\u00ed, rodiny s mal\u00fdmi de\u0165mi, dom\u00e1ci, proste sen ka\u017ed\u00e9ho mision\u00e1ra. Pani far\u00e1rka s t\u00fdmom pripravili nasledovn\u00e9: 1. v\u0161etk\u00fdch priv\u00edtali u\u017e vo dver\u00e1ch s podan\u00edm r\u00fak, \u010do navodilo n\u00e1dejn\u00fd &#8230; <a title=\"Niekde na z\u00e1pade &#8230;hlavn\u00e9 nede\u013en\u00e9 &#8222;bohoslu\u017eby&#8220;\" class=\"read-more\" href=\"https:\/\/www.e-anjelik.sk\/index.php\/2013\/10\/04\/niekde-na-zapade-hlavne-nedelne-bohosluzby\/\" aria-label=\"Pre\u010d\u00edtajte si viac o Niekde na z\u00e1pade &#8230;hlavn\u00e9 nede\u013en\u00e9 &#8222;bohoslu\u017eby&#8220;\">\u010c\u00edta\u0165 viac<\/a><\/p>\n","protected":false},"author":12,"featured_media":0,"comment_status":"open","ping_status":"open","sticky":false,"template":"","format":"standard","meta":{"footnotes":""},"categories":[9,10],"tags":[215],"class_list":["post-5468","post","type-post","status-publish","format-standard","hentry","category-europa","category-zo-sveta","tag-svedectva"],"_links":{"self":[{"href":"https:\/\/www.e-anjelik.sk\/index.php\/wp-json\/wp\/v2\/posts\/5468","targetHints":{"allow":["GET"]}}],"collection":[{"href":"https:\/\/www.e-anjelik.sk\/index.php\/wp-json\/wp\/v2\/posts"}],"about":[{"href":"https:\/\/www.e-anjelik.sk\/index.php\/wp-json\/wp\/v2\/types\/post"}],"author":[{"embeddable":true,"href":"https:\/\/www.e-anjelik.sk\/index.php\/wp-json\/wp\/v2\/users\/12"}],"replies":[{"embeddable":true,"href":"https:\/\/www.e-anjelik.sk\/index.php\/wp-json\/wp\/v2\/comments?post=5468"}],"version-history":[{"count":0,"href":"https:\/\/www.e-anjelik.sk\/index.php\/wp-json\/wp\/v2\/posts\/5468\/revisions"}],"wp:attachment":[{"href":"https:\/\/www.e-anjelik.sk\/index.php\/wp-json\/wp\/v2\/media?parent=5468"}],"wp:term":[{"taxonomy":"category","embeddable":true,"href":"https:\/\/www.e-anjelik.sk\/index.php\/wp-json\/wp\/v2\/categories?post=5468"},{"taxonomy":"post_tag","embeddable":true,"href":"https:\/\/www.e-anjelik.sk\/index.php\/wp-json\/wp\/v2\/tags?post=5468"}],"curies":[{"name":"wp","href":"https:\/\/api.w.org\/{rel}","templated":true}]}}