{"id":5475,"date":"2013-10-30T19:33:11","date_gmt":"2013-10-30T19:33:11","guid":{"rendered":"http:\/\/e-anjelik.sk\/?p=5475"},"modified":"2025-07-18T18:40:35","modified_gmt":"2025-07-18T16:40:35","slug":"pamiatka-reformacie-m-razus","status":"publish","type":"post","link":"https:\/\/www.e-anjelik.sk\/index.php\/2013\/10\/30\/pamiatka-reformacie-m-razus\/","title":{"rendered":"Pamiatka reform\u00e1cie &#8211;  (M.R\u00e1zus)"},"content":{"rendered":"\n<p>Martin R\u00e1zus: PAMIATKA REFORM\u00c1CIE<\/p>\n\n\n\n<p>Svetlo pravdy Tvojej, Bo\u017ee Hospodine,<br> nikdy nevyhasne, v tm\u00e1ch sa nerozplynie.<br> Dopust\u00ed\u0161 i mraku sadn\u00fa\u0165 na svet du\u0161\u00ed,<br> no rek siln\u00fd v\u017edy ho v Tvojom mene skru\u0161\u00ed.<br> Tak ho rozbil niekdy mu\u017e d\u013ea Tvojho slova &#8211;<br> zrodila sa cirkev, svitla doba nov\u00e1.<br> Na tie sl\u00e1vne deje zbo\u017ene spom\u00edname<br> s prehlbokou v\u010fakou v tichom na\u0161om chr\u00e1me.<br> \u00d3, sv\u00e4\u0165 s nami, Pane, \u017eehnaj svojmu dielu,<br> utvr\u010f vieru v n\u00e1s a popraj myse\u013e smel\u00fa!<br> Za \u010distotu slova st\u00e1\u0165, i za sviatosti &#8211;<br> a\u017e sa \u010dasy zmenia,<br> sv\u00e4tos\u0165 presved\u010denia<br> spoj\u00ed n\u00e1s tam s Tebou nebies na v\u00fdsosti!<\/p>\n","protected":false},"excerpt":{"rendered":"<p>Martin R\u00e1zus: PAMIATKA REFORM\u00c1CIE Svetlo pravdy Tvojej, Bo\u017ee Hospodine, nikdy nevyhasne, v tm\u00e1ch sa nerozplynie. Dopust\u00ed\u0161 i mraku sadn\u00fa\u0165 na svet du\u0161\u00ed, no rek siln\u00fd v\u017edy ho v Tvojom mene skru\u0161\u00ed. Tak ho rozbil niekdy mu\u017e d\u013ea Tvojho slova &#8211; zrodila sa cirkev, svitla doba nov\u00e1. Na tie sl\u00e1vne deje zbo\u017ene spom\u00edname s prehlbokou v\u010fakou &#8230; <a title=\"Pamiatka reform\u00e1cie &#8211;  (M.R\u00e1zus)\" class=\"read-more\" href=\"https:\/\/www.e-anjelik.sk\/index.php\/2013\/10\/30\/pamiatka-reformacie-m-razus\/\" aria-label=\"Pre\u010d\u00edtajte si viac o Pamiatka reform\u00e1cie &#8211;  (M.R\u00e1zus)\">\u010c\u00edta\u0165 viac<\/a><\/p>\n","protected":false},"author":4,"featured_media":0,"comment_status":"open","ping_status":"open","sticky":false,"template":"","format":"standard","meta":{"footnotes":""},"categories":[26,165,95],"tags":[],"class_list":["post-5475","post","type-post","status-publish","format-standard","hentry","category-pamiatka-reformacie","category-poezia-2","category-sobotiste"],"_links":{"self":[{"href":"https:\/\/www.e-anjelik.sk\/index.php\/wp-json\/wp\/v2\/posts\/5475","targetHints":{"allow":["GET"]}}],"collection":[{"href":"https:\/\/www.e-anjelik.sk\/index.php\/wp-json\/wp\/v2\/posts"}],"about":[{"href":"https:\/\/www.e-anjelik.sk\/index.php\/wp-json\/wp\/v2\/types\/post"}],"author":[{"embeddable":true,"href":"https:\/\/www.e-anjelik.sk\/index.php\/wp-json\/wp\/v2\/users\/4"}],"replies":[{"embeddable":true,"href":"https:\/\/www.e-anjelik.sk\/index.php\/wp-json\/wp\/v2\/comments?post=5475"}],"version-history":[{"count":1,"href":"https:\/\/www.e-anjelik.sk\/index.php\/wp-json\/wp\/v2\/posts\/5475\/revisions"}],"predecessor-version":[{"id":38228,"href":"https:\/\/www.e-anjelik.sk\/index.php\/wp-json\/wp\/v2\/posts\/5475\/revisions\/38228"}],"wp:attachment":[{"href":"https:\/\/www.e-anjelik.sk\/index.php\/wp-json\/wp\/v2\/media?parent=5475"}],"wp:term":[{"taxonomy":"category","embeddable":true,"href":"https:\/\/www.e-anjelik.sk\/index.php\/wp-json\/wp\/v2\/categories?post=5475"},{"taxonomy":"post_tag","embeddable":true,"href":"https:\/\/www.e-anjelik.sk\/index.php\/wp-json\/wp\/v2\/tags?post=5475"}],"curies":[{"name":"wp","href":"https:\/\/api.w.org\/{rel}","templated":true}]}}