{"id":5476,"date":"2013-11-06T14:22:56","date_gmt":"2013-11-06T14:22:56","guid":{"rendered":"http:\/\/e-anjelik.sk\/?p=5476"},"modified":"2013-11-06T14:22:56","modified_gmt":"2013-11-06T14:22:56","slug":"podakovanie-za-urody","status":"publish","type":"post","link":"https:\/\/www.e-anjelik.sk\/index.php\/2013\/11\/06\/podakovanie-za-urody\/","title":{"rendered":"Po\u010fakovanie za \u00farody"},"content":{"rendered":"<p>                                                            Po\u010fakovanie za \u00farody zeme<br \/>\nF 4, 4-9:<br \/>\n\u201cRadujte sa v P\u00e1nu v\u017edycky! Opakujem: Radujte sa! (5) Va\u0161a dobrotivos\u0165 nech je zn\u00e1ma v\u0161etk\u00fdm \u013eu\u010fom. P\u00e1n bl\u00edzko! (6) O ni\u010d nebu\u010fte ustarosten\u00ed, ale vo v\u0161etkom s v\u010fakou predkladajte Bohu svoje \u017eiadosti vo v\u0161etk\u00fdch svojich modlitb\u00e1ch a prosb\u00e1ch. (7) A pokoj Bo\u017e\u00ed, ktor\u00fd prevy\u0161uje ka\u017ed\u00fd rozum, bude h\u00e1ji\u0165 va\u0161e srdcia a va\u0161e mysle v Kristu Je\u017ei\u0161i. (8) Napokon, prem\u00fd\u0161\u013eajte bratia, o v\u0161etkom, \u010do je pravdiv\u00e9, \u010do \u010destn\u00e9, \u010do spravodliv\u00e9, \u010do \u010dist\u00e9, \u010do \u013e\u00fabezn\u00e9, \u010do pr\u00edjemn\u00e9, o v\u0161etkom, \u010do je cnostn\u00e9 a \u010do chv\u00e1litebn\u00e9! (9) \u010comu ste sa aj nau\u010dili, \u010do ste aj prijali aj po\u010duli a videli na mne, to \u010di\u0148te. A Boh pokoja bude s vami.\u201d Amen <\/p>\n<p>Bohumil\u00ed kres\u0165ania!<\/p>\n<p>     \u201cTebe patr\u00ed chv\u00e1lospev, Bo\u017ee na Sione, a Tebe nech sa pln\u00ed s\u013eub. Ty n\u00e1dej v\u0161etk\u00fdch kon\u010d\u00edn zeme, i \u010falek\u00fdch ostrovov. -Ty d\u00e1va\u0161 plesa\u0165 tam, kde svit\u00e1 r\u00e1no, kde sa zmr\u00e1ka ve\u010der. &#8211; Nav\u0161tevuje\u0161 zem a nap\u00e1ja\u0161 ju, hojne ju obohacuje\u0161. &#8211; Dobrotou svojou korunuje\u0161 rok, \u0161\u013eapaje Tvoje vlhn\u00fa tukom. &#8211; L\u00faky sa priodievaj\u00fa st\u00e1dami a doliny<br \/>\nsa pokr\u00fdvaj\u00fa obil\u00edm; v\u00fdskaj\u00fa a prespevuj\u00fa\u201d.  Takto sa rozospieval kr\u00e1\u013e D\u00e1vid v 65-tom \u017dalme pri uvedomen\u00ed si po\u017eehnania Bo\u017eieho v daroch duchovn\u00fdch, ale aj v daroch pre telo. Po\u010fakovanie za \u00farody zeme bol mil\u00fdm a d\u00f4le\u017eit\u00fdm sviatkom od prad\u00e1vna pre v\u0161etk\u00fdch \u013eud\u00ed a v\u0161etky n\u00e1rody. V Amerike je V\u010fakyvzdanie dodnes v\u00fdznamn\u00fd rodinn\u00fdm i \u0161t\u00e1tnym sviatkom.<\/p>\n<p>      K po\u010fakovaniu za \u00farody zeme sa v dne\u0161n\u00fa nede\u013eu zhroma\u017e\u010fujeme v chr\u00e1me aj my. \u017dijeme uprostred Bo\u017eej pr\u00edrody a v \u00fazkom spojen\u00ed s \u0148ou. Obklopen\u00ed poliami, l\u00fakami, sadmi a lesmi. Niekedy tu boli aj vinice, ktor\u00e9 pokr\u00fdvali tunaj\u0161ie str\u00e1ne. Dnes v po\u013enohospod\u00e1rstve pracuje pomerne m\u00e1lo \u013eud\u00ed, preto\u017ee technika a stroje nahradili mnoho ru\u010dnej pr\u00e1ce. V\u00e4\u010d\u0161ina \u013eud\u00ed v\u0161ak m\u00e1 men\u0161iu, \u010di v\u00e4\u010d\u0161iu z\u00e1hradku, ak nie zeleninov\u00fa, tak aspo\u0148 na kvety. A kto nem\u00e1, ur\u010dite po nej t\u00fa\u017ei. \u013dudia z miest tu vyk\u00fapili mno\u017estvo chal\u00fap so sadmi a tr\u00e1via pri ich zve\u013ea\u010fovan\u00ed mnoho \u010dasu. \u010cloveka to k zemi priam pri\u0165ahuje. Zrejme na d\u00f4kaz toho, \u017ee je zo zeme stvoren\u00fd a vzat\u00fd&#8230; <\/p>\n<p>     \u010clovek by nemal zab\u00fada\u0165 popri daroch zeme na samotn\u00e9ho Darcu v\u0161etk\u00fdch dobr\u00fdch darov. Na svojho Stvorite\u013ea a nebesk\u00e9ho Otca, ktor\u00fd stoj\u00ed za v\u0161etk\u00fdm po\u017eehnan\u00edm a \u017eivotom na tejto zemi.<br \/>\n\u017divot je cenn\u00fdm a vz\u00e1cnym vo v\u0161etk\u00fdch prejavoch rastlinej i \u017eivo\u010d\u00ed\u0161nej r\u00ed\u0161e. V\u0161etko, \u010do tu je, ne\u017eiv\u00e1 i \u017eiv\u00e1 pr\u00edroda je stvoren\u00e9 pre \u010dloveka. \u010clovek sa stal korunou Bo\u017eieho stvorenstva a jeho p\u00e1nom. Je len samozrejem\u00e9, \u017ee \u010dlovek i \u013eudstvo ako celok by malo by\u0165 a zosta\u0165 p\u00e1nom dobr\u00fdm a m\u00fadrym, pod\u013ea Bo\u017eieho poverenia a obrazu. Zodpovedn\u00fdm \u0161af\u00e1rom za v\u0161etko stvorenstvo a za to, \u010do P\u00e1n Boh z l\u00e1sky stvoril pre \u010dloveka. My sami v\u0161ak m\u00e1me patri\u0165 Bohu, ako Jeho synovia a dc\u00e9ry. V tomto vyv\u00e1\u017eenom postaven\u00ed, ke\u010f stoj\u00edme vy\u0161\u0161ie ako stvorenstvo, ale ni\u017e\u0161ie ako Stvorite\u013e, m\u00f4\u017ee \u010dlovek n\u00e1js\u0165 bla\u017eenos\u0165 a rados\u0165.<\/p>\n<p>    Vo vedom\u00ed Bo\u017eej l\u00e1sky a v d\u00f4vere v Bo\u017eiu nekon\u010diacu pomoc a milos\u0165, m\u00f4\u017eeme po\u010du\u0165 a naplni\u0165 apo\u0161tolsk\u00fa v\u00fdzvu: \u201cRadujte sa v P\u00e1nu v\u017edycky! Opakujem, radujte sa!\u201d  Ide o rados\u0165 zalo\u017een\u00fa na poznan\u00ed, \u017ee P\u00e1n Boh na n\u00e1s nezab\u00fada, \u017ee je n\u00e1m v Kristu Je\u017ei\u0161i bl\u00edzky. Je\u017ei\u0161 pln\u00ed svoj s\u013eub: \u201cAjh\u013ea, ja som s vami, po v\u0161etky dni, a\u017e do konca sveta\u201d. Napokon ani smr\u0165, ani pr\u00edpadn\u00fd koniec sveta  nemus\u00ed by\u0165 pre n\u00e1s a pre nikoho hrozbou, ak sa v d\u00f4vere obraciame a vinieme k P\u00e1novi Je\u017ei\u0161ovi Kristovi. Trojjedin\u00fd Boh je n\u00e1m bl\u00edzky, ako to pripomenul ap.Pavel u\u017e Gr\u00e9kom v At\u00e9nach:<br \/>\n\u201cVe\u010f On nie je \u010faleko od nikoho z n\u00e1s, lebo N\u00edm \u017eijeme, h\u00fdbeme sa trv\u00e1me\u201d. To je z\u00e1klad na\u0161ej kres\u0165anskej n\u00e1deje a radosti.<br \/>\n                   P\u00e1n je bl\u00edzko! To n\u00e1s:<br \/>\n              1.  k v\u010fake a dobrote povzbudzuje<br \/>\n               2.  ustarostenosti zbavuje<br \/>\n               3.  pokojom napl\u0148uje<\/p>\n<p>Bratia a sestry!<\/p>\n<p>     Viera v Bo\u017eiu milos\u0165, dobrotu a l\u00e1sku, n\u00e1m v\u017edy nanovo d\u00e1va do \u00fast a s\u0155dc prejavy v\u010faky P\u00e1nu Bohu, ako ich vyslovil u\u017e \u017ealmista: \u201c\u010eakujte Hospodinu, lebo je dobr\u00fd lebo Jeho milos\u0165 trv\u00e1 naveky\u201d ( \u017d 106, 1). Podobne, ako refr\u00e9n, znie aj in\u00fd v\u00fdrok zo \u017dalmov: \u201cDobrore\u010d du\u0161a moja Hospodinu a nezab\u00fadaj na \u017eiadne z Jeho dobroden\u00ed. (\u017d 103, 1)  V\u00e4\u010d\u0161ina z n\u00e1s iste rozumie t\u00fdmto a in\u00fdm prejavom v\u010faky, chv\u00e1ly a dobrore\u010denia P\u00e1nu Bohu.<br \/>\n       Je tu v\u0161ak aj in\u00fd sp\u00f4sob po\u010fakovania, ktor\u00ed sa u n\u00e1s u\u017e pr\u00edli\u0161 \u201cnenos\u00ed\u201d. M\u00e1me okolo seba pomerne m\u00e1lo vzorov, kor\u00e9 s\u00fa hodn\u00e9 nasledovania. V\u0161eobecne vid\u00edme, ako kles\u00e1 dobro\u010dinnos\u0165 a mnoh\u00ed  myslia len na seba. L\u00e1ska mnoh\u00fdch ochladla a obetav\u00fdch kres\u0165anov je st\u00e1le menej. Apo\u0161tolsk\u00e9 slovo a v\u00fdzva k radostnej n\u00e1deji je spojen\u00e1 v Pavlov\u00fdch slov\u00e1ch s v\u00fdzvou k dobrotivosti. K takej dobrotivosti a dobro\u010dinnosti, ktor\u00e1 m\u00e1 by\u0165 vidite\u013en\u00e1, zjavn\u00e1 a zn\u00e1ma \u201cv\u0161etk\u00fdm \u013eu\u010fom\u201d. <\/p>\n<p>Bohumil\u00ed kres\u0165ania!<br \/>\n    Nede\u013ea po\u010fakovania za \u00farody je \u010dasom, ke\u010f si m\u00e1me uvedomi\u0165, \u017ee tak, ako Boh \u0161tedro d\u00e1va n\u00e1m, m\u00e1me aj my vedie\u0165 podpori\u0165 t\u00fdch, ktor\u00ed to najviac potrebuj\u00fa. \u010casto \u013eudia nevedia prejavi\u0165 dobrotivos\u0165 ani vo\u010di svojim najbli\u017e\u0161\u00edm. Hovor\u00ed sa, \u017ee jeden rodi\u010d vychov\u00e1  viacero det\u00ed, ale t\u00fdch \u201cviacero\u201d det\u00ed sa neraz nevie postara\u0165 ani o jedn\u00e9ho z rodi\u010dov. Najpov\u00e1\u017elivej\u0161ia skuto\u010dnos\u0165 je v tom, ke\u010f man\u017eelia, dnes \u010dasto \u017eij\u00faci v nez\u00e1v\u00e4zn\u00fdch zv\u00e4zkoch neprij\u00edmaj\u00fa ani deti. D\u00f4sledky s\u00fa zn\u00e1me: Eur\u00f3pa st\u00e1rne, st\u00e1rne aj Slovensko. St\u00e1rne a umen\u0161uje sa, teraz u\u017e rap\u00eddne, aj na\u0161a ECAV. Naj\u010dastej\u0161\u00edm d\u00f4vodom odmietania man\u017eelstva a det\u00ed sa uv\u00e1dza finan\u010dn\u00e9 zabezpe\u010denie det\u00ed. Je odpodstatnen\u00e1 tak\u00e1 ustarostenos\u0165? <\/p>\n<p>     Bratia a sestry!<br \/>\n     Pribli\u017euje sa \u010das, ke\u010f cirkvi u n\u00e1s prestan\u00fa dost\u00e1va\u0165 peniaze zo \u0161t\u00e1tnej pokladnice na platy svojich far\u00e1rov. Bude zauj\u00edmav\u00e9 sledova\u0165, ako sa s t\u00fdm na\u0161e cirkevn\u00e9 zbory dok\u00e1\u017eu vyrovna\u0165. Vedomie o tom, \u017ee P\u00e1n Boh sa star\u00e1 o n\u00e1s i cel\u00e9 stvorenstvo by sa malo prejavi\u0165 aj v odvahe viery prija\u0165 odluku a zbavi\u0165 sa z\u00e1\u0165a\u017ee ohov\u00e1rania, alebo aj ned\u00f4stojnej z\u00e1vislosti na \u0161t\u00e1te. Pravda, za podmienky prisl\u00fa\u017eenia pr\u00e1va a spravodlivosti cirkv\u00e1m.<br \/>\n     Vieme, \u017ee \u017eijeme vo svete plnom neistoty, ob\u00e1v, ustarostenosti i strachu o kvalitu \u017eivota v bud\u00facnosti. Je to v\u00fdznamn\u00e9 slovo, ktor\u00e9 znie z Bo\u017eej strany. Je\u017ei\u0161 u\u010den\u00edkom a nasledovn\u00edkom v ich obav\u00e1ch zd\u00f4raz\u0148oval: \u201c Nebu\u010fte ustarosten\u00ed o zajtraj\u0161\u00ed de\u0148\u201d!  V tom istom duchu hovor\u00ed aj apo\u0161tol Pavel kres\u0165anom do Filipis, ale aj n\u00e1m: \u201dO ni\u010d nebu\u010fte ustarosten\u00ed, ale vo v\u0161etkom s v\u010fakou predkladajte Bohu svoje \u017eiadosti vo v\u0161etk\u00fdch svojich modlitb\u00e1ch a prosb\u00e1ch\u201d. Neby\u0165 ustarosten\u00ed neznamen\u00e1 nestara\u0165 sa, ale nema\u0165 strach z bud\u00facnosti, ktor\u00e1 je v\u017edy v Bo\u017e\u00edch ruk\u00e1ch. Pravda, nejde len o na\u0161e vlastn\u00e9 starosti.<\/p>\n<p>     V uplynulom t\u00fd\u017edni stroskotali v Stredozemnom mori dve lode, preplnen\u00e9 vys\u0165ahovalcami a ute\u010dencami z Afriky, ale aj zo S\u00fdrie, pri\u010dom zahynulo vy\u0161e 300 \u013eud\u00ed. V t\u00fa\u017ebe po lep\u0161om \u017eivote a neraz aj v t\u00fa\u017ebe o hol\u00e9 pre\u017eitie, riskuj\u00fa v\u0161etko a plavia sa na preplnen\u00fdch lodiach do Eur\u00f3py. Trv\u00e1 to u\u017e ve\u013ea rokov a neodrad\u00ed ich ani hrozba stroskotania.<br \/>\n      Aj t\u00e1to skuto\u010dnos\u0165, n\u00e1s vedie k tomu, \u017ee si uvedomujeme, \u017ee po\u017eehnanie \u00farod zeme je dan\u00e9 v\u0161etk\u00fdm. \u017dijeme na jednej plan\u00e9te a m\u00e1 n\u00e1m \u00eds\u0165 o prosby a v\u010faku nielen za na\u0161u krajinu a jej po\u017eehnanie, ale o cel\u00fa zem. Neraz mysl\u00edme \u00fazkoprso a pr\u00edli\u0161 egoisticky, zab\u00fadaj\u00fac na na\u0161ich bl\u00ed\u017enych vo svete. Ak sa im nepom\u00f4\u017ee tam, kde \u017eij\u00fa, st\u00e1vaj\u00fa sa z nich migranti a ute\u010denci, aby pre\u017eili oni a ich deti.<br \/>\n      Uv\u00e1\u017eme len, ako sa rozm\u00fd\u0161\u013ea u n\u00e1s a v EU v\u00f4bec. V\u0161etci s\u00fa za ve\u013ek\u00e9 dot\u00e1cie do po\u013enohospod\u00e1rskej v\u00fdroby!  Africk\u00fdm ro\u013en\u00edkom dot\u00e1cie nem\u00e1 kto da\u0165 a preto nie s\u00fa konkurencie schopn\u00ed. Mnoh\u00ed preto op\u00fa\u0161\u0165aj\u00fa p\u00f4du a hrn\u00fa sa do miest, kde v\u0161ak niet pr\u00e1ce. Preto iba \u017eivoria, alebo utekaj\u00fa  tam, kde sa \u0161tedro dotuje, ale s\u00fa\u010dasne aj plytv\u00e1 lacn\u00fdmi potravinami. Vznik\u00e1 tak uzavret\u00fd kruh a niet dostatok odvahy a v\u00f4le ho roz\u0165a\u0165 a vyst\u00fapi\u0165 z neho. <\/p>\n<p>    Iste aj to je jedna z ot\u00e1zok a \u00faloh, kde m\u00e1me naplni\u0165 apo\u0161tolsk\u00e9 slovo: \u201dNapokon, prem\u00fd\u0161\u013eajte, bratia, o v\u0161etkom, \u010do je pravdiv\u00e9, \u010do \u010destn\u00e9, \u010do spravodliv\u00e9, \u010do \u010dist\u00e9, \u010do \u013e\u00fabezn\u00e9, \u010do pr\u00edjemn\u00e9, o v\u0161etkom, \u010do je cnostn\u00e9 a \u010do chv\u00e1litebn\u00e9! \u010comu ste sa aj nau\u010dili, \u010do ste aj prijali aj po\u010duli a videli ma mne, to \u010di\u0148te\u201d. Treba doda\u0165, \u017ee kres\u0165ania vo Filipis, ako jedin\u00fd cirkevn\u00fd zbor prispieval apo\u0161tolovi Pavlovi na jeho \u201cv\u00fddavky a pr\u00edjmy\u201d, ako o tom p\u00ed\u0161e v 15. ver\u0161i. <\/p>\n<p>     Pokia\u013e ide o na\u0161e prem\u00fd\u0161\u013eanie, plat\u00ed: myslenie bol\u00ed. A my sme sa u\u017e akosi nau\u010dli &#8211; nerozm\u00fd\u0161\u013ea\u0165! Pr\u00edli\u0161 \u010dasto nech\u00e1vame za n\u00e1s myslie\u0165, kona\u0165 a rozhodova\u0165 in\u00fdch. Je ot\u00e1zne, \u010di v\u0161etci t\u00edto naozaj prem\u00fd\u0161\u013eaj\u00fa!  A ak, \u010di nemyslia v prvom rade na seba. Plat\u00edme si napr\u00edklad aj politikov, alebo novin\u00e1rov, ktor\u00ed vyv\u00e1raj\u00fa verejn\u00fa mienku a my preber\u00e1me v\u0161etky ich tzv. m\u00fadrosti neraz \u00faplne nekriticky. \u010casto n\u00e1m sta\u010d\u00ed to, \u010do star\u00fdm pohanom v R\u00edme: chlieb a hry! Prem\u00fd\u0161\u013ea\u0165 o v\u0161etkom, \u201c\u010do je pravdiv\u00e9, \u010do \u010destn\u00e9, \u010do spravodliv\u00e9, \u010do cnostn\u00e9\u201d &#8211; m\u00f4\u017eeme vtedy, ke\u010f od P\u00e1na Boha s telesn\u00fdmi darmi prij\u00edmame aj dary Ducha Sv\u00e4t\u00e9ho.<br \/>\n     Myslime aj na hodnotu Slova Bo\u017eieho, ktor\u00e9 kon\u00e1 a p\u00f4sob\u00ed aj tak, aby sa n\u00e1m telesn\u00e9 dary chleba a v\u00edna na olt\u00e1ri stali dnes darmi Ve\u010dere P\u00e1novej a prin\u00e1\u0161ali tak Kristovo odpustenie a po\u017eehnanie.<\/p>\n<p>Bratia a sestry!<br \/>\n    Star\u0161ie gener\u00e1cie vedeli jedno: \u201cP\u00e1n Boh m\u00e1 viac, ako rozdal\u201d! Toto poznanie vedie ku \u201cpokoju, ktor\u00fd prevy\u0161uje ka\u017ed\u00fd rozum\u201d. Dar pokoja \u010dasn\u00e9ho i ve\u010dn\u00e9ho je darom tej istej \u0161tedrej pravice, na ktor\u00fa dnes mysl\u00edme a nezab\u00fadame. \u010eakujeme, \u017ee s darom chleba ka\u017edodenn\u00e9ho prij\u00edmame aj dar pokoja v tejto \u010dasnosti. Kde sa \u013eu\u010fom chleba nedost\u00e1va, niet ani pokoja. <\/p>\n<p>    Je \u00fa\u017easn\u00e9, ak pozn\u00e1vame, ako sa P\u00e1n Boh vie postara\u0165 o po\u017eehnanie \u00farod zeme napr. aj na Sahare. Mo\u017eno ste aj vy videli film o tamoj\u0161\u00edch obyvate\u013eoch, ktor\u00ed s obrovsk\u00fdm \u00fasil\u00edm a primit\u00edvnymi prostriedkami sa dostali k spodn\u00fdm vod\u00e1m pod pieskom a dok\u00e1\u017eu tam vybudova\u0165 pekn\u00e9, zelen\u00e9 a \u00farodn\u00e9 o\u00e1zy.<br \/>\nNed\u00e1vno som po\u010dul svedectvo \u010dloveka, ktor\u00fd na Alja\u0161ke nav\u0161t\u00edvil v\u00fdstavu zeleniny. U\u017easol, ke\u010f zistil, ak\u00e1 kvalitn\u00e1 a obrovsk\u00e1 vie nar\u00e1s\u0165 za kr\u00e1tke leto na Alja\u0161ke zelenina. Sk\u00faste uh\u00e1dnu\u0165, ak\u00fa v\u00e1hu dosiahla napr. hlava kapusty tam vypestovan\u00e1?Neuverite\u013en\u00fdch 60 kg! Tento div je d\u00f4sledok dlh\u00e9ho slne\u010dn\u00e9ho d\u0148a a  zlo\u017eenia tamoj\u0161ieho slne\u010dn\u00e9ho svitu.<br \/>\n      Aj tak\u00e9 s\u00fa teda Bo\u017eie cesty k po\u017eehnaniu \u00farod zeme. S\u00fa dan\u00e9 nielen \u010dloveku. Ale iba \u010dovek vie a m\u00f4\u017ee P\u00e1nu Bohu \u010fakova\u0165 a dobrore\u010di\u0165! Nech znie a neut\u00edcha n\u00e1\u0161 chv\u00e1lospev a dobrore\u010denie tu na zemi a nech raz pokra\u010duje aj v nebesiach. Amen<\/p>\n<p>                                       20.nede\u013ea po Sv.Trojici- Rovensko, Soboti\u0161te 2013- \u013d.Batka st.<\/p>\n","protected":false},"excerpt":{"rendered":"<p>Po\u010fakovanie za \u00farody zeme F 4, 4-9: \u201cRadujte sa v P\u00e1nu v\u017edycky! Opakujem: Radujte sa! (5) Va\u0161a dobrotivos\u0165 nech je zn\u00e1ma v\u0161etk\u00fdm \u013eu\u010fom. P\u00e1n bl\u00edzko! (6) O ni\u010d nebu\u010fte ustarosten\u00ed, ale vo v\u0161etkom s v\u010fakou predkladajte Bohu svoje \u017eiadosti vo v\u0161etk\u00fdch svojich modlitb\u00e1ch a prosb\u00e1ch. (7) A pokoj Bo\u017e\u00ed, ktor\u00fd prevy\u0161uje ka\u017ed\u00fd rozum, bude h\u00e1ji\u0165 &#8230; <a title=\"Po\u010fakovanie za \u00farody\" class=\"read-more\" href=\"https:\/\/www.e-anjelik.sk\/index.php\/2013\/11\/06\/podakovanie-za-urody\/\" aria-label=\"Pre\u010d\u00edtajte si viac o Po\u010fakovanie za \u00farody\">\u010c\u00edta\u0165 viac<\/a><\/p>\n","protected":false},"author":4,"featured_media":0,"comment_status":"open","ping_status":"open","sticky":false,"template":"","format":"standard","meta":{"footnotes":""},"categories":[95],"tags":[192,280],"class_list":["post-5476","post","type-post","status-publish","format-standard","hentry","category-sobotiste","tag-kazen","tag-podakovanie-za-urody-zeme"],"_links":{"self":[{"href":"https:\/\/www.e-anjelik.sk\/index.php\/wp-json\/wp\/v2\/posts\/5476","targetHints":{"allow":["GET"]}}],"collection":[{"href":"https:\/\/www.e-anjelik.sk\/index.php\/wp-json\/wp\/v2\/posts"}],"about":[{"href":"https:\/\/www.e-anjelik.sk\/index.php\/wp-json\/wp\/v2\/types\/post"}],"author":[{"embeddable":true,"href":"https:\/\/www.e-anjelik.sk\/index.php\/wp-json\/wp\/v2\/users\/4"}],"replies":[{"embeddable":true,"href":"https:\/\/www.e-anjelik.sk\/index.php\/wp-json\/wp\/v2\/comments?post=5476"}],"version-history":[{"count":0,"href":"https:\/\/www.e-anjelik.sk\/index.php\/wp-json\/wp\/v2\/posts\/5476\/revisions"}],"wp:attachment":[{"href":"https:\/\/www.e-anjelik.sk\/index.php\/wp-json\/wp\/v2\/media?parent=5476"}],"wp:term":[{"taxonomy":"category","embeddable":true,"href":"https:\/\/www.e-anjelik.sk\/index.php\/wp-json\/wp\/v2\/categories?post=5476"},{"taxonomy":"post_tag","embeddable":true,"href":"https:\/\/www.e-anjelik.sk\/index.php\/wp-json\/wp\/v2\/tags?post=5476"}],"curies":[{"name":"wp","href":"https:\/\/api.w.org\/{rel}","templated":true}]}}