{"id":5499,"date":"2013-12-17T21:28:37","date_gmt":"2013-12-17T19:28:37","guid":{"rendered":"http:\/\/e-anjelik.sk\/?p=5499"},"modified":"2022-12-11T19:35:47","modified_gmt":"2022-12-11T18:35:47","slug":"3-n-adventna","status":"publish","type":"post","link":"https:\/\/www.e-anjelik.sk\/index.php\/2013\/12\/17\/3-n-adventna\/","title":{"rendered":"3. adventn\u00e1 nede\u013ea"},"content":{"rendered":"<p>Bo\u017e\u00ed z\u00e1mer s nami<br \/>\nZj 3, 1  &#8211; 6:<br \/>\n\u201cAnjelovi sardsk\u00e9ho cirkevn\u00e9ho zboru nap\u00ed\u0161: Toto hovor\u00ed Ten, ktor\u00fd m\u00e1 sedem Bo\u017e\u00edch duchov a sedem hviezd;  zn\u00e1m tvoje skutky, m\u00e1\u0161 meno, \u017ee \u017eije\u0161, a si m\u0155tvy. (2) Prebu\u010f sa a posil\u0148uj ostatky, ktor\u00e9 za\u010dali odumiera\u0165, lebo tvoje skutky nena\u0161iel som dostato\u010dn\u00fdmi pred moj\u00edm Bohom! (3) Pripome\u0148 si, \u010do si prijal a po\u010dul, a zachov\u00e1vaj to, i kajaj sa! Ak nebude\u0161 bdie\u0165, pr\u00eddem ako zlodej a ani nezvie\u0161, v ktor\u00fa hodinu pr\u00eddem na teba! (4) M\u00e1\u0161 v\u0161ak nieko\u013eko m\u00e1lo os\u00f4b v Sard\u00e1ch, ktor\u00e9 si nepo\u0161kvrnili r\u00facho; t\u00ed bud\u00fa chodi\u0165 so mnou v bielom r\u00fachu, lebo s\u00fa hodn\u00ed toho. (5) Kto zv\u00ed\u0165az\u00ed, takto bude oble\u010den\u00fd do bieleho r\u00facha a nevyma\u017eem jeho meno z knihy \u017eivota, ale vyzn\u00e1m jeho meno pred svoj\u00edm Otcom a pred Jeho anjelmi.<br \/>\n(6) Kto m\u00e1 u\u0161i, nech po\u010duje, \u010do Duch hovor\u00ed cirkevn\u00fdm zborom! Amen<\/p>\n<p>Bratia a sestry v P\u00e1nu!<\/p>\n<p>Ned\u00e1vno vzru\u0161ila, ba a\u017e rozru\u0161ila \u013eud\u00ed v Eur\u00f3pe spr\u00e1va o tom, \u017ee tajn\u00e9 slu\u017eby USA zhroma\u017e\u010fuj\u00fa inform\u00e1cie zo v\u0161etk\u00fdch dostupn\u00fdch zdrojov nielen o svojich potencion\u00e1lnych nepriate\u013eoch, ale odpo\u010d\u00favaj\u00fa aj svojich spojencov. Podr\u00e1\u017edilo to najm\u00e4 vysok\u00fdch politikov v EU, ktor\u00ed si zrejme mysleli, \u017ee im sa nem\u00f4\u017ee sta\u0165 to, aby ich osobn\u00e9 SMSky, MMSky, emaily, profily na facebuku a podobn\u00e9 s\u00fakromn\u00e9 veci poznal niekto, komu na to nedali s\u00fahlas.<br \/>\nMysl\u00edm, \u017ee v skuto\u010dnosti v\u0161etky \u0161t\u00e1ty robia to ist\u00e9, ka\u017ed\u00fd pravda do tej miery, do akej mu to dovo\u013euj\u00fa jeho technick\u00e9 prostriedky a finan\u010dn\u00e9 mo\u017enosti. Ani Ir\u00e1n nedovolil fotografova\u0165 a posiela\u0165 spr\u00e1vy o ich jadrov\u00fdch zariadeniach slovensk\u00fdm paraglaidistom ako si to oni naivne predstavovali.<br \/>\nPou\u010denie z poznania, \u017ee ka\u017ed\u00fd n\u00e1\u0161 krok a slovo je mo\u017en\u00e9 sledova\u0165, zaznamen\u00e1va\u0165  a overova\u0165 je tak\u00e9to: na\u0161a sloboda nie je bezbreh\u00e1. \u010clovek by mal kona\u0165 zodpovedne, rozumne a mor\u00e1lne, aby sa nemusel zahanbi\u0165, alebo dokonca aby nemusel nies\u0165 trpk\u00e9 n\u00e1sledky svojich slov, skutkov a \u010dinov. Viacer\u00e9 odpo\u010d\u00favania, ktor\u00e9 boli vykonan\u00e9 u n\u00e1s u\u017e priam z\u013eudoveli&#8230;Niektor\u00e9 z nich n\u00e1s v\u0161ak ako da\u0148ov\u00fdch poplatn\u00edkov vy\u0161li poriadne draho.<\/p>\n<p>Pre n\u00e1s, veriacich kres\u0165anov, by v\u0161ak nemalo by\u0165 a\u017e tak\u00e9 ve\u013ek\u00e9 prekvapenie, \u017ee na\u0161e slov\u00e1 a skutky nie s\u00fa utajite\u013en\u00e9! V\u017edy sme sa z Bo\u017eieho slova dozvedali, u\u010dili a spozn\u00e1vali, \u017ee P\u00e1n Boh pozn\u00e1  na\u0161e \u017eivoty, \u017ee vie o ka\u017edom z n\u00e1s, o ka\u017edom kroku, skutku i slove. Dokonca kon\u00e1 e\u0161te viac. To, \u010do ani najmodernej\u0161ia \u0161pion\u00e1\u017ena technika nedok\u00e1\u017ee. On pozn\u00e1 aj na\u0161e my\u0161lienky. A odpo\u010d\u00favan\u00ed s\u00fa v\u0161etci.<\/p>\n<p>Av\u0161ak na rozdiel od \u013eud\u00ed, ktor\u00ed sa sna\u017eia sledovanie a odpo\u010d\u00favanie in\u00fdch utaji\u0165,  P\u00e1n Boh hovor\u00ed otvorene, \u017ee tak konal a kon\u00e1 st\u00e1le. Aj dne\u0161n\u00e9 pre\u010d\u00edtan\u00e9 slov\u00e1 P\u00edsma n\u00e1s o tom informuj\u00fa. Hovor\u00ed a predstavuje sa v nich P\u00e1n Je\u017ei\u0161, Bo\u017e\u00ed Syn, ktor\u00fd bol, ktor\u00fd je a ktor\u00fd pr\u00edde, V\u0161evl\u00e1dny. Chce, aby sme to nielen vedeli, ale aby sme  s t\u00fdmto Jeho z\u00e1ujmom o n\u00e1s v\u017edy po\u010d\u00edtali. Naviac, Jeho z\u00e1mer je  in\u00fd. Ak\u00e9 s\u00fa pohn\u00fatky a Jeho z\u00e1mery s nami a s \u010dlovekom v\u00f4bec? \u010co On s\u00e1m o tom hovor\u00ed?<\/p>\n<p>P\u00e1n Je\u017ei\u0161 je prav\u00fd Bo\u017e\u00ed Syn!<br \/>\nOn:    a) v\u0161etky hriechy \u013eud\u00ed pozn\u00e1<br \/>\nb) odp\u00fa\u0161\u0165a tomu, kto ich vyzn\u00e1<br \/>\nc) k vyk\u00fapen\u00edm pred Otcom sa prizn\u00e1<\/p>\n<p>Bratia  a sestry v P\u00e1novi!<\/p>\n<p>Niekedy je \u0165a\u017ek\u00e9 spozna\u0165 nepriate\u013eov, lebo sa dok\u00e1\u017eu skr\u00fdva\u0165, maskova\u0165 a pretvarova\u0165. Niekedy je \u0165a\u017ek\u00e9 dobre pozna\u0165 aj na\u0161ich priate\u013eov, i ke\u010f s\u00fa otvoren\u00ed vo\u010di n\u00e1m. Vedia, \u017ee nie v\u0161etko, \u010do  konaj\u00fa a myslia by n\u00e1m bolo mil\u00e9. Ale pre \u010dloveka nie je \u013eahk\u00e9 ani to, aby spoznal seba sam\u00e9ho. Mo\u017eno to je pr\u00e1ve to naj\u0165a\u017e\u0161ie.<\/p>\n<p>\u010clovek sa neraz ob\u00e1va pozrie\u0165 sa do svojho srdca pozorne, \u00faprimne a pritom hlboko. Pod povrch r\u00f4znych n\u00e1nosov a svojich slov, citov, t\u00fa\u017eob a skutkov, lebo sa ob\u00e1va, \u017ee by narazil \u201cna skalu\u201d.<br \/>\nNa skalu svojho srdca.<br \/>\nNa to z\u00e1sadn\u00e9, \u010do povedal Boh aj po potope, na adresu zachr\u00e1nen\u00e9ho Noacha, jeho \u017eeny a jeho potomkov: \u201dNebudem u\u017e pre \u010dlovek prekl\u00edna\u0165 zem, lebo zm\u00fd\u0161\u013eanie \u013eudsk\u00e9 je zl\u00e9 od jeho mladosti&#8230;\u201d ( 1 M  8, 21). To nie je nejak\u00e9 slovo vysloven\u00e9 iba mimochodom, alebo z neopatrnosti. Je to slovo o \u010dloveku \u00faplne z\u00e1sadn\u00e9.<br \/>\nJe\u017ei\u0161 bohat\u00e9mu ml\u00e1denocvi, ktor\u00fd za n\u00edm pri\u0161iel s ot\u00e1zkou: \u201dDobr\u00fd Majstre, \u010do \u010dini\u0165, aby som sa stal dedi\u010dom ve\u010dn\u00e9ho \u017eivota ?\u201d-  odpovedal: \u201c\u010co ma menuje\u0161 dobr\u00fdm? Nikto nie je dobr\u00fd, len jeden, Boh\u201d. (Lk 18, 18-19) Aj u\u010den\u00edci vtedy zvolali od prekvapenia: \u201cKto teda m\u00f4\u017ee by\u0165 spasen\u00fd\u201d  A Je\u017ei\u0161 jasne hovor\u00ed, \u017ee \u201c\u010co je nemo\u017en\u00e9 u \u013eud\u00ed, mo\u017en\u00e9 je u Boha\u201d (Lk 18, 27)<\/p>\n<p>Apo\u0161tolovia verne a jasne pod\u00e1vali toto poznanie a videnie Bo\u017e\u00edch radarov, vesm\u00edrnych i pozemsk\u00fdch: \u201cV\u0161etci \u013eudia toti\u017e zhre\u0161ili a nemaj\u00fa sl\u00e1vy Bo\u017eej\u201d. (R 3)<br \/>\nD\u00f4le\u017eit\u00e9 je aj jedno z posledn\u00fdch slov P\u00e1na Je\u017ei\u0161a, vysloven\u00fdch pri Poslednej ve\u010deri  pred u\u010den\u00edkmi, ktor\u00e9 vysvet\u013euj\u00fa d\u00f4vod jeho dobrovo\u013enej obete \u017eivota na Golgote: \u201dZa v\u00e1s sa vyd\u00e1va, za v\u00e1s sa vylieva, na odpustenie hriechov\u201d.  Nesk\u00f4r apo\u0161tol Pavel nap\u00edsal:\u201d Lebo kedyko\u013eek by ste jedli tento chlieb a pili z kalicha, zvestujete smr\u0165 P\u00e1novu, dokia\u013e nepr\u00edde! Preto ktoko\u013evek by nehodne jedol chlieb a pil z kalicha P\u00e1novho, previn\u00ed sa proti telu a krvi P\u00e1novej\u201d ( 1 K 11, 26-27)<\/p>\n<p>Bratia a sestry v Kristu P\u00e1nu!<br \/>\nPredmetom uva\u017eovania pre n\u00e1s nie s\u00fa slov\u00e1 o tom, \u010di maj\u00fa jes\u0165 i pi\u0165 v\u0161etci kres\u0165ania z kalicha P\u00e1novho. To je aj z t\u00fdchto slov apo\u0161tola zrejm\u00e9.<br \/>\nMy sme \u010dasto v poku\u0161en\u00ed zm\u00fd\u0161\u013ea\u0165 o t\u00fdchto slov\u00e1ch tak, \u017ee hodne prij\u00edma\u0165 znamen\u00e1 tv\u00e1ri\u0165 sa, hovori\u0165, \u010di zm\u00fd\u0161\u013ea\u0165 o sebe tak, \u017ee sme dobr\u00ed, \u017ee sme dos\u0165 vykonali, \u017ee sme splnili z\u00e1kon Bo\u017e\u00ed a Kristov. \u017de sme preto \u201chodn\u00ed hodovn\u00edci\u201d a teda bez hriechov, ktor\u00e9 by z n\u00e1s robili Bo\u017e\u00edch nepriate\u013eov. Tak, ako si to myslel onen farizej v chr\u00e1me, ktor\u00fd sa zvrchu d\u00edval na kaj\u00faceho publik\u00e1na, ktor\u00e9ho pova\u017eoval za nehodn\u00e9ho st\u00e1\u0165 pred Bohom, Otcom. Hodn\u00e9 prij\u00edmanie znamen\u00e1, \u017ee sme si vedom\u00ed svojej hrie\u0161nosti a nutnosti  prija\u0165 Bo\u017eiu milos\u0165, ktor\u00e1 sa n\u00e1m pod\u00e1va skrze Krista.<br \/>\nOn m\u00e1 on\u00fdch sedem Bo\u017e\u00edch duchov, toti\u017e m\u00e1 Ducha Sv\u00e4t\u00e9ho v plnosti a m\u00e1 pr\u00e1vo pri svojom pr\u00edchode poveda\u0165 ka\u017ed\u00e9mu \u010dloveku: \u201dZn\u00e1m tvoje skutky\u201d.<\/p>\n<p>Kres\u0165anom v Sard\u00e1ch, ale aj mnoh\u00fdm in\u00fdm plat\u00ed Jeho slovo st\u00e1le a aktu\u00e1lne: \u201dM\u00e1\u0161 meno, \u017ee \u017eije\u0161, a si m\u0155tvy. Prebu\u010f sa !\u201d<br \/>\nV t\u00fdchto slov\u00e1ch je vyjadren\u00fd d\u00f4vod pr\u00edchodu Bo\u017eieho Syna na svet. Sved\u010di\u0165 a hovori\u0165 pravdu: o svete i o ka\u017edom \u010dloveku. \u017diaden hriech nie je pred N\u00edm skryt\u00fd. On v\u0161etky hriechy \u013eud\u00ed pozn\u00e1.<\/p>\n<p>Bratia a sestry v Kristu P\u00e1nu!<\/p>\n<p>Je\u017ei\u0161 je prav\u00fd Bo\u017e\u00ed Syna a nepochybne v\u0161etky \u013eudsk\u00e9 hriechy pozn\u00e1. On m\u00e1 pr\u00e1vo vola\u0165 v\u0161etk\u00fdch k pok\u00e1niu, k prebudeniu z  duchovnej smrti, a k nov\u00e9mu \u017eivotu. M\u00e1me tak urobi\u0165 sk\u00f4r, ako pr\u00edde telesn\u00e1 smr\u0165. To preto, aby n\u00e1s nezastihla potom aj smr\u0165 ve\u010dn\u00e1.<br \/>\nDnes je teda \u010das pr\u00edhodn\u00fd, ke\u010f zneje Jeho slovo, ke\u010f m\u00f4\u017eeme po\u010du\u0165 Jeho hlas a prija\u0165 Jeho pozvanie. To pozvanie sa t\u00fdka prav\u00e9ho pok\u00e1nia, ktor\u00e9 nem\u00e1 kon\u010di\u0165 v z\u00fafalstve \u010dloveka. Poznan\u00edm   nemo\u017enosti z vlastn\u00fdch s\u00edl a skutov dosiahn\u0165 ve\u010dn\u00fd \u017eivot. I ke\u010f plat\u00ed: \u201cTvoje skutky nena\u0161iel som dostato\u010dn\u00fdmi pred moj\u00edm Bohom\u201d,<br \/>\nJe\u017ei\u0161 pri\u0161iel a prich\u00e1dza preto, aby n\u00e1m pon\u00fakol skvel\u00fa v\u00fdmenu. Chce vzia\u0165 na\u0161e hriechy na seba a n\u00e1m chce da\u0165 svoju sv\u00e4tos\u0165.    Apo\u0161tol J\u00e1n to vyjadril obrazom nov\u00e9ho, \u010dist\u00e9ho r\u00facha.<br \/>\nAdventn\u00fd \u010das je \u010dasom pr\u00edhodn\u00fdm k duchovn\u00e9mu prebudeniu, aby sme po\u010duli, prijali a zrealizovali v\u00fdzvu: prich\u00e1dzaj\u00facemu vyzna\u0165 na\u0161e hriechy a prijali od Neho pln\u00e9 odpustenie. Aby na\u0161e srdce a na\u0161a du\u0161a bola obmyt\u00e1, o\u010disten\u00e1 silou Jeho slova vidite\u013en\u00e9ho i zvestovan\u00e9ho, aby n\u00e1\u0161 \u017eivot bol ako r\u00facho, zbielen\u00e9 Jeho krvou.  Aby sme tak boli oble\u010den\u00ed v r\u00fach , v ktorom smieme bez ob\u00e1v vst\u00fapi\u0165 na svadobn\u00fa hostinu Bar\u00e1nkovu.<\/p>\n<p>Apo\u0161tol v \u00favode listu \u017didom pripom\u00edna:\u201d Tento Syn, ako odblesk sl\u00e1vy Boha a obraz Jeho podstaty udr\u017euje v\u0161etko svoj\u00edm mocn\u00fdm slovom a posadil sa na pravici velebnosti na v\u00fdsostiach, ke\u010f prv sp\u00f4sobil o\u010distenie od hriechov\u201d. Aj dnes Mu d\u00f4verujme, \u017ee On je Ten, ktor\u00fd prich\u00e1dza, aby odpustil v\u0161etky hriechy tomu, kto ich pred N\u00edm vyzn\u00e1.<\/p>\n<p>3\/ Bratia a sestry!<br \/>\nNeochybne je pekn\u00e9, vz\u00e1cne a dobr\u00e9, ak m\u00e1me k Vianociam pripraven\u00fd strom\u010dek, dar\u010deky, mnoho dobr\u00e9ho a vo\u0148av\u00e9ho pe\u010diva, \u010di z\u00e1kusov. Ale je dobre, ba e\u0161te lep\u0161ie, ak sa srdce posil\u0148uje  milos\u0165ou Bo\u017eou.<\/p>\n<p>Rados\u0165 z odpustenia hriechov, i t\u00fdch, ktor\u00fdch sme sa chceli zbavi\u0165 svojimi dobr\u00fdmi predsavzatiami a \u00famyslami, za ktor\u00e9 sa mo\u017eno hanb\u00edme, a boli by sme mo\u017eno ve\u013emi neradi, keby ich odhalil \u010dlovek, i t\u00fdch, na ktor\u00e9 si u\u017e mo\u017eno ani nespomenieme, lebo ich prikryli nov\u0161ie a aktu\u00e1lnej\u0161ie hriechy, &#8211; v\u0161etky dajme Jemu. Polo\u017eme ich na Jeho rozp\u00e4t\u00e9 ramen\u00e1. Je\u017ei\u0161 nezostal bezmocn\u00fdm Je\u017ei\u0161kom, ale sa stal mocn\u00fdm Vykupite\u013eom.<br \/>\nV tejto viere zotrvajme, \u017eime a nasledujme Jeho \u0161\u013eapaje. Bu\u010fme Kristov\u00fdmi rukami, Jeho \u00fastami a Jeho svedkami. Prizn\u00e1vajme sa k Nemu, lebo On jasne za\u013e\u00fabil, \u017ee sa potom On prizn\u00e1 k n\u00e1m vo ve\u010dnosti. Nech n\u00e1m z\u00e1le\u017e\u00ed na tom, \u017ee nem\u00e1me len meno, na ktor\u00e9 sme hrd\u00ed, ale bu\u010fme \u017eiv\u00fdmi ratoles\u0165ami na Jeho v\u00ednnom kmeni. Raz zlo\u017e\u00edme r\u00facho tohoto teraj\u0161ieho tela a vtedy budeme nanovo oble\u010den\u00ed do nov\u00e9ho, N\u00edm vzkriesen\u00e9ho tela.<\/p>\n<p>Nepochybujme o Jeho v\u00ed\u0165aztve. Ani o tom, \u017ee na\u0161e men\u00e1, pre na\u0161u d\u00f4veru v Jeho l\u00e1sku, milos\u0165 a z\u00e1sluhy s\u00fa zap\u00edsan\u00e9 v Bo\u017eej knihe \u017eivota. Na\u0161\u00edm priznan\u00edm sa k Nemu z\u00edskame istotu, \u017ee On sa  v\u017edy prizn\u00e1 k n\u00e1m. Istotu, \u017ee vyzn\u00e1 na\u0161e men\u00e1 pred svoj\u00edm Otcom a Jeho anjelmi. On sa k svojim prizn\u00e1! Ide o to, aby sme sa duchovne prebudili a zostali synmi a dc\u00e9rami Bo\u017e\u00edmi, ktor\u00ed vedia, \u010do dostali a prijali od Otca v Synovi. Tak zostaneme v\u017edy v spolo\u010denstve Otca, Syna, Ducha Sv\u00e4t\u00e9ho i v\u0161etk\u00fdch, N\u00edm draho vyk\u00fapen\u00fdch Bo\u017e\u00edch det\u00ed. Amen.<\/p>\n<p>3.adventn\u00e1 nede\u013ea 2013 &#8211; Rovensko (VP), Soboti\u0161te &#8211; \u013d.Batka st.<\/p>\n","protected":false},"excerpt":{"rendered":"<p>Bo\u017e\u00ed z\u00e1mer s nami Zj 3, 1 &#8211; 6: \u201cAnjelovi sardsk\u00e9ho cirkevn\u00e9ho zboru nap\u00ed\u0161: Toto hovor\u00ed Ten, ktor\u00fd m\u00e1 sedem Bo\u017e\u00edch duchov a sedem hviezd; zn\u00e1m tvoje skutky, m\u00e1\u0161 meno, \u017ee \u017eije\u0161, a si m\u0155tvy. (2) Prebu\u010f sa a posil\u0148uj ostatky, ktor\u00e9 za\u010dali odumiera\u0165, lebo tvoje skutky nena\u0161iel som dostato\u010dn\u00fdmi pred moj\u00edm Bohom! (3) Pripome\u0148 &#8230; <a title=\"3. adventn\u00e1 nede\u013ea\" class=\"read-more\" href=\"https:\/\/www.e-anjelik.sk\/index.php\/2013\/12\/17\/3-n-adventna\/\" aria-label=\"Pre\u010d\u00edtajte si viac o 3. adventn\u00e1 nede\u013ea\">\u010c\u00edta\u0165 viac<\/a><\/p>\n","protected":false},"author":4,"featured_media":0,"comment_status":"open","ping_status":"open","sticky":false,"template":"","format":"standard","meta":{"footnotes":""},"categories":[582,179,95],"tags":[192],"class_list":["post-5499","post","type-post","status-publish","format-standard","hentry","category-3-adventna-nedela","category-advent","category-sobotiste","tag-kazen"],"_links":{"self":[{"href":"https:\/\/www.e-anjelik.sk\/index.php\/wp-json\/wp\/v2\/posts\/5499","targetHints":{"allow":["GET"]}}],"collection":[{"href":"https:\/\/www.e-anjelik.sk\/index.php\/wp-json\/wp\/v2\/posts"}],"about":[{"href":"https:\/\/www.e-anjelik.sk\/index.php\/wp-json\/wp\/v2\/types\/post"}],"author":[{"embeddable":true,"href":"https:\/\/www.e-anjelik.sk\/index.php\/wp-json\/wp\/v2\/users\/4"}],"replies":[{"embeddable":true,"href":"https:\/\/www.e-anjelik.sk\/index.php\/wp-json\/wp\/v2\/comments?post=5499"}],"version-history":[{"count":1,"href":"https:\/\/www.e-anjelik.sk\/index.php\/wp-json\/wp\/v2\/posts\/5499\/revisions"}],"predecessor-version":[{"id":35855,"href":"https:\/\/www.e-anjelik.sk\/index.php\/wp-json\/wp\/v2\/posts\/5499\/revisions\/35855"}],"wp:attachment":[{"href":"https:\/\/www.e-anjelik.sk\/index.php\/wp-json\/wp\/v2\/media?parent=5499"}],"wp:term":[{"taxonomy":"category","embeddable":true,"href":"https:\/\/www.e-anjelik.sk\/index.php\/wp-json\/wp\/v2\/categories?post=5499"},{"taxonomy":"post_tag","embeddable":true,"href":"https:\/\/www.e-anjelik.sk\/index.php\/wp-json\/wp\/v2\/tags?post=5499"}],"curies":[{"name":"wp","href":"https:\/\/api.w.org\/{rel}","templated":true}]}}