{"id":5502,"date":"2013-12-21T22:40:42","date_gmt":"2013-12-21T22:40:42","guid":{"rendered":"http:\/\/e-anjelik.sk\/?p=5502"},"modified":"2013-12-21T22:40:42","modified_gmt":"2013-12-21T22:40:42","slug":"chlieb-na-cestu-ii","status":"publish","type":"post","link":"https:\/\/www.e-anjelik.sk\/index.php\/2013\/12\/21\/chlieb-na-cestu-ii\/","title":{"rendered":"Chlieb na cestu II."},"content":{"rendered":"<p>V\u00fdbor misie Evanjelickej cirkvi a.v. na Slovensku vydal zbierku rodinn\u00fdch pobo\u017enost\u00ed, pod n\u00e1zvom: Chlieb na cestu II.  Zostavili Peter Miho\u010d a \u0160tefan Kiss, za prispenia k\u0148azov ECAV na Slovensku.<br \/>\nZbierka obsahuje  predhovor,  Poriadok dom\u00e1cej pobo\u017enosti a hom\u00edliu (k\u00e1ze\u0148) s modlitbou s ot\u00e1zkami na zamyslenie a to na ka\u017ed\u00fa nede\u013eu a sviatok v roku. Spolu: 164. Prispeli viacer\u00ed k\u0148azi ECAV.<\/p>\n<p>    Z predhovoru vyber\u00e1me:<br \/>\n  &#8220; A u\u010dil ka\u017ed\u00fd de\u0148v chr\u00e1me&#8220;&#8230;Lk 19, 47<br \/>\n      &#8222;Dost\u00e1va sa v\u00e1m do r\u00fak kniha dom\u00e1cich pobo\u017enost\u00ed. Tieto pobo\u017enosti na ka\u017ed\u00fa nede\u013eu a sviatky cirkevn\u00e9ho roku, v\u00e1s chc\u00fa povzbudi\u0165 na ceste viery. Je d\u00f4le\u017eit\u00e9, aby sme ka\u017ed\u00fd de\u0148 pozn\u00e1vali n\u00e1\u0161ho P\u00e1na  a Spasite\u013ea. H\u013eadjte v\u017edy mo\u017enos\u0165, aby ste sa mohli stretn\u00fa\u0165 ako rodina pri Bo\u017eom slove aj v svojej dom\u00e1cnosti. &#8230;&#8230; J\u00e1n Jan\u010do, predseda VM ECAV<\/p>\n<p>Okrem samotn\u00e9ho duchovn\u00e9ho pokrmu na nedele a sviatky je to aj mo\u017enos\u0165 zozn\u00e1mi\u0165 sa s aktu\u00e1lnou duchovnou tvorbou kazate\u013eov ECAV.<\/p>\n<p>Objedna\u0165 si zbierku mo\u017eno na GB\u00da v Bratislave.<\/p>\n","protected":false},"excerpt":{"rendered":"<p>V\u00fdbor misie Evanjelickej cirkvi a.v. na Slovensku vydal zbierku rodinn\u00fdch pobo\u017enost\u00ed, pod n\u00e1zvom: Chlieb na cestu II. Zostavili Peter Miho\u010d a \u0160tefan Kiss, za prispenia k\u0148azov ECAV na Slovensku. Zbierka obsahuje predhovor, Poriadok dom\u00e1cej pobo\u017enosti a hom\u00edliu (k\u00e1ze\u0148) s modlitbou s ot\u00e1zkami na zamyslenie a to na ka\u017ed\u00fa nede\u013eu a sviatok v roku. Spolu: 164. &#8230; <a title=\"Chlieb na cestu II.\" class=\"read-more\" href=\"https:\/\/www.e-anjelik.sk\/index.php\/2013\/12\/21\/chlieb-na-cestu-ii\/\" aria-label=\"Pre\u010d\u00edtajte si viac o Chlieb na cestu II.\">\u010c\u00edta\u0165 viac<\/a><\/p>\n","protected":false},"author":4,"featured_media":0,"comment_status":"open","ping_status":"open","sticky":false,"template":"","format":"standard","meta":{"footnotes":""},"categories":[121,148,95],"tags":[],"class_list":["post-5502","post","type-post","status-publish","format-standard","hentry","category-kazne","category-recenzie","category-sobotiste"],"_links":{"self":[{"href":"https:\/\/www.e-anjelik.sk\/index.php\/wp-json\/wp\/v2\/posts\/5502","targetHints":{"allow":["GET"]}}],"collection":[{"href":"https:\/\/www.e-anjelik.sk\/index.php\/wp-json\/wp\/v2\/posts"}],"about":[{"href":"https:\/\/www.e-anjelik.sk\/index.php\/wp-json\/wp\/v2\/types\/post"}],"author":[{"embeddable":true,"href":"https:\/\/www.e-anjelik.sk\/index.php\/wp-json\/wp\/v2\/users\/4"}],"replies":[{"embeddable":true,"href":"https:\/\/www.e-anjelik.sk\/index.php\/wp-json\/wp\/v2\/comments?post=5502"}],"version-history":[{"count":0,"href":"https:\/\/www.e-anjelik.sk\/index.php\/wp-json\/wp\/v2\/posts\/5502\/revisions"}],"wp:attachment":[{"href":"https:\/\/www.e-anjelik.sk\/index.php\/wp-json\/wp\/v2\/media?parent=5502"}],"wp:term":[{"taxonomy":"category","embeddable":true,"href":"https:\/\/www.e-anjelik.sk\/index.php\/wp-json\/wp\/v2\/categories?post=5502"},{"taxonomy":"post_tag","embeddable":true,"href":"https:\/\/www.e-anjelik.sk\/index.php\/wp-json\/wp\/v2\/tags?post=5502"}],"curies":[{"name":"wp","href":"https:\/\/api.w.org\/{rel}","templated":true}]}}