{"id":5505,"date":"2014-01-02T12:58:43","date_gmt":"2014-01-02T12:58:43","guid":{"rendered":"http:\/\/e-anjelik.sk\/?p=5505"},"modified":"2014-01-02T12:58:43","modified_gmt":"2014-01-02T12:58:43","slug":"najblizsie-europske-stretnutie-mladych-taize-bude-v-prahe","status":"publish","type":"post","link":"https:\/\/www.e-anjelik.sk\/index.php\/2014\/01\/02\/najblizsie-europske-stretnutie-mladych-taize-bude-v-prahe\/","title":{"rendered":"Najbli\u017e\u0161ie Eur\u00f3pske stretnutie mlad\u00fdch Taiz\u00e9 bude v Prahe"},"content":{"rendered":"<p>Brat Alois, prior ekumenickej komunity Taiz\u00e9 ozn\u00e1mil miesto najbli\u017e\u0161ieho eur\u00f3pskeho stretnutia t\u00fdmito slovami: \u201eBude sa kona\u0165 od 29. decembra 2014 do 2. janu\u00e1ra 2015. Z\u00eddeme sa v meste, ktor\u00e9 sa nach\u00e1da v samom strede Eur\u00f3py. Bude to mesto Praha.\u201c<br \/>\n<!--break--><br \/>\nMeno mesta, ktorej cirkevn\u00ed predstavitelia poz\u00fdvaj\u00fa bratov z Taiz\u00e9, aby zorganizovali koncoro\u010dn\u00e9 stretnutie sa v posledn\u00fdch rokoch oznamuje v\u017edy po\u010das spolo\u010dnej modlitby predch\u00e1dzaj\u00faceho stretnutia. Tentokr\u00e1t to bolo 30. decembra 2013 v \u0161trasburskej katedr\u00e1le, za pr\u00edtomnosti desiatok tis\u00edc mlad\u00fdch a menej mlad\u00fdch, ktor\u00ed sa spolu modlili priamo v \u0160trasburgu alebo prostredn\u00edctvom on-line vysielania. <\/p>\n<p>V mene cirkv\u00ed zjednoten\u00fdch v Ekumenickej rade cirkv\u00ed \u010ceskej republiky pozval mlad\u00fdch jej predseda Daniel Fajfr, ktor\u00fd sa osobne z\u00fa\u010dastnil stretnutia v \u0160trasburgu, kde vyjadril n\u00e1dej z plodov bud\u00faceho stretnutia: &#8222;Srde\u010dne V\u00e1s poz\u00fdvam na stretnutie do Prahy, mesta v srdci Eur\u00f3py. Ver\u00edme, \u017ee skrze va\u0161u pr\u00edtomnos\u0165 a va\u0161e modlitby toto srdce omladne. Te\u0161\u00edme sa na to, ako v\u00e1s budeme m\u00f4c\u0165 uv\u00edta\u0165. Pr\u00ed\u010fte aj so svojimi priate\u013emi. Ak Boh d\u00e1, dovidenia o rok!&#8220;<br \/>\nNadviazal tak na slov\u00e1 predsedu \u010ceskej biskupskej konferencie, pra\u017esk\u00e9ho arcibiskupa kardin\u00e1la Dominika Duku, ktor\u00fd okrem in\u00e9ho povedal: &#8222;Priv\u00edta v\u00e1s monumet\u00e1lna panor\u00e1ma pra\u017esk\u00e9ho hradu s Katedr\u00e1lou sv. V\u00edta, ako aj ostatn\u00e9 pra\u017esk\u00e9 kostoly, ktor\u00e9 svojou existenciou ohlasuj\u00fa evanjelium. Va\u0161i bratia a sestry z kres\u0165ansk\u00fdch cirkv\u00ed sa te\u0161ia, \u017ee v\u00e1s bud\u00fa m\u00f4c\u0165 uv\u00edta\u0165, aby ste koniec roka 2014 a za\u010diatok roka 2015 mohli za\u017ei\u0165 v Prahe, matke miest.&#8220;<\/p>\n<p>Stretnutie v Prahe bude u\u017e 37. eur\u00f3pskym stretnut\u00edm, ktor\u00e9 bratia z Taiz\u00e9 za\u010dali organizova\u0165 raz ro\u010dne v niektorom z ve\u013ek\u00fdch miest n\u00e1\u0161ho kontinentu po tom, ako mlad\u00ed v 60-tych rokoch 20. storo\u010dia za\u010dali prich\u00e1dza\u0165  k nim do Taiz\u00e9. Chceli tak vykro\u010di\u0165 za mlad\u00fdmi a pom\u00f4c\u0165 im objavi\u0165, ako m\u00f4\u017ee kres\u0165an \u017ei\u0165 duchovn\u00fd \u017eivot aj doma, uprostred ruchu ve\u013ekomesta.<br \/>\n\u010cesi ve\u013emi r\u00fdchlo reagovali na t\u00fato udalos\u0165 a zalo\u017eili str\u00e1nku &#8222;Taiz\u00e9 &#8211; 2014: Evropsk\u00e9 setk\u00e1n\u00ed mlad\u00fdch v Praze&#8220; na Facebooku, ktor\u00e1 m\u00e1 spoji\u0165 z\u00e1ujmecov u\u017e po\u010das pr\u00edprav.<\/p>\n","protected":false},"excerpt":{"rendered":"<p>Brat Alois, prior ekumenickej komunity Taiz\u00e9 ozn\u00e1mil miesto najbli\u017e\u0161ieho eur\u00f3pskeho stretnutia t\u00fdmito slovami: \u201eBude sa kona\u0165 od 29. decembra 2014 do 2. janu\u00e1ra 2015. Z\u00eddeme sa v meste, ktor\u00e9 sa nach\u00e1da v samom strede Eur\u00f3py. Bude to mesto Praha.\u201c Meno mesta, ktorej cirkevn\u00ed predstavitelia poz\u00fdvaj\u00fa bratov z Taiz\u00e9, aby zorganizovali koncoro\u010dn\u00e9 stretnutie sa v posledn\u00fdch &#8230; <a title=\"Najbli\u017e\u0161ie Eur\u00f3pske stretnutie mlad\u00fdch Taiz\u00e9 bude v Prahe\" class=\"read-more\" href=\"https:\/\/www.e-anjelik.sk\/index.php\/2014\/01\/02\/najblizsie-europske-stretnutie-mladych-taize-bude-v-prahe\/\" aria-label=\"Pre\u010d\u00edtajte si viac o Najbli\u017e\u0161ie Eur\u00f3pske stretnutie mlad\u00fdch Taiz\u00e9 bude v Prahe\">\u010c\u00edta\u0165 viac<\/a><\/p>\n","protected":false},"author":14,"featured_media":0,"comment_status":"open","ping_status":"open","sticky":false,"template":"","format":"standard","meta":{"footnotes":""},"categories":[2,9],"tags":[187,188,189],"class_list":["post-5505","post","type-post","status-publish","format-standard","hentry","category-ekumena","category-europa","tag-mladez-3","tag-silvester","tag-taize"],"_links":{"self":[{"href":"https:\/\/www.e-anjelik.sk\/index.php\/wp-json\/wp\/v2\/posts\/5505","targetHints":{"allow":["GET"]}}],"collection":[{"href":"https:\/\/www.e-anjelik.sk\/index.php\/wp-json\/wp\/v2\/posts"}],"about":[{"href":"https:\/\/www.e-anjelik.sk\/index.php\/wp-json\/wp\/v2\/types\/post"}],"author":[{"embeddable":true,"href":"https:\/\/www.e-anjelik.sk\/index.php\/wp-json\/wp\/v2\/users\/14"}],"replies":[{"embeddable":true,"href":"https:\/\/www.e-anjelik.sk\/index.php\/wp-json\/wp\/v2\/comments?post=5505"}],"version-history":[{"count":0,"href":"https:\/\/www.e-anjelik.sk\/index.php\/wp-json\/wp\/v2\/posts\/5505\/revisions"}],"wp:attachment":[{"href":"https:\/\/www.e-anjelik.sk\/index.php\/wp-json\/wp\/v2\/media?parent=5505"}],"wp:term":[{"taxonomy":"category","embeddable":true,"href":"https:\/\/www.e-anjelik.sk\/index.php\/wp-json\/wp\/v2\/categories?post=5505"},{"taxonomy":"post_tag","embeddable":true,"href":"https:\/\/www.e-anjelik.sk\/index.php\/wp-json\/wp\/v2\/tags?post=5505"}],"curies":[{"name":"wp","href":"https:\/\/api.w.org\/{rel}","templated":true}]}}