{"id":5506,"date":"2014-01-04T19:44:12","date_gmt":"2014-01-04T19:44:12","guid":{"rendered":"http:\/\/e-anjelik.sk\/?p=5506"},"modified":"2014-01-04T19:44:12","modified_gmt":"2014-01-04T19:44:12","slug":"detsky-vianocny-vecierok-v-sobotisti","status":"publish","type":"post","link":"https:\/\/www.e-anjelik.sk\/index.php\/2014\/01\/04\/detsky-vianocny-vecierok-v-sobotisti\/","title":{"rendered":"Detsk\u00fd viano\u010dn\u00fd ve\u010dierok v Soboti\u0161ti"},"content":{"rendered":"<p>                                                      Detsk\u00fd viano\u010dn\u00fd ve\u010dierok 2013<\/p>\n<p>      \u00davodn\u00e9 oslovenie:<br \/>\n      Pr\u00edjemn\u00fd a po\u017eehnan\u00fd ve\u010der v\u0161etk\u00fdm: de\u0165om, rodi\u010dom star\u00fdm rodi\u010dom, bratom a sestr\u00e1m vo viere.<br \/>\n   Dnes, v predve\u010der \u0160tedr\u00e9ho d\u0148a sme u\u017e v\u0161etci sviato\u010dne naladen\u00ed. Jednak advent\u00fdm \u010dasom, potom samotnou pr\u00edpravou, ktor\u00fa na\u0161e deti absolvovali spolo\u010dne, a ver\u00edm \u017ee i v dom\u00e1cnostiach. <\/p>\n<p>        T\u00e1to tradi\u010dn\u00e1 detsk\u00e1 sl\u00e1vnos\u0165 nebude ma\u0165 liturgick\u00fd, bohoslu\u017eobn\u00fd r\u00e1mec, ale sk\u00f4r charakter rodinn\u00e9ho stretnutia. Stretnutia bl\u00edzkych \u013eud\u00ed nielen pokrvne, ale najm\u00e4 duchovne. Lebo sme tu, v na\u0161om kostole ako evanjelicko &#8211; kres\u0165ansk\u00e9 rodiny.<br \/>\n       To jedine\u010dn\u00e9 a z\u00e1kladn\u00e9, \u010do n\u00e1s \u010dak\u00e1, je oslovenie Bo\u017e\u00edm slovom. Nebude v\u0161ak znie\u0165 iba \u00fast mojich, riadne povolan\u00e9ho zborov\u00e9ho far\u00e1ra, ale aj z \u00fast t\u00fdch, ktor\u00fdm som v tomto CZ pokrstil, uviedol do hodnosti v\u0161eobecn\u00e9ho k\u0148azstva, a ktor\u00ed t\u00fdm, \u017ee sa u\u010dili a nie\u010do aj nau\u010dili, m\u00f4\u017eu teraz in\u00fdch vyu\u010dova\u0165, m\u00f4\u017eu in\u00fdm k\u00e1za\u0165, tj. zvestova\u0165 Bo\u017eie slovo !<br \/>\n     V advente  sme mali dva v\u00fdznamn\u00e9 dni: sv. Mikul\u00e1\u0161a a sv.Lucie. Ten prv\u00fd sviatok je spomienkou na kres\u0165ansk\u00e9ho biskupa Mikul\u00e1\u0161a z Myry a jeho neok\u00e1zal\u00fa dobro\u010dinos\u0165. Ten druh\u00fd, u n\u00e1s u\u017e temer zabudnut\u00fd je spomienku na mlad\u00fa kres\u0165ansk\u00fa mu\u010den\u00ed\u010dku Luciu.Pre\u010do spom\u00ednam tieto dni?<br \/>\n     U\u010dia n\u00e1s, i na\u0161e deti prij\u00edma\u0165 veci, ktor\u00e9 s\u00fa pre n\u00e1s tajomstvom. U\u010dia n\u00e1s a zvl\u00e1\u0161\u0165 na\u0161e deti prija\u0165 lep\u0161ie a \u013eah\u0161ie tajomstvo adventu, vtelenia P\u00e1na Je\u017ei\u0161a Krista!  Tajomstvo Jeho narodenia, utrpenia, tajomstvo Jeho vzkriesenia i osl\u00e1venia. Spomienka na Mikul\u00e1\u0161a a Luciu je nielen spomienkou na historick\u00e9 kres\u0165ansk\u00e9 osobnosti, ale najm\u00e4 na ich duchovn\u00fd odkaz, ktor\u00fd pr\u00ed\u0165a\u017elivo oslovuje \u010dloveka.<\/p>\n<p>     Pri\u0161iel som po dni sv.Mikul\u00e1\u0161a do jednej rodiny, v ktorej sa v tomto roku narodilo die\u0165atko, ktor\u00e9 bolo aj pokrsten\u00e9. Venoval som sa pr\u00edprave Krstu s rodi\u010dmi nieko\u013eko hod\u00edn. Pri n\u00e1v\u0161teve hovor\u00edm ich star\u0161iemu die\u0165atu: Vezmi si dar\u010dek od Mikul\u00e1\u0161a &#8211; a mamka na to hovor\u00ed: \u201cU n\u00e1s Mikul\u00e1\u0161 nechod\u00ed, u n\u00e1s chod\u00ed Dedo Mr\u00e1z!\u201d ? &#8211;  To je vec, ktor\u00fa pri najlep\u0161ej voli neodok\u00e1\u017eem pochopi\u0165. \u017diada\u0165 Krst v meno Krista a vychov\u00e1va\u0165 v duchu Deda Mr\u00e1za&#8230;Pou\u010denie je nasledovn\u00e9: Nedajme sme si vzia\u0165 odkaz biskupa Mikul\u00e1\u0161a!-  Alebo si d\u00e1me vzia\u0165 aj odkaz \u0160tedr\u00e9ho ve\u010dera a odkaz Vianoc? Tento  ve\u010der chce by\u0165 vedomou hr\u00e1dzou, aby sa tak nestalo.<br \/>\n        V\u0161etk\u00fdch rodi\u010dov, evanjelikov chcem vyzva\u0165 k najv\u00e4\u010d\u0161ej mo\u017enej zodpovednosti a k str\u00e1\u017ei na hradb\u00e1ch duchovn\u00e9ho Siona cirkvi! <\/p>\n<p>         \u010co n\u00e1s \u010dak\u00e1 dnes?<br \/>\n         Teraz na \u00favod zaspievame spolo\u010dne \u00favodn\u00fa piese\u0148\u010d.10: Chv\u00e1la Ti, Bo\u017ee vern\u00fd. Potom bude nasledova\u0165  biblick\u00e9 svedectvo o pr\u00edchode a naroden\u00ed Spasite\u013ea:  Mat\u00fa\u0161 1,18- 25.<br \/>\nHne\u010f potom prednes\u00fa svoje posolstvo na\u0161e deti. Najsk\u00f4r tie najmen\u0161ie, z prv\u00fdch troch ro\u010dn\u00edkov n\u00e1bo\u017eenstva. \u010ealej si vypo\u010dujeme ven\u010dek \u013eudov\u00fdch viano\u010dn\u00fdch kolied v podan\u00ed mal\u00fdch spev\u00e1\u010diek a jeden duet star\u0161\u00edch diev\u010dat.<br \/>\n       V druhej \u010dasti op\u00e4\u0165 najsk\u00f4r zaspievame spolo\u010dn\u00fa piese\u0148: \u010d. 642 : \u201c\u0160la sveto l\u00e1ska&#8230;\u201d  a po nej bude nasledova\u0165 viano\u010dn\u00e1 hra, dramatiz\u00e1cia viano\u010dn\u00e9ho evanjelia v podan\u00ed star\u0161\u00edch \u017eiakov. P\u00e1r slov k tomu e\u0161te prid\u00e1m v priebehu ve\u010dierka. Na z\u00e1ver dramatiz\u00e1cie s n\u00e1zvom Narodenie Mesi\u00e1\u0161a, spolo\u010dne dospievame ostatn\u00e9 ver\u0161e z\u00e1veren\u00e9ho chor\u00e1lu: Sp.\u010d.56:\u201dRadujte sa, srde\u010dne plesajte&#8230;\u201d<br \/>\n              Po\u017eehnan\u00fd ve\u010der \u017eel\u00e1m e\u0161te raz v\u0161etk\u00fdm! Amen <\/p>\n","protected":false},"excerpt":{"rendered":"<p>Detsk\u00fd viano\u010dn\u00fd ve\u010dierok 2013 \u00davodn\u00e9 oslovenie: Pr\u00edjemn\u00fd a po\u017eehnan\u00fd ve\u010der v\u0161etk\u00fdm: de\u0165om, rodi\u010dom star\u00fdm rodi\u010dom, bratom a sestr\u00e1m vo viere. Dnes, v predve\u010der \u0160tedr\u00e9ho d\u0148a sme u\u017e v\u0161etci sviato\u010dne naladen\u00ed. Jednak advent\u00fdm \u010dasom, potom samotnou pr\u00edpravou, ktor\u00fa na\u0161e deti absolvovali spolo\u010dne, a ver\u00edm \u017ee i v dom\u00e1cnostiach. T\u00e1to tradi\u010dn\u00e1 detsk\u00e1 sl\u00e1vnos\u0165 nebude ma\u0165 liturgick\u00fd, bohoslu\u017eobn\u00fd &#8230; <a title=\"Detsk\u00fd viano\u010dn\u00fd ve\u010dierok v Soboti\u0161ti\" class=\"read-more\" href=\"https:\/\/www.e-anjelik.sk\/index.php\/2014\/01\/04\/detsky-vianocny-vecierok-v-sobotisti\/\" aria-label=\"Pre\u010d\u00edtajte si viac o Detsk\u00fd viano\u010dn\u00fd ve\u010dierok v Soboti\u0161ti\">\u010c\u00edta\u0165 viac<\/a><\/p>\n","protected":false},"author":4,"featured_media":0,"comment_status":"open","ping_status":"open","sticky":false,"template":"","format":"standard","meta":{"footnotes":""},"categories":[95,159],"tags":[190],"class_list":["post-5506","post","type-post","status-publish","format-standard","hentry","category-sobotiste","category-vianoce","tag-uvodne-oslovenie"],"_links":{"self":[{"href":"https:\/\/www.e-anjelik.sk\/index.php\/wp-json\/wp\/v2\/posts\/5506","targetHints":{"allow":["GET"]}}],"collection":[{"href":"https:\/\/www.e-anjelik.sk\/index.php\/wp-json\/wp\/v2\/posts"}],"about":[{"href":"https:\/\/www.e-anjelik.sk\/index.php\/wp-json\/wp\/v2\/types\/post"}],"author":[{"embeddable":true,"href":"https:\/\/www.e-anjelik.sk\/index.php\/wp-json\/wp\/v2\/users\/4"}],"replies":[{"embeddable":true,"href":"https:\/\/www.e-anjelik.sk\/index.php\/wp-json\/wp\/v2\/comments?post=5506"}],"version-history":[{"count":0,"href":"https:\/\/www.e-anjelik.sk\/index.php\/wp-json\/wp\/v2\/posts\/5506\/revisions"}],"wp:attachment":[{"href":"https:\/\/www.e-anjelik.sk\/index.php\/wp-json\/wp\/v2\/media?parent=5506"}],"wp:term":[{"taxonomy":"category","embeddable":true,"href":"https:\/\/www.e-anjelik.sk\/index.php\/wp-json\/wp\/v2\/categories?post=5506"},{"taxonomy":"post_tag","embeddable":true,"href":"https:\/\/www.e-anjelik.sk\/index.php\/wp-json\/wp\/v2\/tags?post=5506"}],"curies":[{"name":"wp","href":"https:\/\/api.w.org\/{rel}","templated":true}]}}