{"id":5508,"date":"2014-01-04T20:19:47","date_gmt":"2014-01-04T20:19:47","guid":{"rendered":"http:\/\/e-anjelik.sk\/?p=5508"},"modified":"2021-08-14T22:17:36","modified_gmt":"2021-08-14T20:17:36","slug":"nositel-radosti","status":"publish","type":"post","link":"https:\/\/www.e-anjelik.sk\/index.php\/2014\/01\/04\/nositel-radosti\/","title":{"rendered":"Nosite\u013e radosti"},"content":{"rendered":"<p>Nosite\u013e radosti<br \/>\nKriste,<br \/>\nu jasie\u013e Tvojich stoj\u00edme,<br \/>\npokorne sa Ti kor\u00edme,&#8230;<br \/>\n\u00d3, pr\u00edjmi n\u00e1s z l\u00e1sky, z milosti<br \/>\ndnes, v tich\u00fd ve\u010der radosti,<br \/>\npr\u00edjm \u013eud svoj, dietky oddan\u00e9<br \/>\na maj n\u00e1s v svojej ochrane! Amen (M.R)<\/p>\n<p>Lk 2, 10-12:<br \/>\n\u201cAle anjel im povedal: Nebojte sa, ve\u010f zvestujem v\u00e1m ve\u013ek\u00fa rados\u0165, ktor\u00e1 bude v\u0161etk\u00e9mu \u013eudu, (11) lebo narodil sa v\u00e1m dnes v meste D\u00e1vidovom Spasite\u013e, ktor\u00fd je Kristus P\u00e1n. (12) A toto v\u00e1m bude znamen\u00edm: n\u00e1jdete nemluvniatko, obvinut\u00e9 plienkami, le\u017ea\u0165 v jasliach\u201d. Amen<\/p>\n<p>Drah\u00ed bratia a mil\u00e9 sestry v Kristu P\u00e1nu, mil\u00ed priatelia a mil\u00e9 deti!<\/p>\n<p>\u010cas viano\u010dn\u00fd, \u010das radosti, veselosti nastal po\u017eehnan\u00fd!<br \/>\nVianoce sa v na\u0161ich rodin\u00e1ch za\u010d\u00ednaj\u00fa d\u0148om, ktor\u00fd na\u0161i predkovia nazvali \u0160tedr\u00fd de\u0148. T\u00fdm k\u013e\u00fa\u010dikom a zvon\u010dekom, ktor\u00fd naplno ohlasuje pr\u00edchod najvz\u00e1cnej\u0161\u00edch sviatkov, je v\u0161ak pr\u00e1ve tento ve\u010der, ktor\u00fd m\u00e1 podobne v\u00fdsti\u017en\u00e9 a pekn\u00e9 ozna\u010denie: \u0160tedr\u00fd ve\u010der.<\/p>\n<p>\u0160tedrej\u0161ie ako inokedy sa zap\u013a\u0148aj\u00fa aj chr\u00e1my a kostoly, ke\u010f \u013eudia ochotnej\u0161ie prij\u00edmaj\u00fa pozvanie aj k spolo\u010dn\u00e9mu duchovn\u00e9mu stretaniu a stolovaniu. Jedine\u010dn\u00e1 atmosf\u00e9ra panuje najm\u00e4 v rodin\u00e1ch pri sl\u00e1vnostnej a v\u00fdnimo\u010dnej \u0161tedrej ve\u010deri. Azda v\u0161ade sa \u0161tedrove\u010dern\u00e9 stolovanie za\u010d\u00edna rozlomen\u00edm obl\u00e1tky, ktor\u00e1 n\u00e1s upom\u00edna na Toho, ktor\u00fd povedal o sebe: \u201cJa som chlieb \u017eivota\u201d, ktor\u00fd sa narodil v Betleheme, Dome chleba. Okrem vz\u00e1jomn\u00fdch darov a dar\u010dekov, prin\u00e1\u0161a \u0160tedr\u00fd ve\u010der temer v\u0161ade najm\u00e4 viac pokoja, vz\u00e1jomnej pozornosti a spolupatri\u010dnosti. Mnoho \u00faprimn\u00fdch slov i d\u00f4kazov o l\u00e1ske a d\u00f4le\u017eit\u00fdch vyznan\u00ed, na ktor\u00e9 sme inokedy sk\u00fapi, alebo z\u00e1budliv\u00ed ich vyslovi\u0165.<\/p>\n<p>Jeden z mnoh\u00fdch zvykov, ktor\u00fd sa v mnoh\u00fdch rodin\u00e1ch praktizoval a pretrv\u00e1va dodnes bol zvyk, \u017ee sa na st\u00f4l prestrelo o jeden tanier viac, ako je po\u010det rodin\u00fdch spr\u00edslu\u0161n\u00edkov, ktor\u00ed sa pri \u0161tedrove\u010dernom stole stret\u00e1vaj\u00fa. Je to znak, \u017ee mysl\u00edme aj na in\u00fdch, na niekoho nezn\u00e1meho, mo\u017eno n\u00e1hodn\u00e9ho hos\u0165a, ktor\u00fd h\u013ead\u00e1 odpo\u010dinok, alebo \u013eudsk\u00e9 prijatie.<\/p>\n<p>Nepochybne, mil\u00ed priatelia, je tu niekto, kto tak\u00e9 prijatie skuto\u010dne h\u013ead\u00e1. Kto chce pr\u00eds\u0165 op\u00e4\u0165 do ka\u017edej rodiny, dom\u00e1cnosti, do ka\u017ed\u00e9ho domu. Chce pr\u00eds\u0165 i k t\u00fdm, ktor\u00ed s\u00fa sami, lebo i tak\u00ed \u013eudia s\u00fa okolo n\u00e1s.  A tento Hos\u0165 chce by\u0165 prijat\u00fd a vypo\u010dut\u00fd, aby n\u00e1s potom On s\u00e1m n\u00e1s \u0161tedro hostil, s\u00fdtil, obdaroval a rozradostil.<br \/>\nKde tento tajomn\u00fd, nevidite\u013en\u00fd a predsa skuto\u010dn\u00fd Hos\u0165 nepr\u00edde, kde nie je pozvan\u00fd, kde je mo\u017eno prij\u00edman\u00fd vla\u017ene, alebo aj chladne a bez l\u00e1sky &#8211; tam sa netla\u010d\u00ed. Nedom\u00e1ha sa prijatia nasilu, nedob\u00edja sa do dvier.<\/p>\n<p>Je pov\u0161imnutia hodn\u00fd u\u017e jeho prv\u00fd pr\u00edchod k \u013eu\u010fom.    Nepri\u0161iel ani pe\u0161o, ani na na saniach, ani v bojovom voze, ani v nejakom luxusnom ko\u010di. Vybral a vyvolil si pr\u00edchod, ktor\u00fd je prirodzen\u00fd pre ka\u017ed\u00e9ho \u010dloveka prich\u00e1dzaj\u00faceho na svet. Pri\u0161iel k n\u00e1m v \u013eudskom tel\u00ed\u010dku novorodenca, nemluv\u0148a\u0165a. Narodil sa z \u013eudskej matky.<\/p>\n<p>Tak sme aj my pri\u0161li na svet, ke\u010f sme sa narodili zo \u017eivota na\u0161ich matiek. \u201cNarodil sa v\u00e1m\u201d, povedali pri Jeho pr\u00edchode poslovia betlehemsk\u00fdm pastierom. Ide o pr\u00edchod celkom prirodzen\u00fd a be\u017en\u00fd. Ka\u017ed\u00fd \u010dlovek, ka\u017ed\u00e9 die\u0165a je jedine\u010dn\u00e9, neopakovate\u013en\u00e9. Na svete nie s\u00fa dvaja \u00faplne rovnak\u00ed \u013eudia, aj ke\u010f s\u00fa to napr\u00edklad dvoji\u010dky. Ka\u017ed\u00fd \u010dlovek je origin\u00e1ly, ale na svet prich\u00e1dzame rovnako. Naroden\u00edm.<\/p>\n<p>Origin\u00e1lny a pov\u0161imnutiahodn\u00fd je preto aj Ten, o ktorom hovor\u00edme a na ktor\u00e9ho nem\u00f4\u017eene dnes nemysie\u0165!  Mu\u017e menom Miche\u00e1\u0161 kedysi o \u0147om povedal  slov\u00e1, ktor\u00e9 sme dnes po\u010duli v prvom svedectve:  \u201cJeho p\u00f4vod je v praveku, v \u010dasoch ve\u010dnosti. \u201c Tak\u00fdm p\u00f4vodom sa nem\u00f4\u017ee pochv\u00e1li\u0165 nikto. Rodokmene s\u00fa dnes op\u00e4\u0165 v m\u00f3de a s\u00fa popul\u00e1rne. Ale tento Hos\u0165, nem\u00e1 predkov. On s\u00e1m je Po\u010diatkom v\u0161etk\u00e9ho.<\/p>\n<p>Moj\u017ei\u0161 v\u0161ak v druhom \u017dalme pripom\u00edna, \u017ee predsa len je Synom. Je Synom nevidite\u013en\u00e9ho, mocn\u00e9ho Boha Stvorite\u013ea. \u201cTy si m\u00f4j Syn, ja som \u0164a dnes splodil\u201d. (\u017d 2) Je pln\u00fd moci, Kr\u00e1\u013e nad kr\u00e1\u013emi najmocnj\u0161\u00ed. Je P\u00e1n p\u00e1nov. Nevidite\u013en\u00e1 r\u00ed\u0161a neba je Jeho vlas\u0165ou, miestom Jeho preb\u00fdvania a cel\u00fd vesm\u00edr je Jeho podno\u017eou.<\/p>\n<p>J\u00f3b, \u010dlovek zn\u00e1my svojim ve\u013ek\u00fdm utrpen\u00edm, pripom\u00edna \u017ee :\u201d aj v\u0161etko pod nebom je jeho \/J\u00f3b  41, 3\/ J\u00f3b neprepo\u010dul ot\u00e1zky, ktor\u00e9 od Neho dostal: \u201cKde si bol, ke\u010f som kl\u00e1dol z\u00e1klady zeme? &#8211;<br \/>\n\u201cKde si bol, ke\u010f rann\u00e9 hviezdy zvu\u010dne plesali a jasali v\u0161etci nebe\u0161\u0165ania\u201d ? (38, 7)  \u201cKe\u010f som moru vyzna\u010dil medze\u201d?<\/p>\n<p>Ka\u017ed\u00e9ho z n\u00e1s sa m\u00f4\u017ee podobne ako J\u00f3ba sp\u00fdta\u0165: \u201dM\u00f4\u017ee\u0161 zviaza\u0165 ty hviezdy Plej\u00e1d? Na ni\u010dom zavesi\u0165 Oriona\u201d ? (v.31) Ten, ktor\u00fd pri\u0161iel na svet a narodil sa v plnosti \u010dasu je Mocn\u00fd Stvorite\u013e. Ten, ktor\u00fd \u201criekl a stalo sa\u201d. Ktor\u00fd povedal slovo a povstal svet! Ba e\u0161te viac:  \u201cKeby vzal sp\u00e4\u0165 svojho ducha a od\u0148al by svoj dych, skonalo by naraz ka\u017ed\u00e9 telo a \u010dlovek by sa vr\u00e1til do prachu\u201d.<\/p>\n<p>Ak si \u010dlovek v ur\u010ditej chv\u00edli mo\u017eno uvedom\u00ed, \u017ee ide o slov\u00e1 v\u00e1\u017ene, ktor\u00e9 sa naplnili pri to\u013ek\u00fdch na\u0161ich rodi\u010doch a prarodi\u010doch a naplnia sa raz pri n\u00e1s, spozn\u00e1vame, kto sme a \u010do sme. \u017de ka\u017ed\u00fd z n\u00e1s je \u201cAdam\u201d. \u010clovek, z prachu zeme. V jednu noc pri\u0161iel tento Jedinen\u010dn\u00fd Hos\u0165 k tomuto svetu a k \u010dloveku. Kto by sa neb\u00e1l? Kto by sa nezatriasol vo svojej bezmocnosti pred Mocn\u00fdm?<\/p>\n<p>Betlehemsk\u00ed pastieri sa neb\u00e1li by\u0165 v noci na poliach a str\u00e1\u017ei\u0165 pred dravou zverou svoje zvierat\u00e1. Ale inou vecou bolo obst\u00e1\u0165 pred T\u00fdm, ktor\u00fd dal ohl\u00e1si\u0165 svoj pr\u00edchod a je pritom P\u00e1nom zeme, ale najm\u00e4 P\u00e1nom ich \u017eivotov.<br \/>\nPo\u010duli sme v\u0161ak d\u00f4le\u017eit\u00e9 a v\u00fdznamn\u00e9 slovo: \u201c Nebojte sa!<br \/>\nT\u00fdmto slovom sa za\u010dali prv\u00e9 Vianoce. Neboj sa,  &#8211; ak mysl\u00ed\u0161 na hlbiny vesm\u00edru, na po\u010diatok, \u010di koniec vec\u00ed, alebo na to, kto a \u010do v skuto\u010dnosti si.<\/p>\n<p>Mil\u00ed priatelia! Tak radi sa \u013eudia p\u00fd\u0161ia a hrdia v\u0161eli\u010d\u00edm: majetkom, postaven\u00edm, titulmi, \u0161ikovnoso\u0165ou, \u017eeny kr\u00e1sou, mlad\u00ed mu\u017ei svojou silou.Ale v skuto\u010dnosti je ka\u017ed\u00fd \u010dlovek ako ten prv\u00fd Adam.<\/p>\n<p>Adamovi potomkovia vedeli a vieme to aj my, \u017ee sa v skuto\u010dnosti nem\u00e1me a\u017e tak \u010d\u00edm chv\u00e1li\u0165! V\u0161ekto, \u010do sme a m\u00e1me je iba do\u010dasu. A to, \u010do dr\u017e\u00edme v ruk\u00e1ch, je n\u00e1m iba prepo\u017ei\u010dan\u00e9. Preto bolo a je d\u00f4le\u017eit\u00e9 to povzbudenie od Toho, kto je ve\u010dn\u00fd, mocn\u00fd a \u017eiv\u00fd na veky vekov! Nebojte sa!<\/p>\n<p>Lebo Hos\u0165, ktor\u00fd pri\u0161iel, uk\u00e1zal svoju prav\u00fa tv\u00e1r a podstatu. \u010clovek si svoje m\u00fadrosti, svoje filozofick\u00e9, \u010di teologick\u00e9 kon\u0161rukcie  a my\u0161lienky mus\u00ed jednoducho poopravi\u0165. Ten Nevidite\u013en\u00fd a predsa skuto\u010dne v\u017edy pr\u00edtomn\u00fd je jednoducho in\u00fd! Predov\u0161etk\u00fdm &#8211; On je Spasite\u013e. Preto je NOSITE\u013d RADOSTI.<br \/>\nJe Z\u00e1chranca tohoto sveta, ktor\u00fd \u010dlovek nevie zachova\u0165 v jeho p\u00f4vodnej kr\u00e1se, nevie ho zveladi\u0165 a premeni\u0165 na kvitn\u00facu z\u00e1hradu.  Iste\u017ee, sem- tam sa n\u00e1m nejak\u00fd k\u00fasok zeme, svoju z\u00e1hradku, sad , mo\u017eno podar\u00ed zvl\u00e1dnu\u0165, vysadi\u0165 kvetmi &#8211; ale za br\u00e1nkou, za plotmi , ktor\u00fdmi sa \u013eudia radi ohr\u00e1dzaj\u00fa je to u\u017e inak&#8230;<\/p>\n<p>Bolo by mo\u017en\u00e9 polo\u017ei\u0165 aj tak\u00fato ot\u00e1zku:  pred k\u00fdm to \u013eudia vlastne stavaj\u00fa to\u013ek\u00e9 ploty a ohrady, ak s\u00fa v\u0161ecti, ako tvrdia, dobr\u00ed?  Ak s\u00fa: l\u00e1skav\u00ed rodi\u010dia, dobr\u00ed man\u017eelia, miluj\u00faci pr\u00edbuzn\u00ed, prajn\u00ed susedia, dobrosrde\u010dn\u00ed zamest\u00e1vatelia a poctiv\u00ed zamestnanci, \u0161tedr\u00fd sponzori a don\u00e1tori?<\/p>\n<p>V skuto\u010dnsoti prav\u00fdm Darcom v\u0161etk\u00fdch dobr\u00fdch darov, Darcom \u017eivota, Darcom odpustenia hriechov, Darcom, ktor\u00ed na\u0161e dlhy l\u00e1sky a preme\u0161kania \u0161tedro vyplatil a vypl\u00e1ca je iba Jeden:  BOH v Je\u017ei\u0161ovi!  Kristus, P\u00e1n.<br \/>\nNarodil sa a pri\u0161iel ako nemluv\u0148a, v pon\u00ed\u017eenosti, skromnosti, v hlbokej pokore. V pokore, ktor\u00e1 je prav\u00e1 a preto neodpudzuje falo\u0161nou pozl\u00e1tkou, naf\u00fakan\u00fdmi slovami, vyvy\u0161ovan\u00edm seba a poni\u017eovan\u00edm in\u00fdch. Takto sa dal a d\u00e1va pozna\u0165 v\u017edy nanovo, ka\u017edej novej gener\u00e1cii Boh a P\u00e1n!<br \/>\n\u201cToto v\u00e1m  bude znamen\u00edm: n\u00e1jdete nemluvniatko, obvinut\u00e9 plienkami le\u017ea\u0165 v jasliach!\u201d<br \/>\nKto chce teda pozna\u0165 Boha a prija\u0165 ho ako Hos\u0165a, ktor\u00fd v skuto\u010dnosti je v\u017edy Hostite\u013eom, nech sa pozrie do betlhemsk\u00fdch jasl\u00ed! Pravda, aj nad jas\u013eami sa treba aspo\u0148 tro\u0161ku skloni\u0165. Ten k\u00fasok  pokory ale nikomu neubl\u00ed\u017ei. T\u00e1 kvapka pokory znamen\u00e1, \u017ee sa staneme obdarovan\u00fdmi! \u0160tedre a bohato obdarovan\u00fdmi. Darmi pre telo i pre du\u0161u. Najv\u00e4\u010d\u0161\u00edmi darmi, ktor\u00e9 pon\u00faka s\u00fa: l\u00e1ska, rados\u0165, dobrotivos\u0165, pokoj, ne\u017enos\u0165, krotkos\u0165, zdr\u017eanlivos\u0165! (G 5,22-23)<\/p>\n<p>Ak tohoto Hos\u0165a prij\u00edmame, ke\u010f klope a prihov\u00e1ra sa n\u00e1m tu, i pri na\u0161ich stoloch, kde m\u00e1me prestret\u00e9 aj pre Neho, prij\u00edmame aj  bohatstvo, \u0161tedros\u0165 Jeho darov. Kristov pr\u00edchod bol darom naj\u0161tedrej\u0161\u00edm! Je \u0161tedr\u00fdm aj dnes, ak Ho pozveme, ak sa z jeho pr\u00edchodu v Duchu Sv\u00e4tom, v Slove a sviatostaich te\u0161\u00edme a radujeme. Ak Mu \u010fakujeme a dobrore\u010d\u00edme.<\/p>\n<p>Mil\u00ed priatelia, bratia a sestry!<\/p>\n<p>Pr\u00edchod ve\u010dn\u00e9ho Boha v Synovi, Je\u017ei\u0161ovi  Kristovi bol a zost\u00e1va Darom prv\u00e9ho i dne\u0161n\u00e9ho \u0160tedr\u00e9ho d\u0148a a ve\u010dera. Darom bohat\u00fdm i kr\u00e1snym. Nech n\u00e1s v\u0161etk\u00fdch Kristus P\u00e1n obdar\u00ed a rozradost\u00ed nanovo v dne\u0161n\u00fd ve\u010der, zajtra, vo v\u00fdro\u010dn\u00fd de\u0148 Jeho narodenia i v celom \u010dasnom \u017eivote.<br \/>\nA potom i v \u017eivote v Jeho sl\u00e1ve. S N\u00edm i s t\u00fdmi, ktor\u00ed Jeho milos\u0165, \u0161tedros\u0165, l\u00e1sku a pokoj s d\u00f4verou prijali. Ktor\u00ed pr\u00e1ve preto bud\u00fa s N\u00edm stolova\u0165 i v radosti ve\u010dnej. Amen<\/p>\n<p>\u0160tedr\u00fd ve\u010der  2013- Soboti\u0161te, Rovensko &#8211; \u013dubom\u00edr Batka st.<\/p>\n","protected":false},"excerpt":{"rendered":"<p>Nosite\u013e radosti Kriste, u jasie\u013e Tvojich stoj\u00edme, pokorne sa Ti kor\u00edme,&#8230; \u00d3, pr\u00edjmi n\u00e1s z l\u00e1sky, z milosti dnes, v tich\u00fd ve\u010der radosti, pr\u00edjm \u013eud svoj, dietky oddan\u00e9 a maj n\u00e1s v svojej ochrane! Amen (M.R) Lk 2, 10-12: \u201cAle anjel im povedal: Nebojte sa, ve\u010f zvestujem v\u00e1m ve\u013ek\u00fa rados\u0165, ktor\u00e1 bude v\u0161etk\u00e9mu \u013eudu, (11) &#8230; <a title=\"Nosite\u013e radosti\" class=\"read-more\" href=\"https:\/\/www.e-anjelik.sk\/index.php\/2014\/01\/04\/nositel-radosti\/\" aria-label=\"Pre\u010d\u00edtajte si viac o Nosite\u013e radosti\">\u010c\u00edta\u0165 viac<\/a><\/p>\n","protected":false},"author":4,"featured_media":0,"comment_status":"open","ping_status":"open","sticky":false,"template":"","format":"standard","meta":{"footnotes":""},"categories":[95,373,159],"tags":[192],"class_list":["post-5508","post","type-post","status-publish","format-standard","hentry","category-sobotiste","category-stedry-vecer","category-vianoce","tag-kazen"],"_links":{"self":[{"href":"https:\/\/www.e-anjelik.sk\/index.php\/wp-json\/wp\/v2\/posts\/5508","targetHints":{"allow":["GET"]}}],"collection":[{"href":"https:\/\/www.e-anjelik.sk\/index.php\/wp-json\/wp\/v2\/posts"}],"about":[{"href":"https:\/\/www.e-anjelik.sk\/index.php\/wp-json\/wp\/v2\/types\/post"}],"author":[{"embeddable":true,"href":"https:\/\/www.e-anjelik.sk\/index.php\/wp-json\/wp\/v2\/users\/4"}],"replies":[{"embeddable":true,"href":"https:\/\/www.e-anjelik.sk\/index.php\/wp-json\/wp\/v2\/comments?post=5508"}],"version-history":[{"count":1,"href":"https:\/\/www.e-anjelik.sk\/index.php\/wp-json\/wp\/v2\/posts\/5508\/revisions"}],"predecessor-version":[{"id":34825,"href":"https:\/\/www.e-anjelik.sk\/index.php\/wp-json\/wp\/v2\/posts\/5508\/revisions\/34825"}],"wp:attachment":[{"href":"https:\/\/www.e-anjelik.sk\/index.php\/wp-json\/wp\/v2\/media?parent=5508"}],"wp:term":[{"taxonomy":"category","embeddable":true,"href":"https:\/\/www.e-anjelik.sk\/index.php\/wp-json\/wp\/v2\/categories?post=5508"},{"taxonomy":"post_tag","embeddable":true,"href":"https:\/\/www.e-anjelik.sk\/index.php\/wp-json\/wp\/v2\/tags?post=5508"}],"curies":[{"name":"wp","href":"https:\/\/api.w.org\/{rel}","templated":true}]}}