{"id":5512,"date":"2014-01-09T11:11:39","date_gmt":"2014-01-09T11:11:39","guid":{"rendered":"http:\/\/e-anjelik.sk\/?p=5512"},"modified":"2014-01-09T11:11:39","modified_gmt":"2014-01-09T11:11:39","slug":"ked-jezis-odchadza","status":"publish","type":"post","link":"https:\/\/www.e-anjelik.sk\/index.php\/2014\/01\/09\/ked-jezis-odchadza\/","title":{"rendered":"Ke\u010f Je\u017ei\u0161 odch\u00e1dza"},"content":{"rendered":"<p>                                                                 Ke\u010f Je\u017ei\u0161 odch\u00e1dza<br \/>\nJ\u00e1n 12, 35 &#8211; 41:<br \/>\n\u201cRiekol im Je\u017ei\u0161: e\u0161te kr\u00e1tky \u010das je svetlo medzi vami. Cho\u010fte, dokia\u013e m\u00e1te svetlo, aby v\u00e1s neprikva\u010dila tma;  kto chod\u00ed v tme, nevie , kam ide. (36)  Dokia\u013e m\u00e1te svetlo, verte v svetlo, aby ste boli synovia svetla! To povedal Je\u017ei\u0161, potom odi\u0161iel a ukryl sa pred nimi.<br \/>\n      (37) Aj ke\u010f to\u013eko ve\u013ek\u00fdch znamen\u00ed u\u010dinil pred nimi, neuverili v Neho, (38) aby sa naplnilo slovo proroka Izai\u00e1\u0161a, ktor\u00e9 povedal: Pane, kto uveril n\u00e1\u0161mu k\u00e1zaniu a rameno P\u00e1novo komu bolo zjaven\u00e9?  (39) Preto oni nemohli uveri\u0165, lebo Izai\u00e1\u0161 zase hovor\u00ed: (40) Oslepil im o\u010di a zatvrdil srdcia, aby nevideli o\u010dami a nepozn\u00e1vali srdcom, neobr\u00e1tili sa, a ja aby som ich neuzdravil. (41) To povedal Izai\u00e1\u0161, lebo videl Jeho sl\u00e1vu a hovoril o \u0147om\u201d. Amen<\/p>\n<p>      Bohumil\u00ed kres\u0165ania, bratia a sestry v P\u00e1nu!<\/p>\n<p>     Viano\u010dn\u00e1 v\u00fdzdoba a mno\u017estvo svetiel pripraven\u00fdch k Vianociam e\u0161te st\u00e1le svieti na uliciach, na n\u00e1mestiach, ale aj za oknami na\u0161ich domov a bytov a dokonca aj v \u00faradnch miestnostiach.<br \/>\nPo vla\u0148aj\u0161om pokuse v EU zak\u00e1za\u0165 na verejnosti symbol Vianoc , viano\u010dn\u00fd strom, je mo\u017eno aj tento mohutn\u00fd pr\u00fad svetiel a svetielok hr\u00e1dzou proti najv\u00e4\u010d\u0161\u00edm \u00faletom zatemn\u00fdch a bojovne naladen\u00fdch hl\u00e1v, ktor\u00e9 sa nesklonili nad jas\u013eami naroden\u00e9ho Krista P\u00e1na.<br \/>\n      Iste\u017ee, nie v\u0161etky svetl\u00e1 za\u017eat\u00e9 po\u010das viano\u010dn\u00fdch sviatkov boli zap\u00e1len\u00e9 k pocte naroden\u00e9mu Je\u017ei\u0161kovi. To vieme a to si iste uvedomujeme, ale i tak je to znak, \u010di n\u00e1znak oznamu evanjelia: \u201cSvetlo pri\u0161lo na svet! Nemilujte tmu, ale svetlo\u201d!<br \/>\n      To prav\u00e9 Svetlo, ktor\u00e9 pri\u0161lo na svet v plnosti \u010dasu st\u00e1le svieti. Pri\u0161lo, aby sme ne\u017eili v tme, aby sme nechodili v tme. A aby sme  neodch\u00e1dzali do tmy ani potom, ke\u010f z tohoto sveta budeme odch\u00e1dza\u0165. O narodenom Bo\u017eom Synovi hovor\u00ed mil\u00e1 viano\u010dn\u00e1 b\u00e1se\u0148 s n\u00e1zvom Dohviezdny ve\u010der nasledovn\u00e9 vyznanie:<br \/>\n\u201cVe\u010f to Svetlo, polo\u017een\u00e9 do jasl\u00ed,<br \/>\nbude svieti\u0165, hoc by hviezdy vyhasli!\u201d<br \/>\n     Nesvietia len viano\u010dn\u00e9 svetl\u00e1 strom\u010dekov a viano\u010dn\u00fdch symbolov. Svieti a hreje l\u00fa\u010d Toho, koho evanjelista J\u00e1n nazval svetlom. Aj On s\u00e1m sa nazval svetlo. Ide o ve\u010dn\u00e9 Slovo, ktor\u00e9 bolo od vekov u Boha, stalo sa \u017eivotom, stalo sa aj telom, prav\u00fdm \u010dlovekom a potom aj svetlom \u013eud\u00ed . ( J 1, 4nn)<br \/>\n      T\u00e1to d\u00f4le\u017eit\u00e1 inform\u00e1cia nem\u00f4\u017ee um\u013aknu\u0165, ale mus\u00ed znie\u0165 a dosta\u0165 sa k srdcu a do vedomia \u010dloveka v\u017edy nanovo. Nielen po\u010das  \u0160tedr\u00e9ho ve\u010dera a v\u00fdro\u010dn\u00fdch sl\u00e1vnost\u00ed narodenia Krista P\u00e1na, ale aj po d\u0148och sl\u00e1vnostn\u00fdch, v oby\u010dajn\u00e9 nedele a dni. Aj v dne\u0161n\u00fa nede\u013eu teda smieme po\u010du\u0165 slovo o ve\u013ekej udalosti  a z nej plyn\u00facej radosti. Toti\u017e,  \u017ee:<\/p>\n<p>                         Svetlo pri\u0161lo na svet!<br \/>\n             Zasvietilo tam,<br \/>\n1. kde Mu \u010dlovek ver\u00ed<br \/>\n2.  a vie kade chod\u00ed<br \/>\n3.  kde sa N\u00edm uzdrav\u00ed<\/p>\n<p>     Mil\u00ed bratia a sestry v Kristu P\u00e1nu!<\/p>\n<p>      Kristov\u00fdm pr\u00edchodom a naroden\u00edm pri\u0161lo na svet jedinen\u010dn\u00e9 svetlo. Je jedine\u010dn\u00e9 t\u00fdm, \u017ee je tu od ve\u010dnosti, a t\u00fdm, \u017ee ono samotn\u00e9 je zdrojom ka\u017edej energie, a aj samotn\u00e9ho \u017eivota. Na\u0161e viano\u010dn\u00e9 Kyrie o \u0147om hovor\u00ed:<br \/>\n\u201cBo\u017ee ve\u010dn\u00fd, Svetla zdroj jedin\u00fd,<br \/>\nteba ct\u00ed \u013eud v\u010fa\u010dn\u00fd,<br \/>\nz neskonalej l\u00e1sky na n\u00e1s vzhliadni;<br \/>\nzmiluj sa nad nami.<br \/>\n    Krista Otec dal,<br \/>\naby Boha svet poznal,<br \/>\nTy si to prav\u00e9 svetlo sveta&#8230;.(v.1 a 4)<\/p>\n<p>        Z pr\u00edrodn\u00fdch vied sme zvyknut\u00ed na tvrdenie, \u017ee ka\u017ed\u00e9 svetlo m\u00e1 svoj zdroj, ktor\u00fd je vy\u010derpate\u013en\u00fd. O Je\u017ei\u0161ovi Kristovi po\u010dujeme, \u017ee tu bol sk\u00f4r, ako svet povstal a \u017ee je zdrojom v\u0161etk\u00e9ho, \u010do jestvuje. Evanje\u00f4ista J\u00e1n sved\u010d\u00ed, \u017ee na po\u010diatku bolo SLOVO, ktor\u00e9 bolo u Boha a Boh bol to Slovo. To SLOVO sa v plnosti \u010dasu stalo \u017dIVOTOM, stalo sa TELOM i SVETLOM.<br \/>\n     By\u0165 s N\u00edm, toti\u017e s vtelen\u00fdm a naroden\u00fdm Kristom P\u00e1nom a \u017ei\u0165 z Jeho tela a svetla je pre \u010dloveka \u017eivotne d\u00f4le\u017eit\u00e9. Kristus P\u00e1n pri\u0161iel pre n\u00e1s, aby bol s nami a v n\u00e1s a my s N\u00edm.<\/p>\n<p>   Toto ve\u010dn\u00e9 slovo a svetlo \u010dlovek m\u00f4\u017ee prija\u0165 skrze vieru. Vierou my evanjelick\u00ed kres\u0165ania rozumieme pln\u00fa d\u00f4veru, prijatie a spo\u013eahnutie sa na toto Slovo. Na to, \u010do Je\u017ei\u0161 hovor\u00ed a kon\u00e1, \u010do pon\u00faka. Je to d\u00f4vera v Jeho slov\u00e1, ktor\u00e9 povedal, ale aj v to, \u010do vykonal pre n\u00e1s.<br \/>\n     Tu mus\u00edme teda myslie\u0165 nielen na Jeho narodenie, ale aj na to \u010fal\u0161ie, \u010do nasledovalo po prv\u00fdch Vianociach, a\u017e po Jeho umu\u010denie, ukri\u017eovanie, vzkriesenie i osl\u00e1venie. Prijatie Jeho slova a s\u00fa\u010dasne cel\u00e9ho Jeho diela sa n\u00e1m dost\u00e1va svetlo \u017eivota.<\/p>\n<p>    2\/ Bratia a sestry v Kristu P\u00e1nu!<br \/>\n    V tom je s\u00fad nad t\u00fdmto svetom, \u017ee nie v\u0161etci milovali toto ve\u010dn\u00e9 Slovo a Svetlo, tento \u017divot a Jeho ponuku. Evanjelista J\u00e1n a v\u0161etci, ktor\u00ed podobne ako on Krista prijali vierou, hovor\u00ed o tom, \u017ee ten, kto neprijal a teda neuveril v jednoroden\u00e9ho Syna Bo\u017eieho, zost\u00e1va v tme, v starom \u017eivote, ktor\u00fd je  oddelen\u00fd od Je\u017ei\u0161a Krista a od Jeho pr\u00edtomnosti i bud\u00facnosoti.<\/p>\n<p>      Ak sme teda navonok ve\u013emi mnoh\u00ed sv\u00e4tili Vianoce,<br \/>\n nie v\u0161etci prijali Slovo. Nie v\u0161etci uverili v Toto ve\u010dn\u00e9 Slovo ani v jeho \u017eivot obetovan\u00fd pre n\u00e1s, preto \u017eij\u00fa aj na\u010falej iba zo svojho slova, zo svojich s\u00edl,  star\u00fdm sp\u00f4sobom, akoby Kristus nepri\u0161iel, nehovoril, nekonal. Tam, kde je odmuetnutie, spochybnenie, alebo poh\u0155danie t\u00fdmto svetlom, zost\u00e1va tma star\u00e9ho sveta, star\u00e9ho Adama, tma \u013eudskej p\u00fdchy, ktor\u00e1  \u201cpeklom d\u00fdcha\u201d.<br \/>\n    V kone\u010dnom d\u00f4sledku \u010dlovek nevie kam ide&#8230;.nem\u00e1 svetlo do tej najv\u00e4\u010d\u0161ej tmy, ktorou je utrpenie, osobn\u00e1 smr\u0165 a to, \u010do bude potom.<br \/>\nTam je \u010dlovek znepokojen\u00fd, nerv\u00f3zny, podr\u00e1\u017eden\u00fd, frustrovan\u00fd a ned\u00e1 sa pote\u0161i\u0165, lebo nevid\u00ed nijak\u00e9 svetlo na konci cesty, ktorou je \u017eivot a na konci tunela, ktor\u00fdm je smr\u0165.<br \/>\n      Svetlo teda v skuto\u010dnosti pri\u0161lo a prich\u00e1dza iba tam, kde sa mu \u010dlovek otvor\u00ed. Kde Kristov\u00fdm slov\u00e1m, zas\u013e\u00fabeniam a Jeho skutkom ver\u00ed a potom sa sna\u017e\u00ed v tomto svetle chodi\u0165, \u017ei\u0165 i dokon\u00e1va\u0165 \u017eivot.<\/p>\n<p>3. Bratia  a sestry!<br \/>\n Preto je d\u00f4le\u017eit\u00e9 rozumne sa rozhodova\u0165 a dobre vyu\u017ei\u0165 \u010das, ktor\u00fd n\u00e1m je dan\u00fd. \u201cDokia\u013e m\u00e1te svetlo, verte v svetlo, aby ste boli synovia svetla\u201d &#8211; hovor\u00ed P\u00e1n Je\u017ei\u0161 a apeluje na n\u00e1s a na\u0161e spr\u00e1vne rozhodnutie.<br \/>\n     Z odstupu \u010dasu je a\u017e prekvapuj\u00face vidie\u0165 to, \u010do J\u00e1n pripom\u00edna.<br \/>\nToti\u017e, ako sa plnili starod\u00e1vne prorock\u00e9 zas\u013e\u00fabenia a napom\u00ednania, napr\u00edklad  n\u00edm spom\u00ednan\u00e9 od proroka Izai\u00e1\u0161a.<br \/>\n     Izai\u00e1\u0161 si kedysi s\u00e1m polo\u017eil ot\u00e1zku: \u201dKto uveril na\u0161ej zvesti?\u201d  Ke\u010f\u017ete ju mnoh\u00ed odmietali, mohol ma\u0165 pocit, \u017ee je to preto, \u017ee nie dobre a spr\u00e1vne k\u00e1\u017ee, \u017ee jeho slovo je pr\u00edli\u0161 \u013eudsk\u00e9 a nem\u00e1 kvalitu Bo\u017eieho slova. Pravda, zvestovan\u00e9 Slovo bolo v poriadku, ale p\u00f4da \u013eudsk\u00fdch s\u0155dc, do ktor\u00fdch zrno padalo bola aj v jeho dob\u00e1ch ve\u013emi r\u00f4zna.<br \/>\n    Aj P\u00e1n Je\u017ei\u0161 mmnoho a v\u0161ade k\u00e1zal. On nielen vyu\u010doval a hovoril jasn\u00e9 pr\u00edklady, aby nimi otv\u00e1ral o\u010di splep\u00fdch. On naviac konal mnoh\u00e9 divy, z\u00e1zraky, skutky pomoci, ktor\u00e9 boli znameniami, \u017ee Jeho slov\u00e1 nie s\u00fa zemsk\u00e9ho, \u010di \u013eudsk\u00e9ho p\u00f4vodu. Evanjelista J\u00e1n v\u0161ak jasne sved\u010d\u00ed: \u201cAj ke\u010f to\u013eko znamen\u00ed u\u010dinil pred nimi, neuverili v Neho.\u201d <\/p>\n<p>       \u010co z toho plynie pre n\u00e1s, dne\u0161n\u00fdch kazate\u013eov a dne\u0161n\u00fdch posluch\u00e1\u010dom Bo\u017eie Slova?<br \/>\n        So zatvrdilos\u0165ou moh\u00fdch, zo star\u00fdm hrie\u0161nym svetom i \u017eivotom \u013eud\u00ed mus\u00edme po\u010d\u00edta\u0165 aj my dnes. To n\u00e1s nem\u00e1 pom\u00fdli\u0165 a skl\u00e1ti\u0165 vo viere. Aj ke\u010f tu bola v minul\u00fdch d\u0148och tak\u00e1 z\u00e1plava svetliel viano\u010dn\u00fdch a z\u00e1plava slov o ponuke Vianoc, jedni sa zatvrdili sami, in\u00ed aj s pomocou in\u00fdch, a s\u00fa aj tak\u00ed, ktor\u00ed odmietli aj najv\u00e4\u010d\u0161ie dary Bo\u017eej milosti. S\u00e1m P\u00e1n Boh ich nech\u00e1va v tomto stave zatvrdilosti. Preto nevidia o\u010dami a nepozn\u00e1vaj\u00fa srdcom, neobr\u00e1tili sa a ich choroba o\u010d\u00ed a srdca zost\u00e1va. Nebud\u00fa uzdraven\u00ed&#8230;<br \/>\n      Ak sme prijali Je\u017ei\u0161ka u\u017e ako deti, ak sme Jemu, ako P\u00e1novi zverili svoj \u017eivot, ak prij\u00edmame znova a znova v Jeho svetle poznanie o n\u00e1s sam\u00fdch, toti\u017e na\u0161ej choroby, ale s\u00fa\u010dasne aj liek na t\u00fato chorobu, sv\u00e4tili sme Vianoce s v\u010fakou i rados\u0165ou, ktor\u00e1 nekon\u010d\u00ed.<br \/>\n     Bude ma\u0165 svoje pokra\u010dovanie a svoje rozhojnenie do netu\u0161n\u00fdch rozmerov v Kristovej bl\u00edzkosti v Jeho ve\u010dnej sl\u00e1ve! Amen <\/p>\n<p>                                           Nede\u013ea po Vianociach &#8211; Soboti\u0161te 2013 &#8211; \u013dubom\u00edr Batka, ev.far\u00e1r<\/p>\n","protected":false},"excerpt":{"rendered":"<p>Ke\u010f Je\u017ei\u0161 odch\u00e1dza J\u00e1n 12, 35 &#8211; 41: \u201cRiekol im Je\u017ei\u0161: e\u0161te kr\u00e1tky \u010das je svetlo medzi vami. Cho\u010fte, dokia\u013e m\u00e1te svetlo, aby v\u00e1s neprikva\u010dila tma; kto chod\u00ed v tme, nevie , kam ide. (36) Dokia\u013e m\u00e1te svetlo, verte v svetlo, aby ste boli synovia svetla! To povedal Je\u017ei\u0161, potom odi\u0161iel a ukryl sa pred &#8230; <a title=\"Ke\u010f Je\u017ei\u0161 odch\u00e1dza\" class=\"read-more\" href=\"https:\/\/www.e-anjelik.sk\/index.php\/2014\/01\/09\/ked-jezis-odchadza\/\" aria-label=\"Pre\u010d\u00edtajte si viac o Ke\u010f Je\u017ei\u0161 odch\u00e1dza\">\u010c\u00edta\u0165 viac<\/a><\/p>\n","protected":false},"author":4,"featured_media":0,"comment_status":"open","ping_status":"open","sticky":false,"template":"","format":"standard","meta":{"footnotes":""},"categories":[95,159],"tags":[192],"class_list":["post-5512","post","type-post","status-publish","format-standard","hentry","category-sobotiste","category-vianoce","tag-kazen"],"_links":{"self":[{"href":"https:\/\/www.e-anjelik.sk\/index.php\/wp-json\/wp\/v2\/posts\/5512","targetHints":{"allow":["GET"]}}],"collection":[{"href":"https:\/\/www.e-anjelik.sk\/index.php\/wp-json\/wp\/v2\/posts"}],"about":[{"href":"https:\/\/www.e-anjelik.sk\/index.php\/wp-json\/wp\/v2\/types\/post"}],"author":[{"embeddable":true,"href":"https:\/\/www.e-anjelik.sk\/index.php\/wp-json\/wp\/v2\/users\/4"}],"replies":[{"embeddable":true,"href":"https:\/\/www.e-anjelik.sk\/index.php\/wp-json\/wp\/v2\/comments?post=5512"}],"version-history":[{"count":0,"href":"https:\/\/www.e-anjelik.sk\/index.php\/wp-json\/wp\/v2\/posts\/5512\/revisions"}],"wp:attachment":[{"href":"https:\/\/www.e-anjelik.sk\/index.php\/wp-json\/wp\/v2\/media?parent=5512"}],"wp:term":[{"taxonomy":"category","embeddable":true,"href":"https:\/\/www.e-anjelik.sk\/index.php\/wp-json\/wp\/v2\/categories?post=5512"},{"taxonomy":"post_tag","embeddable":true,"href":"https:\/\/www.e-anjelik.sk\/index.php\/wp-json\/wp\/v2\/tags?post=5512"}],"curies":[{"name":"wp","href":"https:\/\/api.w.org\/{rel}","templated":true}]}}