{"id":5514,"date":"2014-01-09T11:37:30","date_gmt":"2014-01-09T11:37:30","guid":{"rendered":"http:\/\/e-anjelik.sk\/?p=5514"},"modified":"2014-01-09T11:37:30","modified_gmt":"2014-01-09T11:37:30","slug":"kristus-posilnuje","status":"publish","type":"post","link":"https:\/\/www.e-anjelik.sk\/index.php\/2014\/01\/09\/kristus-posilnuje\/","title":{"rendered":"Kristus posil\u0148uje!"},"content":{"rendered":"<p>                                                             Kristus posil\u0148uje!<\/p>\n<p>I v novom roku slovo Tvoje<br \/>\nnech oslad\u00ed n\u00e1m \u017eitia boje!&#8230;<br \/>\nNu\u017e \u017eehnaj n\u00e1m dnes, ke\u010f sa k\u00e1\u017ee<br \/>\na s l\u00e1skou srdce k srdcu via\u017ee!<br \/>\n\u00d3, \u017eehnaj, Bo\u017ee, nech n\u00e1m mannou<br \/>\na na kvet du\u0161\u00ed rosou rannou &#8211;<br \/>\nnech s\u00fdti n\u00e1s a dv\u00edha denne!&#8230;<br \/>\nTak ideme vpred v Tvojom mene. Amen (M.R.)<\/p>\n<p>F 4, 10 &#8211; 13:<br \/>\n\u201cVe\u013emi som sa zaradoval v P\u00e1nu, \u017ee sa u\u017e zase raz rozhojnila va\u0161a starostlivos\u0165 o m\u0148a. Ve\u010f ste aj mysleli na to, ale nebolo pr\u00edle\u017eitosti. (11)  Nehovor\u00edm to preto, akoby som mal nedostatok; lebo ja som sa nau\u010dil prist\u00e1va\u0165 na tom, \u010do m\u00e1m. (12) Viem sa aj uskromni\u0165 a viem aj v hojnosti \u017ei\u0165. U\u017e som vo v\u0161etkom mo\u017enom pocvi\u010den\u00fd; s\u00fdtim by\u0165 aj hladova\u0165, hojnos\u0165 ma\u0165 i n\u00fadzu trpie\u0165. (13) V\u0161etko m\u00f4\u017eem v Kristu, ktor\u00fd ma posil\u0148uje.\u201dAmen<\/p>\n<p>     Bohumil\u00ed kres\u0165ania, bratia a sestry v Kristu, P\u00e1novi, mil\u00ed priatelia!<\/p>\n<p>     \u201c\u013dud Bo\u017e\u00ed, v\u00edtaj nov\u00fd  \u010das,<br \/>\n      P\u00e1n Boh n\u00e1m nov\u00fd rok dal zas,<br \/>\n      vzdaj chv\u00e1lu, \u010fakuj mil\u00e9mu,<br \/>\n      Otcovi ve\u010dn\u00e9mu\u201d . (ESP 74.1) <\/p>\n<p>      K spolo\u010dnej chv\u00e1le a v\u010fake za nov\u00fd \u010das a nov\u00fd rok vyz\u00fdva n\u00e1s  slovo n\u00e1bo\u017enej piesne v br\u00e1nach nov\u00e9ho roku P\u00e1novho 2014. <\/p>\n<p>     Nov\u00fd rok je najm\u00e4 novou pr\u00edle\u017eitos\u0165ou ku konaniu dobra, k prejavom l\u00e1sky a slu\u017eby na\u0161im mil\u00fdm a drah\u00fdm, ale aj ostatn\u00fdm bl\u00ed\u017enym, \u017eij\u00facim v na\u0161ej bl\u00edzkosti.<br \/>\n   V\u0161eli\u010do \u010dak\u00e1me od nov\u00e9ho roku v\u0161etci, v\u0161eli\u010do dobr\u00e9 si aj navz\u00e1jim \u017eel\u00e1me a vin\u0161ujeme, ale nepochybne medzi najvz\u00e1cnej\u0161ie dary patr\u00ed l\u00e1ska a pozornos\u0165 na\u0161ich bl\u00edzkych, ich pozornos\u0165 a vn\u00edmavos\u0165 vo\u010di n\u00e1m. Hodnota a dar l\u00e1sky je a zost\u00e1va najvy\u0161\u0161\u00edm darom Ducha Sv\u00e4t\u00e9ho pre n\u00e1s. Aby sme boli pripraven\u00ed takto \u017ei\u0165 a kona\u0165, aby sme boli schopn\u00ed na\u0161ich najbli\u017e\u0161\u00edch obdarov\u00e1va\u0165  prav\u00fdmi hodnotami l\u00e1sky a slu\u017eby, vzhliadame aj dnes, v prv\u00e9 r\u00e1no  nov\u00e9ho roku k Tomu, ktor\u00fd n\u00e1m  bol darovan\u00fd ako dar l\u00e1sky najvy\u0161\u0161\u00ed z neba, k P\u00e1novi Je\u017ei\u0161ovi Kristovi.<br \/>\n     Dne\u0161n\u00fd de\u0148 je nielen prv\u00fdm v rade 365-tich dn\u00ed nov\u00e9ho roku, ale aj spomienkou na naroden\u00e9ho Bo\u017eieho Syna, ktor\u00e9ho zemsk\u00ed rodi\u010dia priniesli do jeruzalemsk\u00e9ho chr\u00e1mu, aby ho cez obriezku podrobili Bo\u017eiemu z\u00e1konu a pri\u010dlenili k \u013eudu SZ.<br \/>\n       Pr\u00e1ve tomuto \u013eudu bol dan\u00fd z\u00e1kon Bo\u017e\u00ed. Jeho obsah aj my pozn\u00e1me a u\u010d\u00edme sa od mladosti: \u201c Milova\u0165 bude\u0161 P\u00e1na, svojho Boha, cel\u00fdm srdcom, celou du\u0161ou a celou silou a svojho bl\u00ed\u017eneho, ako seba sam\u00e9ho!\u201d<br \/>\n         Ako kres\u0165ania mysl\u00edme teda aj dnes predov\u0161etk\u00fdm na Toho, ktor\u00fd dostal pri obriezke meno Je\u017ei\u0161. Na Toho, ktor\u00fd tento z\u00e1kon Bo\u017e\u00ed dokonle vyplnil nielen za seba, ale aj za n\u00e1s. Ktor\u00fd na\u0161e dlhy vo\u010di z\u00e1konu vyplatil a zaplatil svoj\u00edm \u017eivotom a utrpen\u00edm, ktor\u00e9ho je obriezka  predobrazom. Preto sa na\u0161e t\u00fa\u017eby, \u017eelania a poh\u013ead do bud\u00facnosti upiera k Je\u017ei\u0161ovi, n\u00e1\u0161mu Spasite\u013eovi a Pomocn\u00edkovi, ktor\u00fd n\u00e1m svoju pomoc pre v\u0161etky \u010dasy zas\u013e\u00fabil. \u201cAjh\u013ea, ja som s vami po v\u0161etky dni, a\u017e do konca sveta\u201d.<\/p>\n<p>     Aj apo\u0161tolsk\u00e9 slovo n\u00e1s nasmerov\u00e1va na tento nevy\u010derpate\u013en\u00fd zdroj energie a sily l\u00e1sky, z ktorej smieme pretransformova\u0165 do na\u0161ich \u017eivotov to najcenenenj\u0161ie &#8211; silu Bo\u017eej l\u00e1sky, ktor\u00e1 je trpezliv\u00e1, dobrotiv\u00e1, ktor\u00e1 nez\u00e1vid\u00ed, nevyp\u00edna sa, nie je neslu\u0161n\u00e1, nie je sebeck\u00e1 , neroz\u0161u\u013euje sa, nezm\u00fd\u0161\u013ea zle, neraduje s az nepr\u00e1vosti, ale te\u0161\u00ed sa s pravdou, v\u0161etko zn\u00e1\u0161a, v\u0161etk\u00e9mu ver\u00ed, v\u0161etk\u00e9ho sa n\u00e1deje, v\u0161etko pretrp\u00ed\u201d ( 1 K 13, 4-7). <\/p>\n<p>        S apo\u0161tolom Pavlom aj my dnes vyznajme:<br \/>\n       V\u0161etko m\u00f4\u017eem v Kristu, ktor\u00fd ma posil\u0148uje!<\/p>\n<p>S N\u00edm dok\u00e1\u017eeme:<\/p>\n<p>1. v\u017edy sa radova\u0165<br \/>\n2. na v\u0161etko prist\u00e1va\u0165<br \/>\n3.  a v sk\u00fa\u0161kach obst\u00e1\u0165<\/p>\n<p>      Mil\u00ed bratia a sestry v Kristu P\u00e1nu!<br \/>\n     V pr\u00edchode a dare Spasite\u013ea, ktor\u00fd je Kristus P\u00e1n n\u00e1m P\u00e1n Boh dal najavo, \u017ee je tu dar a ponuka radosti pre v\u0161etkch \u013eud\u00ed. Neznamen\u00e1 to, \u017ee v\u017edy a ka\u017edom okamihu je veriaci kres\u0165an zachovan\u00fd pred sk\u00fa\u0161kami \u017eivota, alebo pred udalos\u0165ami, \u010di zmenami, ktor\u00e9 prin\u00e1\u0161aj\u00fa v\u00e4\u010d\u0161ie, \u010di men\u0161ie sk\u00fa\u0161ky . Ve\u010f s\u00e1m apo\u0161tol  Pavel p\u00edsal svoj list filipsk\u00fdm kres\u0165anm z v\u00e4zenia. Bolo to v\u00e4zenie nie za krimin\u00e1lny, alebo trestn\u00fd \u010din, ale pre vieru v Toho, ktor\u00fd sa stal aj pre neho cestou, pravdou, svetlom a \u017eivotom. Napriek tomu v\u0161et\u00e9kmu, je priam mottom jeho listu filipsk\u00fdm slovo rados\u0165 a neust\u00e1le opakovan\u00e1 v\u00fdzva: Radujte sa v P\u00e1nu v\u017edycky!<\/p>\n<p>     Aj on s\u00e1m sa raduje a \u00faprimne sa te\u0161\u00ed z Bo\u017eej priazne, ale aj z priazne zo strany t\u00fdch, ktor\u00ed sa mu stali skuto\u010dnou duchovnou rodinu. Ktor\u00ed na neho mysleli v jeho misijnej slu\u017ebe a pr\u00e1ci a to aj vtedy, ke\u010f sa dostal do \u201cbasy\u201d. V tejto situ\u00e1cii je teda jeho vyznanie zdanlivo prekvapujpce, a predsa pravdiv\u00e9: radujem sa z va\u0161ej l\u00e1sky  a starostlivosti o m\u0148a.<br \/>\n  T\u00e1to rados\u0165 m\u00e1 teda svoj prame\u0148 a p\u00f4vod v mene Je\u017ei\u0161a Krista, o ktorom vyzn\u00e1va: \u201dV\u0161ekto m\u00f4\u017eem v Kristu, ktor\u00fd ma posil\u0148uje\u201d.<br \/>\nTo je svedectvo a pr\u00edklad aj pre n\u00e1s. Nevieme, \u010do v\u0161etko n\u00e1s postretne v novom roku. Iste\u017ee si \u017eel\u00e1me v\u0161etci len to najlep\u0161ie, ale s\u00fa\u010dasne vieme, \u017ee nie v\u0161etko z\u00e1le\u017e\u00ed od na\u0161ich \u013eudsk\u00fdch \u017eelan\u00ed a prian\u00ed. Vieme, \u017ee okrem dobrej \u013eudskej v\u00f4le je tu a zostene tu i na\u010falej aj mnoho zlej \u013eudskej v\u00f4le a mnoho diabolskej lsti. Kres\u0165an by mal by\u0165 realistom a so v\u0161etk\u00fdm po\u010d\u00edta\u0165. K tomu v\u0161ak patr\u00ed aj poznanie a vyznanie: V\u0161ekto m\u00f4\u017eem v Kristu, ktor\u00fd ma posil\u0148uje!<\/p>\n<p>     Ve\u013ekou a cennou hodnotou je pre n\u00e1s \u017eivot v rodine, n\u00e1\u0161 dom, \u010di lep\u0161ie domov. Belgick\u00fd kazate\u013e PHIL BOSMANS nap\u00edsal: \u201cAk pri tebe nie je nikto, kto by si \u0165a v\u00e1\u017eil, tvoj dom sa m\u00f4\u017ee rozpadn\u00fa\u0165. Dom v\u0161ak v\u017ed  n\u00e1jde\u0161 v spolo\u010denstve s niekym druh\u00fdm. \u0160tastn\u00e9 man\u017eelstvo je tie\u017e domovom, hoci by man\u017eelia \u017eili v chatr\u010di\u201d.<\/p>\n<p>    Mil\u00ed bratia a sestry,<br \/>\n    v\u010dera, som z tohoto miesta povedal, \u201ce\u0161te \u017ee je fara dostato\u010dne ve\u013ek\u00e1\u201d. Ja som v\u0161ak r\u00e1d najm\u00e4 z toho, \u017ee som dostal ve\u013emi dobr\u00fa man\u017eelku, ktor\u00e1 st\u00e1la v\u017edy pri mne a aj dobr\u00e9, veriace a poslu\u0161n\u00e9 deti a tie\u017e desa\u0165 vn\u00fa\u010datiek, \u010do znamen\u00e1 spolu ve\u013ek\u00e9 bohatstvo, rados\u0165 a po\u017eehnanie. Aj pre m\u0148a je rodina najv\u00e4\u010d\u0161\u00edm darom, bez oh\u013eadu na miesto preb\u00fdvania. A aj ja v\u00e1m \u017eel\u00e1m to ist\u00e9: ve\u013ea l\u00e1sky zo strany va\u0161ich, ve\u013ea sejby l\u00e1sky, ktor\u00e1 vz\u00edde ako najvz\u00e1cnej\u0161ia siatina a obohat\u00ed v\u00e1\u0161 \u017eivot v ka\u017edom \u010dase! Aj vy sami, ka\u017ed\u00fd pod\u013ea darov mu dan\u00fdch od Boha, \u010di\u0148te dobre v\u0161etk\u00fdm, ale najm\u00e4 dom\u00e1cim viery a svoj\u00edm najlbi\u017e\u0161\u00edm. Takto budeme obohaten\u00ed v\u0161etci, a budeme sa m\u00f4c\u0165 spolo\u010dne radova\u0165 aj v chr\u00e1me a v cirkvi, ako duchovn\u00e1 rodina Bo\u017e\u00edch det\u00ed. Nezabudnime len na to jedno: V\u0161ekto m\u00f4\u017eem v Kristu, ktor\u00fd ma posil\u0148uje!<\/p>\n<p>    2. Bratia a sestry v P\u00e1novi Je\u017ei\u0161ovi Kristovi!<\/p>\n<p>    S N\u00edm s Kristom v srdci a On s nami, sa dok\u00e1\u017eeme v\u017edy radova\u0165, \u010di sme spolu, alebo \u010di sa na krat\u0161\u00ed, \u010di dlh\u0161\u00ed \u010das rozch\u00e1dzame.<br \/>\nA s N\u00edm, s P\u00e1nom, dok\u00e1\u017eeme aj na v\u0161etko prist\u00e1va\u0165. Apo\u0161tol Pavol  nap\u00edsal do Filipis aj to \u010fal\u0161ie: \u201cLebo ja som sa nau\u010dil prist\u00e1va\u0165 na tom, \u010do m\u00e1m. Viem sa aj uskromni\u0165 a viem aj v hojnosti \u017ei\u0165.<br \/>\nU\u017e som vo v\u0161etkom mo\u017enom pocvi\u010den\u00fd: s\u00fdtim by\u0165 aj hladova\u0165, hojnos\u0165 ma\u0165 i n\u00fadzu trpie\u0165\u201d.<\/p>\n<p>      Vieme, \u017ee heslom det\u00ed sveta je: by\u0165 bohat\u00fd a zdrav\u00fd. Mnoh\u00ed t\u00fdmto cie\u013eom a hodnot\u00e1m obetuj\u00fa v\u0161etko. Z druhej strany,  t\u00fato t\u00fa\u017ebu \u013eud\u00ed vyu\u017e\u00edvaj\u00fa aj \u013eudia, ktor\u00fdm sa hovor\u00ed populisti, ktor\u00ed dok\u00e1\u017eu in\u00fdm s\u013e\u00fabi\u0165 v\u0161etko, v\u0161etky mo\u017en\u00e9 \u201cistoty\u201d.<br \/>\n     Ale t\u00fa t\u00fa\u017ebu po prosperite, po hmotnom zaisten\u00ed a zabezpe\u010den\u00ed vyu\u017e\u00edva aj diabol. Jedn ma\u010farsk\u00fd kazate\u013e povedal, \u017ee diabol si po\u010d\u00edna ako pastier o\u0161\u00edpan\u00fdch. V\u017edy pred ne hod\u00ed trochu kukurice, aby ich dostal tam, kde potrebuje, ak treba, aj na bit\u00fanok. Toto rob\u00ed aj diabol, ke\u010f chce z\u00edska\u0165 d\u00f4veru \u013eud\u00ed. NNie\u010do im predhod\u00ed, aby ich z\u00edskal a on z\u00edskal v\u0161etko. <\/p>\n<p>   Sk\u00fasme si v\u0161ak polo\u017ei\u0165 ot\u00e1zku ako t\u00ed, ktor\u00ed s\u00fa odchovan\u00ed Bo\u017e\u00edm slovom: Ak\u00e9 istoty m\u00e1 \u010dlovek naozaj a \u201cna bet\u00f3n\u201d? Ale aj ot\u00e1zku in\u00fa: A \u010do m\u00e1\u0161, \u017ee by si nebol dostal?<\/p>\n<p>Ist\u00fd bohat\u00fd gazda vy\u010d\u00edtal svojmu chudobnej\u0161iemu susedovi: Ako to, \u017ee ty, chud\u00e1k, m\u00f4\u017ee\u0161 st\u00e1le spieva\u0165: Nu\u017e Bohu \u010fakujme &#8230;, ke\u010f m\u00e1\u0161 toho tak stra\u0161ne m\u00e1lo? To ja by som naozaj mohol, ale to nerob\u00edm, lebo som to na svojich poliach dorobil s\u00e1m. Chudobnej\u0161\u00ed \u010dlovek odpovedal: Predov\u0161etk\u00fdm \u010fakujem P\u00e1nu Bohu za to \u010do m\u00e1m! A potom za to, \u017ee to, \u010do nem\u00e1m, ani nepotrebujem!<\/p>\n<p>     Bratia a sestry v P\u00e1novi!<\/p>\n<p>     Pokia\u013e ide o zdravie, t\u00fa\u017ebu by\u0165 zdrav\u00fd a tak si zachova\u0165 \u017eivot a n\u00e1dej na pokra\u010dovanie \u017eivota, m\u00e1 v srdci ka\u017ed\u00fd z n\u00e1s a ka\u017ed\u00fd prirodzen\u00fd \u010dlovek. T\u00fato t\u00fa\u017ebu dnes hojne vyu\u017e\u00edva farmaceutick\u00fd priemysel, ktor\u00fd m\u00e1 lieky na v\u0161etko&#8230;\u010casto na dobr\u00fd chlieb, dobr\u00fa vodu a vzduch a to, \u010do je od P\u00e1na Boha stvoren\u00e9 ako dobr\u00e9-  zab\u00fadame, a ver\u00edme viac tabletk\u00e1m!?<br \/>\n       Popri t\u00fa\u017ebach po zdrav\u00ed a dobr\u00fdch veciach, nech pre n\u00e1s plat\u00ed aj v novom roku: V\u0161etko m\u00f4\u017eem v Kristu, ktor\u00fd ma posil\u0148uje!<br \/>\nS Kristom dok\u00e1\u017eeme na v\u0161etko prista\u0165,a by\u0165 radostn\u00ed aj vtedy, ak m\u00e1me toho menej ako in\u00ed, menej ako t\u00ed, ktor\u00fdm sa mamona stala bo\u017estvom.<\/p>\n<p>     A napokon, mil\u00ed bratia a sestry, ak by pri\u0161la aj sk\u00fa\u0161ka najv\u00e1\u017enej\u0161ia a naj\u0165a\u017eia, dr\u017eme sa neochvejne vyznania:<br \/>\n\u201cKeby som kr\u00e1\u010dal hoci temn\u00fdm \u00fadol\u00edm, neboj\u00edm sa zl\u00e9ho, lebo Ty  si so mnou a Tvoj pr\u00fat a Tvoja palica ma pote\u0161uj\u00fa.\u201d<br \/>\n(\u017d 23)<\/p>\n<p>     Jedn\u00fdm slovom, v\u0161etko m\u00f4\u017eeme v Kristu, ktor\u00fd n\u00e1s posil\u0148je!<br \/>\nS Kristom sa v\u017edy radova\u0165, s Kristom prista\u0165 na tom, \u010do m\u00e1me a s Kristom P\u00e1nom prekona\u0165 v\u0161etky sk\u00fa\u0161ky. S N\u00edm napokon aj vojs\u0165 do Jeho kr\u00e1\u013eovstva \u00faplnej a ve\u010dnej radosti!<br \/>\n                                 V tomto zmysle v\u00e1m \u017eel\u00e1m po\u017eehnan\u00fd nov\u00fd rok!  Amen<\/p>\n<p>                                       Nov\u00fd rok P\u00e1nov 2014  &#8211; Soboti\u0161te &#8211; \u013dubom\u00edr Batka, ev.far\u00e1r<\/p>\n","protected":false},"excerpt":{"rendered":"<p>Kristus posil\u0148uje! I v novom roku slovo Tvoje nech oslad\u00ed n\u00e1m \u017eitia boje!&#8230; Nu\u017e \u017eehnaj n\u00e1m dnes, ke\u010f sa k\u00e1\u017ee a s l\u00e1skou srdce k srdcu via\u017ee! \u00d3, \u017eehnaj, Bo\u017ee, nech n\u00e1m mannou a na kvet du\u0161\u00ed rosou rannou &#8211; nech s\u00fdti n\u00e1s a dv\u00edha denne!&#8230; Tak ideme vpred v Tvojom mene. Amen (M.R.) F &#8230; <a title=\"Kristus posil\u0148uje!\" class=\"read-more\" href=\"https:\/\/www.e-anjelik.sk\/index.php\/2014\/01\/09\/kristus-posilnuje\/\" aria-label=\"Pre\u010d\u00edtajte si viac o Kristus posil\u0148uje!\">\u010c\u00edta\u0165 viac<\/a><\/p>\n","protected":false},"author":4,"featured_media":0,"comment_status":"open","ping_status":"open","sticky":false,"template":"","format":"standard","meta":{"footnotes":""},"categories":[15,95],"tags":[192],"class_list":["post-5514","post","type-post","status-publish","format-standard","hentry","category-novy-rok","category-sobotiste","tag-kazen"],"_links":{"self":[{"href":"https:\/\/www.e-anjelik.sk\/index.php\/wp-json\/wp\/v2\/posts\/5514","targetHints":{"allow":["GET"]}}],"collection":[{"href":"https:\/\/www.e-anjelik.sk\/index.php\/wp-json\/wp\/v2\/posts"}],"about":[{"href":"https:\/\/www.e-anjelik.sk\/index.php\/wp-json\/wp\/v2\/types\/post"}],"author":[{"embeddable":true,"href":"https:\/\/www.e-anjelik.sk\/index.php\/wp-json\/wp\/v2\/users\/4"}],"replies":[{"embeddable":true,"href":"https:\/\/www.e-anjelik.sk\/index.php\/wp-json\/wp\/v2\/comments?post=5514"}],"version-history":[{"count":0,"href":"https:\/\/www.e-anjelik.sk\/index.php\/wp-json\/wp\/v2\/posts\/5514\/revisions"}],"wp:attachment":[{"href":"https:\/\/www.e-anjelik.sk\/index.php\/wp-json\/wp\/v2\/media?parent=5514"}],"wp:term":[{"taxonomy":"category","embeddable":true,"href":"https:\/\/www.e-anjelik.sk\/index.php\/wp-json\/wp\/v2\/categories?post=5514"},{"taxonomy":"post_tag","embeddable":true,"href":"https:\/\/www.e-anjelik.sk\/index.php\/wp-json\/wp\/v2\/tags?post=5514"}],"curies":[{"name":"wp","href":"https:\/\/api.w.org\/{rel}","templated":true}]}}