{"id":5521,"date":"2014-01-22T09:14:50","date_gmt":"2014-01-22T09:14:50","guid":{"rendered":"http:\/\/e-anjelik.sk\/?p=5521"},"modified":"2014-01-22T09:14:50","modified_gmt":"2014-01-22T09:14:50","slug":"eps-ma-prvu-evanjelicku-fararku","status":"publish","type":"post","link":"https:\/\/www.e-anjelik.sk\/index.php\/2014\/01\/22\/eps-ma-prvu-evanjelicku-fararku\/","title":{"rendered":"EPS m\u00e1 prv\u00fa evanjelick\u00fa far\u00e1rku"},"content":{"rendered":"<p>EPS ( Ekumenick\u00e1 pastora\u010dn\u00e1 slu\u017eba) dostala nov\u00fa posilu, ke\u010f v 3.nede\u013eu adventn\u00fa (15.12.2013) bola sl\u00e1vnostne in\u0161talovan\u00e1 do EPS v Ozbrojen\u00fdch sil\u00e1ch SR a OZ SR prv\u00e1 evanjelick\u00e1 far\u00e1rka Mgr. J\u00falia \u0160tofanov\u00e1. <\/p>\n<p>      Do polovice roka 2013 pracovala v ECAV ako n\u00e1mestn\u00e1 far\u00e1rka na kapl\u00e1nskom mieste v Bardejove. Od 1. j\u00fala nast\u00fapila do  \u0161t\u00e1tnej slu\u017eby v Policajnom zbore SR, so s\u00eddlom v Senici.<\/p>\n<p>        Mgr. J\u00faliu \u0160tofanov\u00fa v r\u00e1mci SLB v CZ SENICA sl\u00e1vnostne in\u0161taloval brat gen.biskup Milo\u0161 Kl\u00e1tik, ktor\u00fd svoju in\u0161tala\u010dn\u00fa re\u010d zalo\u017eil na slov\u00e1ch Jer 23, 29:&#8220;\u010ci nie jemoje slovo ako ohe\u0148?- znie v\u00fdrok Hospodinov, a ako kladivo, ktor\u00e9 rozr\u00e1\u017ea skalu?&#8220;<\/p>\n<p>    In\u0161talovan\u00fa pozdravil Gener\u00e1lny duchovn\u00fd Ozbrojen\u00fdch s\u00edl a ozbrojen\u00fdch zborov SR pplk.Marian Bodoll\u00f3 na z\u00e1klade slov Nehemi\u00e1\u0161a:  &#8222;S\u00e1m Boh nebies n\u00e1m d\u00e1 \u00faspech a my, Jeho slu\u017eobn\u00edci s apus\u0165me do pr\u00e1ce a budeme stava\u0165&#8220; a odovzdal jej dekr\u00e9t s prianim Bo\u017eieho po\u017eehnania.<br \/>\n    In\u0161tal\u00e1cie sa okrem in\u00fdch z\u00fa\u010dastnil aj riadite\u013e \u00daradu ekumenickej pastora\u010dnej MV SR mjr. Milan Petrula. In\u0161talovan\u00fa s kyticou ru\u017e\u00ed priv\u00edtal aj prim\u00e1tor Senica RNDr. \u013dubom\u00edr Par\u00edzek. <\/p>\n","protected":false},"excerpt":{"rendered":"<p>EPS ( Ekumenick\u00e1 pastora\u010dn\u00e1 slu\u017eba) dostala nov\u00fa posilu, ke\u010f v 3.nede\u013eu adventn\u00fa (15.12.2013) bola sl\u00e1vnostne in\u0161talovan\u00e1 do EPS v Ozbrojen\u00fdch sil\u00e1ch SR a OZ SR prv\u00e1 evanjelick\u00e1 far\u00e1rka Mgr. J\u00falia \u0160tofanov\u00e1. Do polovice roka 2013 pracovala v ECAV ako n\u00e1mestn\u00e1 far\u00e1rka na kapl\u00e1nskom mieste v Bardejove. Od 1. j\u00fala nast\u00fapila do \u0161t\u00e1tnej slu\u017eby v Policajnom &#8230; <a title=\"EPS m\u00e1 prv\u00fa evanjelick\u00fa far\u00e1rku\" class=\"read-more\" href=\"https:\/\/www.e-anjelik.sk\/index.php\/2014\/01\/22\/eps-ma-prvu-evanjelicku-fararku\/\" aria-label=\"Pre\u010d\u00edtajte si viac o EPS m\u00e1 prv\u00fa evanjelick\u00fa far\u00e1rku\">\u010c\u00edta\u0165 viac<\/a><\/p>\n","protected":false},"author":4,"featured_media":0,"comment_status":"open","ping_status":"open","sticky":false,"template":"","format":"standard","meta":{"footnotes":""},"categories":[2],"tags":[],"class_list":["post-5521","post","type-post","status-publish","format-standard","hentry","category-ekumena"],"_links":{"self":[{"href":"https:\/\/www.e-anjelik.sk\/index.php\/wp-json\/wp\/v2\/posts\/5521","targetHints":{"allow":["GET"]}}],"collection":[{"href":"https:\/\/www.e-anjelik.sk\/index.php\/wp-json\/wp\/v2\/posts"}],"about":[{"href":"https:\/\/www.e-anjelik.sk\/index.php\/wp-json\/wp\/v2\/types\/post"}],"author":[{"embeddable":true,"href":"https:\/\/www.e-anjelik.sk\/index.php\/wp-json\/wp\/v2\/users\/4"}],"replies":[{"embeddable":true,"href":"https:\/\/www.e-anjelik.sk\/index.php\/wp-json\/wp\/v2\/comments?post=5521"}],"version-history":[{"count":0,"href":"https:\/\/www.e-anjelik.sk\/index.php\/wp-json\/wp\/v2\/posts\/5521\/revisions"}],"wp:attachment":[{"href":"https:\/\/www.e-anjelik.sk\/index.php\/wp-json\/wp\/v2\/media?parent=5521"}],"wp:term":[{"taxonomy":"category","embeddable":true,"href":"https:\/\/www.e-anjelik.sk\/index.php\/wp-json\/wp\/v2\/categories?post=5521"},{"taxonomy":"post_tag","embeddable":true,"href":"https:\/\/www.e-anjelik.sk\/index.php\/wp-json\/wp\/v2\/tags?post=5521"}],"curies":[{"name":"wp","href":"https:\/\/api.w.org\/{rel}","templated":true}]}}