{"id":5528,"date":"2014-01-23T23:00:00","date_gmt":"2014-01-23T23:00:00","guid":{"rendered":"http:\/\/e-anjelik.sk\/?p=5528"},"modified":"2014-01-23T23:00:00","modified_gmt":"2014-01-23T23:00:00","slug":"stretnut-cloveka","status":"publish","type":"post","link":"https:\/\/www.e-anjelik.sk\/index.php\/2014\/01\/23\/stretnut-cloveka\/","title":{"rendered":"Stretn\u00fa\u0165 \u010dloveka&#8230;"},"content":{"rendered":"<p>VRBOVCE alebo  Stretn\u00fa\u0165 \u010dloveka&#8230;<\/p>\n<p>    Je sobotn\u00e9 \u2013 kone\u010dne slne\u010dn\u00e9 r\u00e1no po dlhej zime. Pr\u00e1ve vst\u00e1vam a rozm\u00fd\u0161\u013eam, \u010do asi prinesie tento de\u0148. Ak\u00e9 udalosti, situ\u00e1cie, ak\u00fdch \u013eud\u00ed&#8230;<br \/>\n    J\u00e1n Kostra vo svojej b\u00e1sni p\u00ed\u0161e: ,, Ka\u017ed\u00fd de\u0148 stretn\u00fa\u0165 \u010dloveka, to sta\u010d\u00ed&#8230;\u201c<br \/>\n   Ak sa ocitneme v \u0165a\u017ekostiach, h\u013ead\u00e1me a akosi okrem najbli\u017e\u0161\u00edch nenach\u00e1dzame nikoho, kto by tomuto ozna\u010deniu vyhovoval. A pr\u00e1ve vtedy, ke\u010f to ani najmenej ne\u010dak\u00e1me, pr\u00edde ten okamih.<br \/>\nN\u00e1hoda rob\u00ed \u010dasto divy. I m\u0148a tak\u00e9to nie\u010do stretlo a prizn\u00e1m sa, \u017ee som to ani ne\u010dakala, najm\u00e4 v tom ka\u017edodennom zhone \u017eivota&#8230;<br \/>\n     Na Vrbovce som cestovala viackr\u00e1t, ale v\u017edy som tam i\u0161la za nejak\u00fdm cie\u013eom. Tentokr\u00e1t som sa iba zviezla s rodinou, bez nejak\u00e9ho osobn\u00e9ho konkr\u00e9tneho d\u00f4vodu. Pri autobusovej zast\u00e1vke sme sa rozi\u0161li a ke\u010f\u017ee po\u010dasie tomuto d\u0148u prialo, zat\u00fa\u017eila som prezrie\u0165 si u\u017e d\u00e1vnej\u0161ie mojimi zn\u00e1mymi vychv\u00e1len\u00e9 miestne budovy.<br \/>\n      U\u017e n\u00e1mest\u00ed\u010dko ma o\u010darilo svoj\u00edm malebn\u00fdm, no \u00fatuln\u00fdm prostred\u00edm : font\u00e1nkou, jednoduch\u00fdm z\u00e1kut\u00edm s most\u00edkom nad ak\u00fdmsi jazierkom, ktor\u00e9 spolu s jarn\u00fdmi kvietkami dod\u00e1valo t\u00fa potrebn\u00fa atmosf\u00e9ru neopakovate\u013en\u00e9ho vidieckeho vzh\u013eadu. Dop\u013a\u0148ali ho aj spomienky na doby minul\u00e9: pomn\u00edk padl\u00fdm vo vojne i v pozad\u00ed kostol s tabu\u013ekou rod\u00e1ka \u2013 lek\u00e1ra. Kr\u00e1\u010dam zadnou uli\u010dkou a kr\u00e1tko nazer\u00e1m do Vrbov\u010dianskej izby &#8211; nie je e\u0161te sez\u00f3na. Ale i tak som sa stretla s ochotou dom\u00e1cich. Milo ma prekvapilo, \u017ee hoci dom\u010dek s tradi\u010dn\u00fdm n\u00e1bytkom, krojmi a predmetmi dennej potreby na\u0161ich predkov poctivo str\u00e1\u017ei hu\u0148at\u00fd pes i inak je pod doh\u013eadom, si m\u00f4\u017eete sami odomkn\u00fa\u0165 a poobdivova\u0165&#8230;<br \/>\n    Kone\u010dne som na\u010fabila aj na h\u013eadan\u00fa zre\u0161taurovan\u00fa b\u00fdval\u00fa evanjelick\u00fa cirkevn\u00fa \u0161kolu. Jej vonkaj\u0161ia fas\u00e1da s okolit\u00fdm cimbur\u00edm ma nato\u013eko zaujala, \u017ee som zat\u00fa\u017eila nakukn\u00fa\u0165 aj dovn\u00fatra. Mala som \u0161\u0165astie, starod\u00e1vna k\u013euka povolila a takmer hne\u010f som sa mohla vynad\u00edva\u0165 na d\u00f4myselne postaven\u00fa a pre v\u0161etk\u00fdch ob\u010danov vyu\u017eite\u013en\u00fa budovu, ktor\u00e1 sp\u013a\u0148a aj turistick\u00fd, aj pamiatkov\u00fd \u00fa\u010del. Priv\u00edtali ma miestne \u017eeni\u010dky, ktor\u00e9 pr\u00e1ve dokon\u010dovali posledn\u00e9 pr\u00edpravy na veselie a svadbu, ten v\u00fdnimo\u010dn\u00fd de\u0148 nejak\u00e9ho \u0161\u0165astn\u00e9ho p\u00e1ru. \u201eDom\u00e1ce panie\u201c mi bez probl\u00e9mov a s im danou ochotou, s akou sa u\u017e \u010dlovek m\u00e1lokedy stretne, poukazovali v\u0161etky miestnosti, zariaden\u00e9 ako na z\u00e1mku. Tej netradi\u010dnej \u00facte som sa prestala \u010dudova\u0165, ke\u010f som si na schodisku, ved\u00facom do reprezenta\u010dn\u00fdch miestnost\u00ed pre\u010d\u00edtala: \u201ePokoj prich\u00e1dzaj\u00facemu, rados\u0165 zost\u00e1vaj\u00facemu, po\u017eehnanie odch\u00e1dzaj\u00facemu&#8230;\u201c Napadlo mi, \u010di je to cit\u00e1t z Biblie, alebo ju vyslovil konkr\u00e9tny \u010dlovek. Po rozhovore s pr\u00edtomn\u00fdmi mi u\u017e za\u010d\u00ednalo v hlave svita\u0165, kto je vo Vrbovciach ten v\u00fdnimo\u010dn\u00fd, ktor\u00e9ho si miestni tak v\u00e1\u017eia, lebo tieto vz\u00e1cne budovy pr\u00e1ve v\u010faka nemu nesch\u00e1trali.  A pr\u00e1ve k jeho pr\u00edbytku viedli moje \u010fal\u0161ie kroky, preto\u017ee zvedavos\u0165 mi nedala. Zastavila som sa i v evanjelickom kostole, ale iba kr\u00e1tko, ke\u010f\u017ee pr\u00e1ve neprebiehali bohoslu\u017eby. Mal\u00e1 sle\u010dna ma navigovala rovno pred vrbov\u010diansku faru a \u010fal\u0161\u00ed ml\u00e1denec mi dal potrebn\u00e9 in\u0161trukcie, kde treba zazvoni\u0165&#8230;<br \/>\n   Zo bzu\u010diaka sa ozvalo: \u201e Vitajte, d\u00fafam, \u017ee nezabl\u00fadite&#8230;\u201c V momente, ako som mil\u00fd hlas v zvon\u010deku ubezpe\u010dila, \u017ee nebude probl\u00e9m, vstupom do pr\u00edzemia domu som pochopila tajn\u00fa obavu vo\u010di n\u00e1hodn\u00e9mu n\u00e1v\u0161tevn\u00edkovi. Hne\u010f ma toti\u017e v \u0161t\u00fdlovom prostred\u00ed obklopilo \u0161tvoro \u010di p\u00e4toro dver\u00ed a veru by som mala \u010do robi\u0165, keby som \u2013 u\u017e asi z nutnosti, nie neslu\u0161nosti \u2013 ka\u017ed\u00e9 musela vysk\u00fa\u0161a\u0165. Ale hlas ma znova zachr\u00e1nil: \u201eAsi bl\u00fadite, pozrite, kde sa svieti&#8230;\u201c  V tom momente ma u\u017e objala atmosf\u00e9ra poznania \u010di priamo domova, ke\u010f som po schod\u00edkoch vst\u00fapila do \u201epracovne\u201c p\u00e1na far\u00e1ra Mirka Hvo\u017e\u010faru. \u017diadne oficiality, ale tradi\u010dn\u00e1 \u00factivos\u0165 predkov, hoci \u010dlovek, pod\u00e1vaj\u00faci mi ruku, sa vymykal svoj\u00edm mladistv\u00fdm vzh\u013eadom t\u00fdmto u\u017e na dne\u0161n\u00fa dobu nezvyklej galantnosti, no svoj\u00edm postojom mi pripomenul jeho poslanie, ktor\u00e9 perfektne zast\u00e1va&#8230;<br \/>\n   Po\u010das n\u00e1\u0161ho rozhovoru sa koniec m\u00f4jho pobytu ne\u00faprosne pribli\u017eoval, hoci sme si \u2013 napriek prv\u00e9mu osobn\u00e9mu stretnutiu mali \u010do poveda\u0165 a pochopila som, \u017ee by sme sa mohli e\u0161te dlho rozpr\u00e1va\u0165 a z\u010faleka by sme nevy\u010derpali spolo\u010dn\u00e9 t\u00e9my. \u013dudskos\u0165, jednoduchos\u0165 a pochopenie, vysok\u00e1 inteligencia i znovu sa opakuj\u00faca empatia&#8230; To mi neust\u00e1le pripom\u00ednalo, \u017ee pr\u00e1ve tu vo Vrbovciach sa hlavne kv\u00f4li nemu vyskytuje nie\u010do neust\u00e1le opakovan\u00e9 a sp\u00e1jan\u00e9 iba s minulos\u0165ou : fenom\u00e9n spolupr\u00e1ce starostu \u2013 far\u00e1ra \u2013 u\u010dite\u013eov, no najm\u00e4 nadv\u00e4znos\u0165 ich pr\u00e1ce na oby\u010dajn\u00fdch \u013eud\u00ed.<br \/>\n    Z tohto pramen\u00ed aj u\u017e 15 rokov vybudovan\u00e1 l\u00e1ska Vrbov\u010danov k tomuto far\u00e1rovi, ktor\u00fd toto v\u0161etko dal dohromady a nepriamo potvrdil, \u017ee minulos\u0165, s\u00fa\u010dasnos\u0165 a bud\u00facnos\u0165 sa rod\u00ed z \u00facty k predkom i k t\u00fdm \u017eij\u00facim. Ve\u010f nie nadarmo sa o tom zachoval z\u00e1znam na webovej str\u00e1nke :<br \/>\n\u201eNov\u00e1 hist\u00f3ria zboru sa za\u010dala p\u00edsa\u0165 4.8. 1991, kedy si zbor prostredn\u00edctvom brata seniora Ladislava Val\u00e1\u0161ka a brata senior\u00e1lneho dozorcu Pavla Brkala vyvolil mlad\u00e9ho far\u00e1ra Miroslava Hvo\u017e\u010faru, desiateho po tolerancii.. Po jeho pr\u00edchode sa \u017eivot v cirkevnom zbore prebudil. Bolo pote\u0161ite\u013en\u00e9 a n\u00e1dejn\u00e9, \u017ee tretina \u00fa\u010dastn\u00edkov slu\u017eieb Bo\u017e\u00edch bolo z radu  ml\u00e1de\u017ee. Pod\u013ea v\u00fdro\u010ditej k\u0148azskej spr\u00e1vy z roku 1993 st\u00fapla \u00fa\u010das\u0165 na slu\u017eb\u00e1ch Bo\u017e\u00edch v be\u017en\u00e9 nedele viac ako o sto percent&#8230;. tak po\u010detn\u00e1 ml\u00e1de\u017e okrem ve\u013ek\u00fdch sobot\u0148aj\u0161\u00edch stretnut\u00ed sa sch\u00e1dzala aj na pravideln\u00e9 duchovn\u00e9 rozj\u00edmanie nad P\u00edsmom. Tieto stretnutia sa konali na Peckovej v kr\u00e1snom prostred\u00ed myjavsk\u00fdch kopan\u00edc. Mlad\u00ed \u013eudia tvorili aj jadro zborov\u00e9ho spevokolu&#8230; K o\u017eiveniu duchovn\u00e9ho \u017eivota prispievali aj n\u00e1v\u0161tevy z in\u00fdch evanjelick\u00fdch cirkevn\u00fdch zborov &#8211;  Nemecka a Rak\u00faska&#8230;\u201c<br \/>\n    Preto mi po pr\u00edchode domov ned\u00e1, \u201elistujem\u201c na str\u00e1nke Vrbovce a nach\u00e1dzam video Vrbovce 2, ktor\u00fd mi iba umocn\u00ed ten l\u00e1skav\u00fd dojem z hlasu p\u00e1na far\u00e1ra z mojej n\u00e1v\u0161tevy u neho, ten dobr\u00fd pocit v\u00f4ne domova a l\u00e1sky k \u013eu\u010fom i n\u00e1rodu sa mi znova vracia&#8230;<br \/>\n Nepriamo mi pritom napad\u00e1 my\u0161lienka piesne : \u201e M\u00e1lo, m\u00e1lo sta\u010d\u00ed, n\u00e1m sta\u010d\u00ed tak m\u00e1lo, m\u00e1lo, m\u00e1lo sta\u010d\u00ed, aby slnko hrialo&#8230;\u201c  A mo\u017eno by bolo najlep\u0161ie na z\u00e1ver parafr\u00e1zova\u0165 vetu z \u00favodu a tro\u0161ku ju pozmeni\u0165: Ka\u017ed\u00fd de\u0148 sa chcem sta\u0165 t\u00fdm \u010dlovekom, ktor\u00e9ho je rados\u0165 stretn\u00fa\u0165&#8230;<br \/>\n                                                                      BU<\/p>\n","protected":false},"excerpt":{"rendered":"<p>VRBOVCE alebo Stretn\u00fa\u0165 \u010dloveka&#8230; Je sobotn\u00e9 \u2013 kone\u010dne slne\u010dn\u00e9 r\u00e1no po dlhej zime. Pr\u00e1ve vst\u00e1vam a rozm\u00fd\u0161\u013eam, \u010do asi prinesie tento de\u0148. Ak\u00e9 udalosti, situ\u00e1cie, ak\u00fdch \u013eud\u00ed&#8230; J\u00e1n Kostra vo svojej b\u00e1sni p\u00ed\u0161e: ,, Ka\u017ed\u00fd de\u0148 stretn\u00fa\u0165 \u010dloveka, to sta\u010d\u00ed&#8230;\u201c Ak sa ocitneme v \u0165a\u017ekostiach, h\u013ead\u00e1me a akosi okrem najbli\u017e\u0161\u00edch nenach\u00e1dzame nikoho, kto by tomuto &#8230; <a title=\"Stretn\u00fa\u0165 \u010dloveka&#8230;\" class=\"read-more\" href=\"https:\/\/www.e-anjelik.sk\/index.php\/2014\/01\/23\/stretnut-cloveka\/\" aria-label=\"Pre\u010d\u00edtajte si viac o Stretn\u00fa\u0165 \u010dloveka&#8230;\">\u010c\u00edta\u0165 viac<\/a><\/p>\n","protected":false},"author":16,"featured_media":0,"comment_status":"open","ping_status":"open","sticky":false,"template":"","format":"standard","meta":{"footnotes":""},"categories":[196],"tags":[],"class_list":["post-5528","post","type-post","status-publish","format-standard","hentry","category-vrbovce"],"_links":{"self":[{"href":"https:\/\/www.e-anjelik.sk\/index.php\/wp-json\/wp\/v2\/posts\/5528","targetHints":{"allow":["GET"]}}],"collection":[{"href":"https:\/\/www.e-anjelik.sk\/index.php\/wp-json\/wp\/v2\/posts"}],"about":[{"href":"https:\/\/www.e-anjelik.sk\/index.php\/wp-json\/wp\/v2\/types\/post"}],"author":[{"embeddable":true,"href":"https:\/\/www.e-anjelik.sk\/index.php\/wp-json\/wp\/v2\/users\/16"}],"replies":[{"embeddable":true,"href":"https:\/\/www.e-anjelik.sk\/index.php\/wp-json\/wp\/v2\/comments?post=5528"}],"version-history":[{"count":0,"href":"https:\/\/www.e-anjelik.sk\/index.php\/wp-json\/wp\/v2\/posts\/5528\/revisions"}],"wp:attachment":[{"href":"https:\/\/www.e-anjelik.sk\/index.php\/wp-json\/wp\/v2\/media?parent=5528"}],"wp:term":[{"taxonomy":"category","embeddable":true,"href":"https:\/\/www.e-anjelik.sk\/index.php\/wp-json\/wp\/v2\/categories?post=5528"},{"taxonomy":"post_tag","embeddable":true,"href":"https:\/\/www.e-anjelik.sk\/index.php\/wp-json\/wp\/v2\/tags?post=5528"}],"curies":[{"name":"wp","href":"https:\/\/api.w.org\/{rel}","templated":true}]}}