{"id":5535,"date":"2014-02-17T22:32:29","date_gmt":"2014-02-17T20:32:29","guid":{"rendered":"http:\/\/e-anjelik.sk\/?p=5535"},"modified":"2014-02-17T22:32:29","modified_gmt":"2014-02-17T20:32:29","slug":"zomrel-brat-farar-mgr-daniel-balaz","status":"publish","type":"post","link":"https:\/\/www.e-anjelik.sk\/index.php\/2014\/02\/17\/zomrel-brat-farar-mgr-daniel-balaz\/","title":{"rendered":"Zomrel brat far\u00e1r Mgr. Daniel Bal\u00e1\u017e"},"content":{"rendered":"<p>GB\u00da ECAV  zverejnil ve\u013emi smutn\u00fd oznam: Brat far\u00e1r Daniel Bal\u00e1\u017e  n\u00e1hle zomrel.<br \/>\nJeho pohreb bude v utorok 18.2.2015 o 13.00 hod. v artikul\u00e1rnboim chr\u00e1me vo Sv\u00e4tom Kr\u00ed\u017ei-Lazisku.<\/p>\n<p>      Pre v\u0161etk\u00fdch, ktor\u00ed poznali tohoto mlad\u00e9ho, horliv\u00e9ho  k\u0148aza a far\u00e1ra v CZ Sv\u00e4t\u00fd Kr\u00ed\u017e- Lazisko, je to prekvapuj\u00faca zves\u0165. Odi\u0161iel na P\u00e1novo zavolanie vo veku 30 rokov.<br \/>\n        Narodil sa 13. janu\u00e1ra 1984 v \u017diline. Po maturite na Gymn\u00e1ziu v Rajci \u0161tudoval na EBF UK v Bratislave. Ordinovan\u00fd bol 2.8.2008 v Spi\u0161skej Novej Vsi. Ako kapl\u00e1n p\u00f4sobil v Novom Meste n.V., v Starej Turej, Tren\u010d\u00edne, \u017diline a v Pova\u017eskom senior\u00e1te. Pred tromi rokmi bol zvolen\u00fd za riadneho far\u00e1ra v CZ Sv\u00e4t\u00fd kr\u00ed\u017e- Lazisko. Mal otvoren\u00e9 srdce pre v\u0161etk\u00fdch, mlad\u00fdch i t\u00fdch najstar\u0161\u00edch cirkevn\u00edkov, zvl\u00e1\u0161\u0165 pre chor\u00fdch a n\u00fadznych.<br \/>\n       &#8211; Osobne mu \u010fakujem za jeho modlitby za moju slu\u017ebu, rodinu a n\u00e1\u0161 CZ, ktor\u00fdmi n\u00e1m pom\u00e1hal e\u0161te ako \u0161tudent teologie.  Nech P\u00e1n pote\u0161uje v\u0161etk\u00fdch , ktor\u00ed s\u00fa jeho odchodom zarm\u00faten\u00ed a jemu udel\u00ed \u00fa\u010das\u0165 ne Jeho sl\u00e1ve v nebi.<\/p>\n","protected":false},"excerpt":{"rendered":"<p>GB\u00da ECAV zverejnil ve\u013emi smutn\u00fd oznam: Brat far\u00e1r Daniel Bal\u00e1\u017e n\u00e1hle zomrel. Jeho pohreb bude v utorok 18.2.2015 o 13.00 hod. v artikul\u00e1rnboim chr\u00e1me vo Sv\u00e4tom Kr\u00ed\u017ei-Lazisku. Pre v\u0161etk\u00fdch, ktor\u00ed poznali tohoto mlad\u00e9ho, horliv\u00e9ho k\u0148aza a far\u00e1ra v CZ Sv\u00e4t\u00fd Kr\u00ed\u017e- Lazisko, je to prekvapuj\u00faca zves\u0165. Odi\u0161iel na P\u00e1novo zavolanie vo veku 30 rokov. Narodil &#8230; <a title=\"Zomrel brat far\u00e1r Mgr. Daniel Bal\u00e1\u017e\" class=\"read-more\" href=\"https:\/\/www.e-anjelik.sk\/index.php\/2014\/02\/17\/zomrel-brat-farar-mgr-daniel-balaz\/\" aria-label=\"Pre\u010d\u00edtajte si viac o Zomrel brat far\u00e1r Mgr. Daniel Bal\u00e1\u017e\">\u010c\u00edta\u0165 viac<\/a><\/p>\n","protected":false},"author":4,"featured_media":0,"comment_status":"open","ping_status":"open","sticky":false,"template":"","format":"standard","meta":{"footnotes":""},"categories":[95],"tags":[199],"class_list":["post-5535","post","type-post","status-publish","format-standard","hentry","category-sobotiste","tag-smutocny-oznam"],"_links":{"self":[{"href":"https:\/\/www.e-anjelik.sk\/index.php\/wp-json\/wp\/v2\/posts\/5535","targetHints":{"allow":["GET"]}}],"collection":[{"href":"https:\/\/www.e-anjelik.sk\/index.php\/wp-json\/wp\/v2\/posts"}],"about":[{"href":"https:\/\/www.e-anjelik.sk\/index.php\/wp-json\/wp\/v2\/types\/post"}],"author":[{"embeddable":true,"href":"https:\/\/www.e-anjelik.sk\/index.php\/wp-json\/wp\/v2\/users\/4"}],"replies":[{"embeddable":true,"href":"https:\/\/www.e-anjelik.sk\/index.php\/wp-json\/wp\/v2\/comments?post=5535"}],"version-history":[{"count":0,"href":"https:\/\/www.e-anjelik.sk\/index.php\/wp-json\/wp\/v2\/posts\/5535\/revisions"}],"wp:attachment":[{"href":"https:\/\/www.e-anjelik.sk\/index.php\/wp-json\/wp\/v2\/media?parent=5535"}],"wp:term":[{"taxonomy":"category","embeddable":true,"href":"https:\/\/www.e-anjelik.sk\/index.php\/wp-json\/wp\/v2\/categories?post=5535"},{"taxonomy":"post_tag","embeddable":true,"href":"https:\/\/www.e-anjelik.sk\/index.php\/wp-json\/wp\/v2\/tags?post=5535"}],"curies":[{"name":"wp","href":"https:\/\/api.w.org\/{rel}","templated":true}]}}