{"id":5536,"date":"2014-02-19T17:15:02","date_gmt":"2014-02-19T17:15:02","guid":{"rendered":"http:\/\/e-anjelik.sk\/?p=5536"},"modified":"2022-02-05T18:28:14","modified_gmt":"2022-02-05T17:28:14","slug":"jezisovo-premenenie","status":"publish","type":"post","link":"https:\/\/www.e-anjelik.sk\/index.php\/2014\/02\/19\/jezisovo-premenenie\/","title":{"rendered":"Je\u017ei\u0161ovo premenenie"},"content":{"rendered":"<p>Je\u017ei\u0161ovo premenenie<br \/>\nMt 17, 1- 9:<br \/>\n\u201cPo \u0161iestich d\u0148och pojal Je\u017ei\u0161 so sebou Petra, Jakuba a jeho brata J\u00e1na a vyviedol ich na vysok\u00fd vrch do samoty. (2) Tam sa premenil pred nimi a tv\u00e1r Mu \u017eiarila s\u0165a slnko a r\u00facho jeho zbelelo s\u0165a svetlo. (3) A h\u013ea, uk\u00e1zali sa im Moj\u017ei\u0161 a Eli\u00e1\u0161 a zhov\u00e1rali sa s N\u00edm. (4) Peter prehovoril k Je\u017ei\u0161ovi: Pane, dobre n\u00e1m je tu. Ak chce\u0161, urob\u00edm tu tri st\u00e1nky: jeden Tebe, jeden Moj\u017ei\u0161ovi, jeden Eli\u00e1\u0161ovi. (5) Ke\u010f on e\u0161te hovoril, ajh\u013ea, jasn\u00fd oblak ich zastrel a z oblaku ozval sa hlas: Toto je m\u00f4j milovan\u00fd Syn, v ktorom sa mi za\u013e\u00fabilo; Jeho posl\u00fachajte. (6) Ke\u010f to u\u010den\u00edci po\u010duli, padli na tv\u00e1r a n\u00e1ramne sa b\u00e1li. (7) Je\u017ei\u0161 prist\u00fapiac k nim, dotkol sa ich a riekol: Vsta\u0148te a nebojte sa! (8) A ke\u010f pozdvihli o\u010di, nevideli nikoho, len sam\u00e9ho Je\u017ei\u0161a. (9) Ke\u010f sch\u00e1dzali z vrchu, prik\u00e1zal im Je\u017ei\u0161: Nikomu nehovorte o tomto viden\u00ed, dokia\u013e Syn \u010dloveka nevstane z m\u0155tvych! \u201c Amen.<\/p>\n<p>Mil\u00ed bratia a sestry v P\u00e1novi!<\/p>\n<p>Karl May, nemeck\u00fd spisovate\u013e, nap\u00edsal mno\u017estvo nap\u00ednav\u00fdch a dobrodru\u017en\u00fdch kn\u00edh, v ktor\u00fdch d\u00f4verne op\u00edsal \u017eivot a boje americk\u00fdch Indi\u00e1nov s pris\u0165ahovalcami a kolonistami. Pritom je o \u0148om zn\u00e1me, \u017ee \u017eiadneho Indi\u00e1na v \u017eivote nevidel a Severn\u00fa Ameriku v\u00f4bec nenav\u0161t\u00edvil. T\u00fdm viac vynik\u00e1 jeho p\u00fatav\u00fd rozpr\u00e1va\u010dsk\u00fd \u0161t\u00fdl, ktor\u00fd p\u00f4sob\u00ed tak, akoby i\u0161lo o autentick\u00e9ho svedka a znate\u013ea \u017eivota Indi\u00e1nskych kme\u0148ov. V\u00e4\u010d\u0161inou to b\u00fdva tak, \u017ee \u013eudia dok\u00e1\u017eu pod\u00e1va\u0165 zauj\u00edmav\u00e9 pr\u00edbehy a inform\u00e1cie vtedy, ak ich sami za\u017eili a sk\u00fasli.<\/p>\n<p>M\u00e1m v \u010derstvej pam\u00e4ti rozpr\u00e1vanie jedn\u00e9ho k\u0148aza o istej star\u0161ej d\u00e1me, ktor\u00e1 si zavolala k\u0148aza a \u017eiadala si okam\u017eit\u00fa spove\u010f. Z jej osobn\u00e9ho pr\u00edbehu vyplynulo, \u017ee t\u00e1to \u017eena pre\u017eila klinick\u00fa smr\u0165. Dostala sa kdesi za hranicu smrti. Opisovala svoje pocity k\u0148azovi ako prechod ak\u00fdmsi dlh\u00fdm tunelom, na konci ktor\u00e9ho videla svetlo. Mala pri tom ve\u013emi pr\u00edjemn\u00fd pocit. Po\u010dula hlas, o ktorom bola presved\u010den\u00e1, \u017ee patr\u00ed Je\u017ei\u0161ovi. Uvedomila si, \u017ee by sa pred N\u00edm mala uk\u00e1za\u0165 o\u010disten\u00e1 od hriechov. S ve\u013ek\u00fdm \u00fasil\u00edm sa jej podarilo vr\u00e1ti\u0165 sa do fyzick\u00e9ho \u017eivota a preto si okam\u017eite \u017eiadala spove\u010f, aby mala pokoj pri pr\u00edpadnom druhom odchode z tohto sveta a n\u00e1vrate do onoho predivn\u00e9ho svetla, v ktorom sa c\u00edtila bla\u017een\u00e1.<\/p>\n<p>Pri takomto rozpr\u00e1van\u00ed a svedectve sa azda ka\u017ed\u00e9mu \u010dloveku rozb\u00fa\u0161i srdce vzru\u0161en\u00edm a pristal by, hoci aj hne\u010f, tie\u017e umrie\u0165 a dosta\u0165 sa tak na miesto, kde by st\u00e1le pre\u017e\u00edval iba dobro a bla\u017eenos\u0165. Nemo\u017eno v\u0161ak vyl\u00fa\u010di\u0165 jedno. \u017de to bol iba osobn\u00fd, hoci intenz\u00edvny sen, odr\u00e1\u017eaj\u00faci jej t\u00fa\u017eby a priania. \u017de i\u0161lo o pocit, ktor\u00fd m\u00e1 m\u00e1lo spolo\u010dn\u00e9 s realitou, i ke\u010f to jej rozpr\u00e1vanie znelo p\u00fatavo a malo n\u00e1bo\u017eensk\u00fd podt\u00f3n a n\u00e1dych.<\/p>\n<p>Rozpr\u00e1vanie \u00faplne in\u00e9ho druhu je svedectvo Je\u017ei\u0161ov\u00fdch u\u010den\u00edkov o ktorom dnes po\u010dujeme z evanjelia!<br \/>\nJe in\u00e9 jednak preto, \u017ee pri ich nev\u0161ednom z\u00e1\u017eitku a sk\u00fasenosti Je\u017ei\u0161 skuto\u010dne pr\u00edtomn\u00fd bol. A nielen \u017ee tam bol, ale On s\u00e1m tam hovoril i konal. Bez jeho v\u00f4le by sa nebolo ni\u010d podstatn\u00e9 udialo.<br \/>\nEvanjelistom Mat\u00fa\u0161om op\u00edsan\u00fd duchovn\u00fd z\u00e1\u017eitok sa t\u00fdkal viacer\u00fdch os\u00f4b naraz, nie iba jednej. A \u010falej &#8211; u\u010den\u00edci neboli v stave klinickej smrti, \u010di v inej \u00fazkosti. Boli pln\u00ed \u017eivotnej sily, bez hrozby smrti. Naviac, Kristovo premenenie na vrchu sa udialo za bieleho d\u0148a, bez mimoriadnych vonkaj\u0161\u00edch prejavov a znamen\u00ed: hrmenia, bleskov, dymu \u010di oh\u0148a.<br \/>\nAk\u00e9 je posolstvo, odkaz a zmysel tejto udalosti pre n\u00e1s? Mysl\u00edm, \u017ee je rovnak\u00e9 pre n\u00e1s, ako bolo pre u\u010den\u00edkov. A \u010do prinieslo toto zjavenie P\u00e1novo a \u010do znamenala t\u00e1to sk\u00fasenos\u0165 pre u\u010den\u00edkov?<br \/>\nToto zjavenie prinieslo u\u010den\u00edkom:<br \/>\npote\u0161enie<br \/>\npou\u010denie a<br \/>\npovzbudenie.<\/p>\n<p>Mil\u00ed bratia a sestry v Kristu P\u00e1nu!<\/p>\n<p>T\u00ed star\u0161\u00ed medzi nami mi iste bud\u00fa dobre rozumie\u0165, ke\u010f poviem najsk\u00f4r jednu spomienku zo svojho skor\u00e9ho detstva.Telev\u00edzia e\u0161te neexistovala a r\u00e1di\u00e1 tie\u017e neboli v ka\u017edom dome be\u017en\u00e9. Bolo preto vz\u00e1cne, ke\u010f napr. star\u00fd otec za\u010dal spom\u00edna\u0165 a rozpr\u00e1va\u0165 svoje z\u00e1\u017eitky z prvej svetove vojny. Jeden m\u00f4j dedko bol zajat\u00fd v Rusku, druh\u00fd star\u00fd otec sa vo vojne dostal a\u017e do Alb\u00e1nska. Aby n\u00e1s nevy\u013eakal, nehovoril o bojoch, stre\u013ebe a krvi, ale o tom, ako \u017eili \u013eudia vo vysok\u00fdch hor\u00e1ch a kopcoch kadia\u013e prech\u00e1dzali. Zaujalo ma najm\u00e4 rozpr\u00e1vanie o tom, ako Alb\u00e1nci na pastviny vyh\u00e1\u0148ali svoje kravy, \u010do robili a ako na ne kri\u010dali. Vtedy som si hovoril, \u017ee by som to aj ja raz chcel vidie\u0165, za\u017ei\u0165 a sk\u00fasi\u0165.<\/p>\n<p>Ove\u013ea \u010falej a ove\u013ea vy\u0161\u0161ie vzal P\u00e1n Je\u017ei\u0161 svojich u\u010den\u00edkov, Petra, Jakuba a J\u00e1na. Tam, na ktoromsi vysokom vrchu \u201csa premenil pred nimi a tv\u00e1r Mu \u017eiarila ako slnko a jeho r\u00facho zbelelo ako sneh\u201d. Ale neostalo iba pri tejto vonkaj\u0161ej premene Je\u017ei\u0161ovej. Evanjelista sved\u010d\u00ed \u010falej o tom, \u017ee \u201csa im uk\u00e1zali Moj\u017e\u0161 a Eli\u00e1\u0161 a zhov\u00e1rali sa s N\u00edm.\u201d Vtedy Peter prehovoril k Je\u017ei\u0161ovi: \u201cPane dobre n\u00e1m je tu!&#8230;\u201d.<br \/>\nJe\u017ei\u0161 tu op\u00e4\u0165 vyjavuje svoju sl\u00e1vu, svoju jedine\u010dnos\u0165 a to, \u017ee \u201cod Boha i\u0161iel a k Bohu ide\u201d. Pri v\u0161etkej jeho pozemskej ceste a  slu\u017ebe, jeho ob\u010dianstvo je nebesk\u00e9. Jeho trval\u00fd pobyt bol a je v nebi. Je Kr\u00e1\u013eom, ale Jeho kr\u00e1\u013eovstvo nie je z tohoto sveta. To bolo u\u010den\u00edkom celkom zjavn\u00e9 a ani sa pr\u00edli\u0161 nedivili, ke\u010f Ho smeli vidie\u0165 v d\u00f4vernom rozhvore s Moj\u017ei\u0161om a Eli\u00e1\u0161om. Oboch P\u00e1n Boh povolal k sebe a ani jeden zbo\u017en\u00fd Izraelec nepochyboval, \u017ee to tak je. Mat\u00fa\u0161 nehovor\u00ed o tom, \u017ee sa mohli rozpr\u00e1va\u0165 s Moj\u017ei\u0161om a Eli\u0161om aj u\u010den\u00edci, ale \u017ee s nimi hovoril s\u00e1m Je\u017ei\u0161.<\/p>\n<p>Atmosf\u00e9ra neba, bl\u00edzkos\u0165 spasen\u00fdch a Je\u017ei\u0161a ako P\u00e1na neba i zeme, p\u00f4sobili na u\u010den\u00edkov jednozna\u010dne pozit\u00edvne. Peter za v\u0161etk\u00fdch vyznal: \u201cPane, dobre n\u00e1m je tu&#8230;\u201d. V danej chv\u00edli nemysleli na ni\u010d, \u010do mali na zemi ako cenn\u00e9 a mil\u00e9! Peter nemyslel na svoje man\u017eelstvo, ostatn\u00ed na rodi\u010dov a rodiny. Ani in\u00e1 vz\u00e1cna pozemsk\u00e1 hodnota nenaru\u0161ila ich pocit \u0161\u0165astia, pokoja a blaha. Preto vyzn\u00e1vaj\u00fa: Pane dobre n\u00e1m je tu!<\/p>\n<p>Bratia a sestry v Kristu!<br \/>\nNem\u00e1me d\u00f4vod myslie\u0165 si, \u017ee \u00fa\u010das\u0165 v nebeskom kr\u00e1\u013eovstve  bude menej radostn\u00e1, menej pozit\u00edvnea aj pre n\u00e1s. Tam n\u00e1s \u010dak\u00e1 Ten, ktor\u00fd n\u00e1s stvoril a dal n\u00e1m \u017eivot. Ten, ktor\u00fd n\u00e1s draho vyk\u00fapil. Ale aj ve\u013ek\u00e9 spolo\u010dentsvo t\u00fdch, ktor\u00fd Bohu uverlii a s rados\u0165u prijali ponuku Bo\u017eieho detinstva. Moj\u017ei\u0161 po \u0165a\u017ekej p\u00fati z Egypta nielen zomrel na hranici Kann\u00e1nu, ale \u201cvo\u0161iel do Bo\u017eieho odpo\u010dinku\u201d. Mnoh\u00ed, ktor\u00fdch si v\u00e1\u017eil, ho tam u\u017e predi\u0161li a o ostatn\u00fdch mal n\u00e1dej, \u017ee bud\u00fa nasledova\u0165 jeho pr\u00edklad a \u0161\u013eapaje.<br \/>\nTo ist\u00e9 mo\u017eno poveda\u0165 o prorokovi Eli\u00e1\u0161ovi. V istej chv\u00edli vyznal: \u201dDos\u0165 u\u017e Hospodine, teraz vezmi moj du\u0161u, lebo nie som lep\u0161\u00ed ako moji otcovia\u201d . P\u00e1n Boh vyplnil jeho \u017eiados\u0165. To, \u010do vyznal Peter: \u201cDobre n\u00e1m je tu\u201d, to pre\u017e\u00edva v Bo\u017eej pr\u00edtomnosti a vo ve\u010dnom blahoslavenstve ka\u017ed\u00fd prave veriaci. Na to sa smieme te\u0161i\u0165 a nebesk\u00fa rados\u0165 smie u\u017e dnes o\u010dak\u00e1va\u0165 i ka\u017ed\u00fd z n\u00e1s. Pre veriaceho smr\u0165 nie je koncom, ale za\u010diaktom nov\u00e9ho \u017eivota v plnej radosti.<\/p>\n<p>2. Bratia a sestry v Kristu, P\u00e1novi!<\/p>\n<p>To druh\u00e9 \u010do zak\u00fasili a z\u00edskali u\u010den\u00edci v tej v\u00fdnimo\u010dnej, hoci kr\u00e1tkej chv\u00edli na hore premenenia je to, \u017ee zjavenie P\u00e1novo im prinieslo pou\u010denie. To pou\u010denie spo\u010d\u00edvalo v tom, \u017ee si museli poopravi\u0165 svoj n\u00e1zor o tom, komu patr\u00ed v\u0161etka \u010des\u0165 a sl\u00e1va na zemi i na nebi.<br \/>\nPod\u013ea tradi\u010dn\u00e9ho \u017eidovsk\u00e9ho poh\u013eadu patrili k najv\u00e4\u010d\u0161\u00edm Bo\u017e\u00edm mu\u017eom a nosite\u013eom Bo\u017eej pravdy a hl\u00e1sate\u013eom Bo\u017eieho slova pr\u00e1ve t\u00edto dvaja spom\u00ednan\u00ed mu\u017ei SZ: Moj\u017ei\u0161 a Eli\u00e1\u0161. Aj my vieme, pre\u010do: Ak\u00fd v\u00fdznam mali ich svedectv\u00e1, ich osobn\u00e9 vyvolenie, ich vyznania, ich modlitby a cel\u00e9 p\u00f4sobenie pre \u013eud Izraela. \u010ealeko by n\u00e1s viedlo, ak by sme mali pospom\u00edna\u0165 v\u0161etky Moj\u017ei\u0161ove, alebo Eli\u00e1\u0161ove z\u00e1sluhy, hrdinsk\u00e9 skutky a \u010diny, alebo posolstv\u00e1, ktor\u00e9 ako Bo\u017eie slovo hl\u00e1sali a u\u010dili!<\/p>\n<p>A predsa, mil\u00ed bratia  sestry, aj t\u00ed najv\u00e4\u010d\u0161\u00ed u\u010ditelia, vodcovia a bojovn\u00edci za Bo\u017eiu pravdu nie s\u00fa, a nestoja tak vysoko, ako P\u00e1n Je\u017ei\u0161 Keisrtus! On je toti\u017e prav\u00fd Boh, ktor\u00e9mu jedin\u00e9mu patr\u00ed chr\u00e1m! Bo\u017esk\u00fa \u00facta, pocta, moditby, v\u010faky, ador\u00e1cie a dobrore\u010denie.<\/p>\n<p>Stava\u0165 chr\u00e1my a  olt\u00e1re \u013eu\u010fom nemo\u017eno! Pova\u017eova\u0165 \u013eud\u00ed za hodn\u00fdch takej istej \u00facty ako prisl\u00facha Je\u017ei\u0161ovi je hriech. Zbo\u017estvi\u0165 a d\u00fafa\u0165 v \u010dloveka, hoci by to bol s\u00e1m kr\u00e1\u013e K\u00fdros, Augustus, alebo ktor\u00fdko\u013evek in\u00fd \u201cmilovan\u00fd \u201cvodca \u013eud\u00ed je ohavnoo\u0165u v Bo\u017e\u00edch o\u010diach. Z neba, ktor\u00e9 bolo a je \u010dloveku bl\u00edzko, zneje hlas a slovo ve\u010dne \u017eiv\u00e9ho Otca: \u201cToto je m\u00f4j milovan\u00fd Syn, v ktorom sa mi za\u013e\u00fabilo, Jeho posl\u00fachajte\u201d!<br \/>\nToto pou\u010denie potrebovali Peter, Jakub i J\u00e1n, a rovnako ho potrebujeme a sme za\u0148 v\u010fa\u010dn\u00ed aj my. Bo\u017eia v\u00f4\u013ea je vyjaven\u00e1 a je zrejm\u00e1: posl\u00facha\u0165 m\u00e1me P\u00e1na Je\u017ei\u0161a Krista! On je ten, ktor\u00e9mu Otec v\u0161etko dal do r\u00fak! Kie\u017e sa dok\u00e1\u017eeme tohoto poznania dr\u017ea\u0165 v\u017edy a st\u00e1le, aby sme mali \u00fa\u010das\u0165 na Jeho sl\u00e1ve aj my.<\/p>\n<p>3. Bratia a sestry V Kristu!<\/p>\n<p>Apo\u0161tolovia spoznali v tom predivnom svete a svetle svoj omyl i to, \u017ee ich horlivos\u0165 a zdanliv\u00e1 \u00facta k sv\u00e4t\u00fdm mu\u017eom je prepiata a hodn\u00e1 l\u00e1skav\u00e9ho napomenutia. V tejto v\u00fdnimo\u010dnej chv\u00edli si uvedomili svoj omyl a preto padaj\u00fa pred P\u00e1nom na tv\u00e1r! Je to v\u00fdraz hlbokej pokory a pok\u00e1nia. P\u00e1n Je\u017ei\u0161 im dal svoje rozhre\u0161enie. Dotkol sa ich a povedal im: \u201cVsta\u0148te, nebojte sa\u201d!<br \/>\nToto povzbudenie plat\u00ed nielen pre t\u00fa v\u00fdnimo\u010dn\u00fa chv\u00ed\u013eu. V\u0161etci u\u010den\u00edci bud\u00fa povzbudenie a upokojenie e\u0161te potrebova\u0165. Vyjavenie P\u00e1novo nekon\u010dilo v\u0161ak ani na tomto vrchu. Ich kroky za P\u00e1nom a ich poslu\u0161nos\u0165 ich viedla e\u0161te na in\u00fd vrch! Na  Golgotu! A\u017e tam z\u00edskali pln\u00e9 a prav\u00e9 poznanie, dov\u0155\u0161en\u00e9 udalos\u0165ou vzkriesenia, trval\u00e9ho premenenenia P\u00e1na. Preto\u017ee potrebovali povbudenie a posilnenie, P\u00e1n im hovor\u00ed \u201cNebojte sa\u201d!<\/p>\n<p>A tak je to aj s nami. Mnoh\u00e9 sme spoznali, mnoho sme sa u\u017e nau\u010dili, ve\u013ea kr\u00e1t sme sa pote\u0161ili, ale na\u0161a cesta vedie e\u0161te \u010falej.  Aj my na nej potrebujeme a budeme potrebova\u0165 povzbudenie a pote\u0161enie. Aby sme zotrvali vo viere a vernosti v z\u00e1pasoch, v sk\u00fa\u0161kach i v rozli\u010dn\u00fdch nav\u0161t\u00edveniach. Ak ideme za P\u00e1nom Je\u017ei\u0161om Kristom verne, nech\u00fdba ani n\u00e1m pote\u0161enie, rados\u0165 a n\u00e1dej, ale ani napomenutie a napokon, ani Jeho povzbudenie.<\/p>\n<p>On chce aj na n\u00e1s \u201cpolo\u017ei\u0165 svoju milostiv\u00fa dla\u0148\u201d a da\u0165 n\u00e1m do s\u0155dc rados\u0165. Do na\u0161ich mysl\u00ed a my\u0161lienok vklad\u00e1 svoje pou\u010denie a do du\u0161e ka\u017ed\u00e9ho z n\u00e1s i povzbudenie: Neboj sa, nebojte sa zosta\u0165 so mnou! D\u00e1va sa n\u00e1m pozna\u0165, aby sme aj my kr\u00e1\u010dali k br\u00e1nam otvoren\u00e9ho neba a v \u0148om potom zostali natrvalo, na neveky vekov. Amen<\/p>\n<p>5. nede\u013ea po Zjaven\u00ed &#8211;  Rovensko, Soboti\u0161te 2014 &#8211;  \u013dubom\u00edr Batka st.<\/p>\n","protected":false},"excerpt":{"rendered":"<p>Je\u017ei\u0161ovo premenenie Mt 17, 1- 9: \u201cPo \u0161iestich d\u0148och pojal Je\u017ei\u0161 so sebou Petra, Jakuba a jeho brata J\u00e1na a vyviedol ich na vysok\u00fd vrch do samoty. (2) Tam sa premenil pred nimi a tv\u00e1r Mu \u017eiarila s\u0165a slnko a r\u00facho jeho zbelelo s\u0165a svetlo. (3) A h\u013ea, uk\u00e1zali sa im Moj\u017ei\u0161 a Eli\u00e1\u0161 a &#8230; <a title=\"Je\u017ei\u0161ovo premenenie\" class=\"read-more\" href=\"https:\/\/www.e-anjelik.sk\/index.php\/2014\/02\/19\/jezisovo-premenenie\/\" aria-label=\"Pre\u010d\u00edtajte si viac o Je\u017ei\u0161ovo premenenie\">\u010c\u00edta\u0165 viac<\/a><\/p>\n","protected":false},"author":4,"featured_media":0,"comment_status":"open","ping_status":"open","sticky":false,"template":"","format":"standard","meta":{"footnotes":""},"categories":[591,95],"tags":[192],"class_list":["post-5536","post","type-post","status-publish","format-standard","hentry","category-5-nedela-po-zjaveni","category-sobotiste","tag-kazen"],"_links":{"self":[{"href":"https:\/\/www.e-anjelik.sk\/index.php\/wp-json\/wp\/v2\/posts\/5536","targetHints":{"allow":["GET"]}}],"collection":[{"href":"https:\/\/www.e-anjelik.sk\/index.php\/wp-json\/wp\/v2\/posts"}],"about":[{"href":"https:\/\/www.e-anjelik.sk\/index.php\/wp-json\/wp\/v2\/types\/post"}],"author":[{"embeddable":true,"href":"https:\/\/www.e-anjelik.sk\/index.php\/wp-json\/wp\/v2\/users\/4"}],"replies":[{"embeddable":true,"href":"https:\/\/www.e-anjelik.sk\/index.php\/wp-json\/wp\/v2\/comments?post=5536"}],"version-history":[{"count":1,"href":"https:\/\/www.e-anjelik.sk\/index.php\/wp-json\/wp\/v2\/posts\/5536\/revisions"}],"predecessor-version":[{"id":35395,"href":"https:\/\/www.e-anjelik.sk\/index.php\/wp-json\/wp\/v2\/posts\/5536\/revisions\/35395"}],"wp:attachment":[{"href":"https:\/\/www.e-anjelik.sk\/index.php\/wp-json\/wp\/v2\/media?parent=5536"}],"wp:term":[{"taxonomy":"category","embeddable":true,"href":"https:\/\/www.e-anjelik.sk\/index.php\/wp-json\/wp\/v2\/categories?post=5536"},{"taxonomy":"post_tag","embeddable":true,"href":"https:\/\/www.e-anjelik.sk\/index.php\/wp-json\/wp\/v2\/tags?post=5536"}],"curies":[{"name":"wp","href":"https:\/\/api.w.org\/{rel}","templated":true}]}}