{"id":5537,"date":"2014-02-25T07:35:10","date_gmt":"2014-02-25T07:35:10","guid":{"rendered":"http:\/\/e-anjelik.sk\/?p=5537"},"modified":"2014-02-25T07:35:10","modified_gmt":"2014-02-25T07:35:10","slug":"a-toto-je-nasa-dostojnost-v-jezisovi-kristovi-sme-bozimi-detmi","status":"publish","type":"post","link":"https:\/\/www.e-anjelik.sk\/index.php\/2014\/02\/25\/a-toto-je-nasa-dostojnost-v-jezisovi-kristovi-sme-bozimi-detmi\/","title":{"rendered":"A toto je na\u0161a d\u00f4stojnos\u0165: V Je\u017ei\u0161ovi Kristovi sme Bo\u017e\u00edmi de\u0165mi!"},"content":{"rendered":"<p>S\u00fa\u010dasn\u00fd r\u00edmsky biskup sa v nede\u013enom pr\u00edhovore dotkol aj ot\u00e1zok jednoty Cirkvi a ke\u010f\u017ee ma niektor\u00e9 my\u0161lienky zaujali, rozhodol som sa, \u017ee sa tu o to s vami podel\u00edm. Explicitne sa tam nehovor\u00ed o ekumenick\u00fdch vz\u0165ahoch, ale implicitne to tam pr\u00edtomn\u00e9 je, ve\u010f pokrsten\u00ed nie s\u00fa iba katol\u00edci a p\u00e1pe\u017e to ve\u013emi dobre vie.<\/p>\n<p><a href=\"http:\/\/sk.radiovaticana.va\/news\/2014\/02\/23\/pr%C3%ADhovor_na_anjel_p%C3%A1na:_biskup,_kardin%C3%A1l,_p%C3%A1pe%C5%BE_s%C3%BA_slu%C5%BEobn%C3%ADkmi\/slo-775859\">Text pr\u00edhovoru<\/a><\/p>\n<p>Marana tha!<\/p>\n","protected":false},"excerpt":{"rendered":"<p>S\u00fa\u010dasn\u00fd r\u00edmsky biskup sa v nede\u013enom pr\u00edhovore dotkol aj ot\u00e1zok jednoty Cirkvi a ke\u010f\u017ee ma niektor\u00e9 my\u0161lienky zaujali, rozhodol som sa, \u017ee sa tu o to s vami podel\u00edm. Explicitne sa tam nehovor\u00ed o ekumenick\u00fdch vz\u0165ahoch, ale implicitne to tam pr\u00edtomn\u00e9 je, ve\u010f pokrsten\u00ed nie s\u00fa iba katol\u00edci a p\u00e1pe\u017e to ve\u013emi dobre vie. Text &#8230; <a title=\"A toto je na\u0161a d\u00f4stojnos\u0165: V Je\u017ei\u0161ovi Kristovi sme Bo\u017e\u00edmi de\u0165mi!\" class=\"read-more\" href=\"https:\/\/www.e-anjelik.sk\/index.php\/2014\/02\/25\/a-toto-je-nasa-dostojnost-v-jezisovi-kristovi-sme-bozimi-detmi\/\" aria-label=\"Pre\u010d\u00edtajte si viac o A toto je na\u0161a d\u00f4stojnos\u0165: V Je\u017ei\u0161ovi Kristovi sme Bo\u017e\u00edmi de\u0165mi!\">\u010c\u00edta\u0165 viac<\/a><\/p>\n","protected":false},"author":17,"featured_media":0,"comment_status":"open","ping_status":"open","sticky":false,"template":"","format":"standard","meta":{"footnotes":""},"categories":[2,95],"tags":[],"class_list":["post-5537","post","type-post","status-publish","format-standard","hentry","category-ekumena","category-sobotiste"],"_links":{"self":[{"href":"https:\/\/www.e-anjelik.sk\/index.php\/wp-json\/wp\/v2\/posts\/5537","targetHints":{"allow":["GET"]}}],"collection":[{"href":"https:\/\/www.e-anjelik.sk\/index.php\/wp-json\/wp\/v2\/posts"}],"about":[{"href":"https:\/\/www.e-anjelik.sk\/index.php\/wp-json\/wp\/v2\/types\/post"}],"author":[{"embeddable":true,"href":"https:\/\/www.e-anjelik.sk\/index.php\/wp-json\/wp\/v2\/users\/17"}],"replies":[{"embeddable":true,"href":"https:\/\/www.e-anjelik.sk\/index.php\/wp-json\/wp\/v2\/comments?post=5537"}],"version-history":[{"count":0,"href":"https:\/\/www.e-anjelik.sk\/index.php\/wp-json\/wp\/v2\/posts\/5537\/revisions"}],"wp:attachment":[{"href":"https:\/\/www.e-anjelik.sk\/index.php\/wp-json\/wp\/v2\/media?parent=5537"}],"wp:term":[{"taxonomy":"category","embeddable":true,"href":"https:\/\/www.e-anjelik.sk\/index.php\/wp-json\/wp\/v2\/categories?post=5537"},{"taxonomy":"post_tag","embeddable":true,"href":"https:\/\/www.e-anjelik.sk\/index.php\/wp-json\/wp\/v2\/tags?post=5537"}],"curies":[{"name":"wp","href":"https:\/\/api.w.org\/{rel}","templated":true}]}}