{"id":5549,"date":"2014-10-31T06:00:00","date_gmt":"2014-10-31T06:00:00","guid":{"rendered":"http:\/\/e-anjelik.sk\/?p=5549"},"modified":"2014-10-31T06:00:00","modified_gmt":"2014-10-31T06:00:00","slug":"zreformuj-sa","status":"publish","type":"post","link":"https:\/\/www.e-anjelik.sk\/index.php\/2014\/10\/31\/zreformuj-sa\/","title":{"rendered":"Zreformuj sa!"},"content":{"rendered":"<p>V roku 2017 budeme oslavova\u0165 500. v\u00fdro\u010die od reform\u00e1cie. Je to udalos\u0165 v dejin\u00e1ch cirkvi, ktor\u00e1 prispela k jej obnove a o\u010diste.<br \/>\nEvanjelici augsbursk\u00e9ho vyznania v\u010faka P\u00e1nu Bohu pre\u017eili obdobia prenasledovania a \u00fatlaku a mnoh\u00ed sa v\u00fdznamne zap\u00edsali do svetov\u00fdch a n\u00e1rodn\u00fdch dej\u00edn. <\/p>\n<p>\u010co znamen\u00e1 by\u0165 evanjelikom dnes? Viem, kto som a za \u010do som? Prizn\u00e1vam sa k svojmu vierovyznaniu? \u017dijem ako evanjelik a.v. alebo je to len form\u00e1lna s\u00fa\u010das\u0165 mojej indentiy, pr\u00edpadne u\u017e ani to nie?<\/p>\n<p>Mnoh\u00ed stratili kontakt s P\u00e1nom Bohoj a cirkvou, nie s\u00fa akt\u00edvnymi \u010dlenmi svojich zborov a nevedia n\u00e1js\u0165 cestu sp\u00e4\u0165.<\/p>\n<p>By\u0165 evanjelikom m\u00f4\u017eeme by\u0165 vo vz\u0165ahu:<\/p>\n<p>\u2724 k P\u00e1nu Bohu a cirkvi<br \/>\n\u2724 k sebe a svojej rodine<br \/>\n\u2724 k svojmu okoliu a spolo\u010dnosti, v ktorej \u017eijeme<\/p>\n<p>Do roku 2017 zost\u00e1va e\u0161te ve\u013ea mesiacov. Ak nechceme tento sviatok oslavova\u0165 ako historick\u00fa pripomienku za\u0161l\u00fdch \u010dias, mali by sme sa na \u0148u akt\u00edvne za\u010da\u0165 pripravova\u0165 u\u017e dnes. \u010co m\u00e1m urobi\u0165, ak chcem osl\u00e1vi\u0165 toto v\u00fdro\u010die &#8211; ak P\u00e1n Boh d\u00e1, ako kres\u0165an evanjelik a.v.?<\/p>\n<p>Tu je zop\u00e1r konkr\u00e9tnych n\u00e1vrhov, s ktor\u00fdmi m\u00f4\u017ee\u0161 za\u010da\u0165:<\/p>\n<p>\u2724 akt\u00edvne sa z\u00fa\u010dastni\u0165 na Slu\u017eb\u00e1ch Bo\u017e\u00edch na Ve\u013ek\u00fa Noc, Sv\u00e4t\u00e9ho Ducha a Vianoce<br \/>\n \u2724 prist\u00fapi\u0165 k spovedi a Ve\u010deri P\u00e1novej 4 kr\u00e1t do roka<br \/>\n \u2724 venova\u0165 \u010das alebo milodar na aktivity vo svojom zbore<br \/>\n \u2724 ka\u017ed\u00fd rok si pre\u010d\u00edta\u0165 Mal\u00fd katechizmus<br \/>\n \u2724 nau\u010di\u0165 vlastn\u00fdm pr\u00edkladom svoje deti, krstn\u00e9 deti s\u00farodencov alebo rodi\u010dov Ot\u010den\u00e1\u0161, moditbu pred jedlom a ve\u010dern\u00fa modlitbu<br \/>\n \u2724 privies\u0165 svoje deti ku Krstu sv\u00e4t\u00e9mu, prihl\u00e1si\u0165 ich na n\u00e1bo\u017eenstvo a konfirm\u00e1ciu<br \/>\n \u2724 pre\u010d\u00edta\u0165 jednu odpor\u00fa\u010dan\u00fa knihu z tohoto zoznamu (http:\/\/evanjelik.sk\/node\/8541)<br \/>\n \u2724 venova\u0165 \u010das alebo peniaze na jeden bohumil\u00fd \u00fa\u010del vo svojom okol\u00ed a obci<br \/>\n \u2724 poctivo pracova\u0165 a podporova\u0165 volen\u00fdch z\u00e1stupcov zasadzuj\u00facich sa o slobodu, demokraciu a spravodlivos\u0165<br \/>\n \u2724 oslovi\u0165 troch priate\u013eov a zdie\u013ea\u0165 s nimi tento zoznam<\/p>\n<p>Sta\u010d\u00ed spravi\u0165 m\u00e1lo. Duch Sv\u00e4t\u00fd ti pom\u00f4\u017ee. Ak chce\u0161 by\u0165 evanjelikom, zreformuj sa!<br \/>\n<!--break--><\/p>\n","protected":false},"excerpt":{"rendered":"<p>V roku 2017 budeme oslavova\u0165 500. v\u00fdro\u010die od reform\u00e1cie. Je to udalos\u0165 v dejin\u00e1ch cirkvi, ktor\u00e1 prispela k jej obnove a o\u010diste. Evanjelici augsbursk\u00e9ho vyznania v\u010faka P\u00e1nu Bohu pre\u017eili obdobia prenasledovania a \u00fatlaku a mnoh\u00ed sa v\u00fdznamne zap\u00edsali do svetov\u00fdch a n\u00e1rodn\u00fdch dej\u00edn. \u010co znamen\u00e1 by\u0165 evanjelikom dnes? Viem, kto som a za \u010do som? &#8230; <a title=\"Zreformuj sa!\" class=\"read-more\" href=\"https:\/\/www.e-anjelik.sk\/index.php\/2014\/10\/31\/zreformuj-sa\/\" aria-label=\"Pre\u010d\u00edtajte si viac o Zreformuj sa!\">\u010c\u00edta\u0165 viac<\/a><\/p>\n","protected":false},"author":1,"featured_media":0,"comment_status":"open","ping_status":"open","sticky":false,"template":"","format":"standard","meta":{"footnotes":""},"categories":[26],"tags":[],"class_list":["post-5549","post","type-post","status-publish","format-standard","hentry","category-pamiatka-reformacie"],"_links":{"self":[{"href":"https:\/\/www.e-anjelik.sk\/index.php\/wp-json\/wp\/v2\/posts\/5549","targetHints":{"allow":["GET"]}}],"collection":[{"href":"https:\/\/www.e-anjelik.sk\/index.php\/wp-json\/wp\/v2\/posts"}],"about":[{"href":"https:\/\/www.e-anjelik.sk\/index.php\/wp-json\/wp\/v2\/types\/post"}],"author":[{"embeddable":true,"href":"https:\/\/www.e-anjelik.sk\/index.php\/wp-json\/wp\/v2\/users\/1"}],"replies":[{"embeddable":true,"href":"https:\/\/www.e-anjelik.sk\/index.php\/wp-json\/wp\/v2\/comments?post=5549"}],"version-history":[{"count":0,"href":"https:\/\/www.e-anjelik.sk\/index.php\/wp-json\/wp\/v2\/posts\/5549\/revisions"}],"wp:attachment":[{"href":"https:\/\/www.e-anjelik.sk\/index.php\/wp-json\/wp\/v2\/media?parent=5549"}],"wp:term":[{"taxonomy":"category","embeddable":true,"href":"https:\/\/www.e-anjelik.sk\/index.php\/wp-json\/wp\/v2\/categories?post=5549"},{"taxonomy":"post_tag","embeddable":true,"href":"https:\/\/www.e-anjelik.sk\/index.php\/wp-json\/wp\/v2\/tags?post=5549"}],"curies":[{"name":"wp","href":"https:\/\/api.w.org\/{rel}","templated":true}]}}