{"id":5552,"date":"2014-03-20T22:18:42","date_gmt":"2014-03-20T22:18:42","guid":{"rendered":"http:\/\/e-anjelik.sk\/?p=5552"},"modified":"2014-03-20T22:18:42","modified_gmt":"2014-03-20T22:18:42","slug":"zakladatel-sz-ulf-ekman-konvertoval","status":"publish","type":"post","link":"https:\/\/www.e-anjelik.sk\/index.php\/2014\/03\/20\/zakladatel-sz-ulf-ekman-konvertoval\/","title":{"rendered":"Zakladate\u013e  S\u017d Ulf Ekman konvertoval"},"content":{"rendered":"<p>Zakladate\u013e n\u00e1b.spolo\u010dnosti Slovo \u017divota s man\u017eelkokou Brigitte  konvertoval 9.marca 2014 do RKC.<\/p>\n<p>U\u017e v jeseni 2013 prest\u00fapil do RKC ich syn Benjamin. Odpadnutiu prekvapuj\u00faco po\u017eehnal jeho n\u00e1stupca v \u00farade Joakim Lundquist a zhroma\u017edenie Slova \u017divota v Uppsale sa pripojilo potleskom. Za posledn\u00fdch 15 rokov zakladate\u013e st\u00e1le viac hovoril o jednote, z\u00fa\u010dast\u0148oval sa aktiv\u00edt vo Vatik\u00e1ne, aj na templ\u00e1rskom obrade  atp.,  ale n\u00edm zalo\u017een\u00fa organiz\u00e1ciu evangelik\u00e1lno -charizmatick\u00e9ho razenia k podobn\u00e9mu kroku nevyzval.<br \/>\n     Zauj\u00edmav\u00e9 je Ekmanovo osobn\u00e9 vyjadrenie, ktor\u00e9 uverejnil \u010dasopis Charisma News:<br \/>\n&#8222;Vst\u00fapili sme do katol\u00edckej cirkvi, preto\u017ee potrebujem to, \u010do do nej Je\u017ei\u0161 vlo\u017eil. Potrebujem sviatosti, potrebujem magistr\u00e9rium, potrebujem autoritu Cirkvi, potrebujem p\u00e1pe\u017ea, potrebujem trad\u00edciu&#8230;<br \/>\nPotrebujem cirkev, aby som mohol dosiahn\u00fa\u0165 spasenie&#8220;.<br \/>\n      Nie je zn\u00e1me, ko\u013ek\u00ed charizmatici v Uppsale a ko\u013ek\u00ed na Slovenska bud\u00fa jeho krok nasledova\u0165. Jedni mu tlieskaj\u00fa, in\u00ed hovoria, \u017ee Slovo \u017divota zav\u00e1dzal. <\/p>\n","protected":false},"excerpt":{"rendered":"<p>Zakladate\u013e n\u00e1b.spolo\u010dnosti Slovo \u017divota s man\u017eelkokou Brigitte konvertoval 9.marca 2014 do RKC. U\u017e v jeseni 2013 prest\u00fapil do RKC ich syn Benjamin. Odpadnutiu prekvapuj\u00faco po\u017eehnal jeho n\u00e1stupca v \u00farade Joakim Lundquist a zhroma\u017edenie Slova \u017divota v Uppsale sa pripojilo potleskom. Za posledn\u00fdch 15 rokov zakladate\u013e st\u00e1le viac hovoril o jednote, z\u00fa\u010dast\u0148oval sa aktiv\u00edt vo Vatik\u00e1ne, &#8230; <a title=\"Zakladate\u013e  S\u017d Ulf Ekman konvertoval\" class=\"read-more\" href=\"https:\/\/www.e-anjelik.sk\/index.php\/2014\/03\/20\/zakladatel-sz-ulf-ekman-konvertoval\/\" aria-label=\"Pre\u010d\u00edtajte si viac o Zakladate\u013e  S\u017d Ulf Ekman konvertoval\">\u010c\u00edta\u0165 viac<\/a><\/p>\n","protected":false},"author":4,"featured_media":0,"comment_status":"open","ping_status":"open","sticky":false,"template":"","format":"standard","meta":{"footnotes":""},"categories":[1],"tags":[],"class_list":["post-5552","post","type-post","status-publish","format-standard","hentry","category-adventna-modlitba"],"_links":{"self":[{"href":"https:\/\/www.e-anjelik.sk\/index.php\/wp-json\/wp\/v2\/posts\/5552","targetHints":{"allow":["GET"]}}],"collection":[{"href":"https:\/\/www.e-anjelik.sk\/index.php\/wp-json\/wp\/v2\/posts"}],"about":[{"href":"https:\/\/www.e-anjelik.sk\/index.php\/wp-json\/wp\/v2\/types\/post"}],"author":[{"embeddable":true,"href":"https:\/\/www.e-anjelik.sk\/index.php\/wp-json\/wp\/v2\/users\/4"}],"replies":[{"embeddable":true,"href":"https:\/\/www.e-anjelik.sk\/index.php\/wp-json\/wp\/v2\/comments?post=5552"}],"version-history":[{"count":0,"href":"https:\/\/www.e-anjelik.sk\/index.php\/wp-json\/wp\/v2\/posts\/5552\/revisions"}],"wp:attachment":[{"href":"https:\/\/www.e-anjelik.sk\/index.php\/wp-json\/wp\/v2\/media?parent=5552"}],"wp:term":[{"taxonomy":"category","embeddable":true,"href":"https:\/\/www.e-anjelik.sk\/index.php\/wp-json\/wp\/v2\/categories?post=5552"},{"taxonomy":"post_tag","embeddable":true,"href":"https:\/\/www.e-anjelik.sk\/index.php\/wp-json\/wp\/v2\/tags?post=5552"}],"curies":[{"name":"wp","href":"https:\/\/api.w.org\/{rel}","templated":true}]}}