{"id":5557,"date":"2014-04-14T11:06:08","date_gmt":"2014-04-14T11:06:08","guid":{"rendered":"http:\/\/e-anjelik.sk\/?p=5557"},"modified":"2014-04-14T11:06:08","modified_gmt":"2014-04-14T11:06:08","slug":"zacal-sa-velky-tyzden","status":"publish","type":"post","link":"https:\/\/www.e-anjelik.sk\/index.php\/2014\/04\/14\/zacal-sa-velky-tyzden\/","title":{"rendered":"Za\u010dal sa Ve\u013ek\u00fd t\u00fd\u017ede\u0148"},"content":{"rendered":"<p>Za\u010dal sa posledn\u00fd t\u00fd\u017ede\u0148 p\u00f4stu  &#8211; tzv Tich\u00fd alebo Ve\u013ek\u00fd t\u00fd\u017ede\u0148. Pre v\u0161etk\u00fdch ktor\u00ed sa nest\u00edhali pripravi\u0165 na nadch\u00e1dzaj\u00face sviatky, pon\u00faka sa im mo\u017enos\u0165 pre\u010d\u00edta\u0165 si \u010dl\u00e1nok &#8222;<a href=\"http:\/\/www.evanjelik.sk\/134\">O slobode kres\u0165ana<\/a>&#8222;. Tak si m\u00f4\u017eeme pripomen\u00fa\u0165, \u017ee po\u010d\u00favanie Slova Bo\u017eieho a viera v Je\u017ei\u0161a, ku ktor\u00e9mu n\u00e1s vedie je <em>dostato\u010dnou<\/em> pr\u00edpravou. To je pre v\u0161etk\u00fdch, ktor\u00ed sa nestihli vn\u00fatorne pripravi\u0165 na Ve\u013ekono\u010dn\u00e9 sviatky. Pre t\u00fdch ktor\u00ed konali z\u00e1slu\u017en\u00e9 skutky uveden\u00e9 v <a href=\"http:\/\/www.evanjelik.sk\/8532\">ankete<\/a>, nech si tie\u017e pripomen\u00fa, \u017ee im to aj tak ni\u010d nepom\u00f4\u017ee, ale jedine spo\u013eah \u017ee Je\u017ei\u0161 u\u017e pre n\u00e1s v\u0161etko vybavil.<\/p>\n","protected":false},"excerpt":{"rendered":"<p>Za\u010dal sa posledn\u00fd t\u00fd\u017ede\u0148 p\u00f4stu &#8211; tzv Tich\u00fd alebo Ve\u013ek\u00fd t\u00fd\u017ede\u0148. Pre v\u0161etk\u00fdch ktor\u00ed sa nest\u00edhali pripravi\u0165 na nadch\u00e1dzaj\u00face sviatky, pon\u00faka sa im mo\u017enos\u0165 pre\u010d\u00edta\u0165 si \u010dl\u00e1nok &#8222;O slobode kres\u0165ana&#8222;. Tak si m\u00f4\u017eeme pripomen\u00fa\u0165, \u017ee po\u010d\u00favanie Slova Bo\u017eieho a viera v Je\u017ei\u0161a, ku ktor\u00e9mu n\u00e1s vedie je dostato\u010dnou pr\u00edpravou. To je pre v\u0161etk\u00fdch, ktor\u00ed sa &#8230; <a title=\"Za\u010dal sa Ve\u013ek\u00fd t\u00fd\u017ede\u0148\" class=\"read-more\" href=\"https:\/\/www.e-anjelik.sk\/index.php\/2014\/04\/14\/zacal-sa-velky-tyzden\/\" aria-label=\"Pre\u010d\u00edtajte si viac o Za\u010dal sa Ve\u013ek\u00fd t\u00fd\u017ede\u0148\">\u010c\u00edta\u0165 viac<\/a><\/p>\n","protected":false},"author":12,"featured_media":0,"comment_status":"open","ping_status":"open","sticky":false,"template":"","format":"standard","meta":{"footnotes":""},"categories":[53],"tags":[],"class_list":["post-5557","post","type-post","status-publish","format-standard","hentry","category-post"],"_links":{"self":[{"href":"https:\/\/www.e-anjelik.sk\/index.php\/wp-json\/wp\/v2\/posts\/5557","targetHints":{"allow":["GET"]}}],"collection":[{"href":"https:\/\/www.e-anjelik.sk\/index.php\/wp-json\/wp\/v2\/posts"}],"about":[{"href":"https:\/\/www.e-anjelik.sk\/index.php\/wp-json\/wp\/v2\/types\/post"}],"author":[{"embeddable":true,"href":"https:\/\/www.e-anjelik.sk\/index.php\/wp-json\/wp\/v2\/users\/12"}],"replies":[{"embeddable":true,"href":"https:\/\/www.e-anjelik.sk\/index.php\/wp-json\/wp\/v2\/comments?post=5557"}],"version-history":[{"count":0,"href":"https:\/\/www.e-anjelik.sk\/index.php\/wp-json\/wp\/v2\/posts\/5557\/revisions"}],"wp:attachment":[{"href":"https:\/\/www.e-anjelik.sk\/index.php\/wp-json\/wp\/v2\/media?parent=5557"}],"wp:term":[{"taxonomy":"category","embeddable":true,"href":"https:\/\/www.e-anjelik.sk\/index.php\/wp-json\/wp\/v2\/categories?post=5557"},{"taxonomy":"post_tag","embeddable":true,"href":"https:\/\/www.e-anjelik.sk\/index.php\/wp-json\/wp\/v2\/tags?post=5557"}],"curies":[{"name":"wp","href":"https:\/\/api.w.org\/{rel}","templated":true}]}}