{"id":5570,"date":"2014-04-23T13:37:53","date_gmt":"2014-04-23T13:37:53","guid":{"rendered":"http:\/\/e-anjelik.sk\/?p=5570"},"modified":"2014-04-23T13:37:53","modified_gmt":"2014-04-23T13:37:53","slug":"milos-klatik-docentom","status":"publish","type":"post","link":"https:\/\/www.e-anjelik.sk\/index.php\/2014\/04\/23\/milos-klatik-docentom\/","title":{"rendered":"Milo\u0161 Kl\u00e1tik &#8211; docentom"},"content":{"rendered":"<p>    D\u0148a 7.3.2014 bol na verejnom zasadnut\u00ed vedeckej rady v aule UK v Bratislave udelen\u00fd vedecko- pedagogick\u00fd titul &#8222;docent&#8220; v odbore &#8220; evanjelick\u00e1 teol\u00f3gia&#8220;  dp.gen.biskupovi PhDr.. Mgr. Milo\u0161ovi Kl\u00e1tikovi, PhD., ktor\u00fd obh\u00e1jil pred Vedeckou radou UK V Bratislave.<br \/>\n    Habilita\u010dn\u00fa predn\u00e1\u0161ku na EBF predniesol na t\u00e9mu: Vplyv reform\u00e1cie na slovensk\u00fa n\u00e1rodn\u00fa kult\u00faru, po predch\u00e1dzaj\u00facej obhajobe svojej habilita\u010dnej pr\u00e1ce, \u010d\u00edm preuk\u00e1zal vedeck\u00fa sp\u00f4sobilos\u0165 v odbore.<br \/>\nAko dlhoro\u010dn\u00fd u\u010db\u00e1r EBF  sa venuje systematickej teol\u00f3gii a hist\u00f3rii.<br \/>\n    Preto\u017ee sme v predsviato\u010dnom ruchu nestihli zverejni\u0165 t\u00fato d\u00f4le\u017eit\u00fa spr\u00e1vu, rob\u00edme tak aspo\u0148 dodato\u010dne a k dosiahnut\u00e9mu titulu srde\u010dne blaho\u017eel\u00e1me s prianim mnoh\u00e9ho Bo\u017eieho po\u017eehnania   v \u010fal\u0161ej pr\u00e1ci na EBF a v cirkvi. <\/p>\n","protected":false},"excerpt":{"rendered":"<p>D\u0148a 7.3.2014 bol na verejnom zasadnut\u00ed vedeckej rady v aule UK v Bratislave udelen\u00fd vedecko- pedagogick\u00fd titul &#8222;docent&#8220; v odbore &#8220; evanjelick\u00e1 teol\u00f3gia&#8220; dp.gen.biskupovi PhDr.. Mgr. Milo\u0161ovi Kl\u00e1tikovi, PhD., ktor\u00fd obh\u00e1jil pred Vedeckou radou UK V Bratislave. Habilita\u010dn\u00fa predn\u00e1\u0161ku na EBF predniesol na t\u00e9mu: Vplyv reform\u00e1cie na slovensk\u00fa n\u00e1rodn\u00fa kult\u00faru, po predch\u00e1dzaj\u00facej obhajobe svojej habilita\u010dnej &#8230; <a title=\"Milo\u0161 Kl\u00e1tik &#8211; docentom\" class=\"read-more\" href=\"https:\/\/www.e-anjelik.sk\/index.php\/2014\/04\/23\/milos-klatik-docentom\/\" aria-label=\"Pre\u010d\u00edtajte si viac o Milo\u0161 Kl\u00e1tik &#8211; docentom\">\u010c\u00edta\u0165 viac<\/a><\/p>\n","protected":false},"author":4,"featured_media":0,"comment_status":"open","ping_status":"open","sticky":false,"template":"","format":"standard","meta":{"footnotes":""},"categories":[1],"tags":[],"class_list":["post-5570","post","type-post","status-publish","format-standard","hentry","category-adventna-modlitba"],"_links":{"self":[{"href":"https:\/\/www.e-anjelik.sk\/index.php\/wp-json\/wp\/v2\/posts\/5570","targetHints":{"allow":["GET"]}}],"collection":[{"href":"https:\/\/www.e-anjelik.sk\/index.php\/wp-json\/wp\/v2\/posts"}],"about":[{"href":"https:\/\/www.e-anjelik.sk\/index.php\/wp-json\/wp\/v2\/types\/post"}],"author":[{"embeddable":true,"href":"https:\/\/www.e-anjelik.sk\/index.php\/wp-json\/wp\/v2\/users\/4"}],"replies":[{"embeddable":true,"href":"https:\/\/www.e-anjelik.sk\/index.php\/wp-json\/wp\/v2\/comments?post=5570"}],"version-history":[{"count":0,"href":"https:\/\/www.e-anjelik.sk\/index.php\/wp-json\/wp\/v2\/posts\/5570\/revisions"}],"wp:attachment":[{"href":"https:\/\/www.e-anjelik.sk\/index.php\/wp-json\/wp\/v2\/media?parent=5570"}],"wp:term":[{"taxonomy":"category","embeddable":true,"href":"https:\/\/www.e-anjelik.sk\/index.php\/wp-json\/wp\/v2\/categories?post=5570"},{"taxonomy":"post_tag","embeddable":true,"href":"https:\/\/www.e-anjelik.sk\/index.php\/wp-json\/wp\/v2\/tags?post=5570"}],"curies":[{"name":"wp","href":"https:\/\/api.w.org\/{rel}","templated":true}]}}