{"id":5585,"date":"2014-05-04T16:07:14","date_gmt":"2014-05-04T16:07:14","guid":{"rendered":"http:\/\/e-anjelik.sk\/?p=5585"},"modified":"2014-05-04T16:07:14","modified_gmt":"2014-05-04T16:07:14","slug":"svaty-pastier","status":"publish","type":"post","link":"https:\/\/www.e-anjelik.sk\/index.php\/2014\/05\/04\/svaty-pastier\/","title":{"rendered":"Sv\u00e4t\u00fd Pastier"},"content":{"rendered":"<p>                                                       Sv\u00e4t\u00fd Pastier<br \/>\n \u017dd 13, 20-21:<br \/>\n       \u201cBoh pokoja v\u0161ak, ktor\u00fd vzkriesil z m\u0155tvych Pastiera oviec, ve\u013ek\u00e9ho krvou ve\u010dnej zmluvy, n\u00e1\u0161ho P\u00e1na Je\u017ei\u0161a, (21) nech v\u00e1s u\u010din\u00ed sp\u00f4sobn\u00fdmi na v\u0161etko dobr\u00e9, aby ste splnili Jeho v\u00f4\u013eu,  a nech sp\u00f4sob\u00ed v n\u00e1s skrze Je\u017ei\u0161a krista, \u010do Mu je mil\u00e9.<br \/>\n    Jemu sl\u00e1va na veky vekov. Amen\u201d.  Haleluja<\/p>\n<p>     Bratia a sestry v Kristu, P\u00e1novi!<\/p>\n<p>     Na trhu pr\u00e1ce v na\u0161ej krajine panuje zvl\u00e1\u0161tna situ\u00e1cia. Na \u00faradoch pr\u00e1ce je evidovan\u00fdch vy\u0161e 13% nezmestnan\u00fdch. Ak sa v\u0161ak stane, \u017ee nejak\u00e1 zahrani\u010dn\u00e1, alebo dom\u00e1ca firma otv\u00e1ra nejak\u00fa v\u00fdrobu, alebo prev\u00e1dzku, zrazu zis\u0165uje, \u017ee:  \u201cniet \u013eud\u00ed\u201d. Toti\u017e, \u017ee niet kvalifikovan\u00fdch \u013eud\u00ed, pripraven\u00fdch pracova\u0165 v tom &#8211; ktorom odbore. Dokonca niet ani dos\u0165 tak\u00fdch, ktor\u00ed by sa chceli, \u010di mohli rekvalifikova\u0165. Mohli by sme to vyjadri\u0165 slovami dne\u0161n\u00e9ho textu z listu \u017didom: Niet \u013eud\u00ed \u201csp\u00f4sobn\u00fdch na v\u0161etko dobr\u00e9\u201d.<br \/>\n       Je smutn\u00e9, ak aj mlad\u00ed absolventi \u0161k\u00f4l nie s\u00fa sp\u00f4sobn\u00ed na naplnenie po\u017eiadaviek trhu pr\u00e1ce, t\u00fdm menej mnoh\u00ed star\u0161\u00ed, ktor\u00ed u\u017e stratili aj z\u00e1kladn\u00e9 pracovn\u00e9 n\u00e1vyky.<\/p>\n<p>      Dnes sa  \u010dasto hovor\u00ed aj o kr\u00edze rodiny, alebo o kr\u00edzach v man\u017eelstv\u00e1ch. Na jednej strane mnoho mlad\u00fdch nie je ochotn\u00fdch zalo\u017ei\u0165 si riadnu rodinu a v nej  \u017ei\u0165, navz\u00e1jom si sl\u00fa\u017ei\u0165 v l\u00e1ske a pom\u00e1ha\u0165 nielen jeden druh\u00e9mu, aj svojej cirkvi i krajine. Man\u017eelstiev sa uzatv\u00e1ra ve\u013ei m\u00e1lo. V t\u00fdch zost\u00e1vaj\u00facich akosi pri\u010dasto prich\u00e1dza k nap\u00e4tiam, k v\u00e1\u017enym kr\u00edzam, k rozvodom a k rozpadom rod\u00edn. Op\u00e4\u0165 mo\u017eno poveda\u0165, \u017ee mnoh\u00ed mu\u017ei a \u017eeny nie s\u00fa akoby \u201csp\u00f4sobn\u00fdmi na v\u0161etko dobr\u00e9\u201d. Pripraven\u00fdmi a schopn\u00fdmi kona\u0165 to, \u201c\u010do je mil\u00e9 Bohu\u201d i \u013eu\u010fom. <\/p>\n<p>        V cirkvi tie\u017e \u010dasto vid\u00edme a za\u017e\u00edvame situ\u00e1ciu, \u017ee \u201cniet \u013eud\u00ed\u201d, ke\u010f ide o prijatie nejakej slu\u017eby, alebo funkcie. Tu op\u00e4\u0165 mo\u017eno poveda\u0165 slovami apo\u0161tola: Je m\u00e1lo t\u00fdch, ktor\u00ed s\u00fa \u201csp\u00f4sobn\u00ed na v\u0161etko dobr\u00e9, kona\u0165 to, \u010do je mil\u00e9 P\u00e1nu Bohu\u201d. T\u00ed, \u010do vo funkciach , alebo v slu\u017ebe s\u00fa, s\u00fa neraz pre\u0165a\u017een\u00ed a preto umdlievaj\u00fa. In\u00ed s\u00fa znechuten\u00ed, \u010fal\u0161\u00ed sa c\u00edtia nedocenen\u00ed a treba prizna\u0165, \u017ee sa neraz tak c\u00edti\u0165 m\u00f4\u017eu pr\u00e1vom.<br \/>\n    Mnoho kres\u0165anov je znepokojen\u00fdch, ke\u010f vidia cirkev ako \u201cm\u00e1rnicu\u201d, alebo povedan\u00e9 slovami prorokoka Ezechiela: \u201c\u00fadolie pln\u00e9 such\u00fdch kost\u00ed\u201d. Stojac nad nimi so sm\u00fatkom v du\u0161i sa v duchu t\u00ed, \u010do zost\u00e1vaj\u00fa p\u00fdtaj\u00fa: \u201cPane, \u010di m\u00f4\u017eu o\u017ei\u0165 tie such\u00e9 kosti\u201d? \u010eal\u0161\u00ed si klad\u00fa ot\u00e1zku: Pr\u00eddu po n\u00e1s nov\u00ed nasledovn\u00edci, pokra\u010dovatelia v  \u0161\u013eapajach otcov vo viere?<\/p>\n<p>    Dne\u0161n\u00e1 nede\u013ea, druh\u00e1 po Ve\u013ekej Noci m\u00e1 n\u00e1zov nede\u013ea Dobr\u00e9ho pastiera. Upozor\u0148uje n\u00e1s na Toho,  ktor\u00fd n\u00e1s chce ako \u017eiv\u00fd P\u00e1n u\u010di\u0165, ktor\u00fd n\u00e1s chce vies\u0165 dopredu a hore, ale aj k novote \u017eivote a k tomu, \u010do je mil\u00e9 Bohu. N\u00e1\u0161 Dobr\u00fd pastier, ktor\u00e9ho vzkriesil Otec, n\u00e1s chce v\u017edy s\u00fdti\u0165 na zelen\u00fdch pastv\u00e1ch svojho Slova. Chce n\u00e1s posil\u0148ova\u0165 i duchovne ob\u010derstvova\u0165 pri studniciach svojich sviatost\u00ed. Chce n\u00e1s aj chr\u00e1ni\u0165 pre ka\u017ed\u00fdm nebezpe\u010denstvom a zlom, \u00e1no, aj pred t\u00fdm, \u201cktor\u00fd by n\u00e1s chcel zni\u010di\u0165\u201d.<br \/>\n        Treba poveda\u0165, \u017ee On n\u00e1s chce chr\u00e1ni\u0165 dokonca aj pred na\u0161ou vlastnou naivitou a neraz a\u017e hl\u00fapos\u0165ou, ke\u010f si po\u010d\u00edname \u00faplne \u201cbezhlavo\u201d. Ke\u010f sa chov\u00e1me st\u00e1dovito a r\u00fatime sa so svetom za jeho prioritami, do biedy nekult\u00farnosti, neraz dokonca do jeho kult\u00fary smrti. <\/p>\n<p>        \u010casto sme svedkami, ako urobia pokrsten\u00ed ve\u013ea zl\u00fdch rozhodnut\u00ed. Ale a\u017e potom, ke\u010f na nich do\u013eahne \u0165archa a s\u00fad t\u00fdchto rozhodnut\u00ed h\u013eadaj\u00fa pomocn\u00edka, ochrancu, u\u010dite\u013ea alebo vodcu, ktor\u00fd by ich vyviedol z ich v\u00e1\u017enych probl\u00e9mov. Niektor\u00ed, a to je najhor\u0161ie,  upadn\u00fa do \u00faplnej rezign\u00e1cie na dobro, \u017eivot a l\u00e1sku.<\/p>\n<p>     Dnes sme v\u0161etci, mil\u00ed bratia a sestry, upozornen\u00ed na to, \u017ee nebesk\u00fd Otec n\u00e1m pon\u00faka ako Vodcu, U\u010dite\u013ea, Pomocn\u00edka, Lie\u010dite\u013ea a Sprievodcu \u017eivota Toho, ktor\u00fd nesklame. Dokonal\u00e9ho Pastiera a Biskupa, t.j.str\u00e1\u017ecu a ochrancu na\u0161ich du\u0161\u00ed. (1 Pt 2, 25)<br \/>\nJe\u017ei\u0161, ktor\u00fd bol vzkriesen\u00fd je a chce by\u0165 na\u0161\u00edm Pastierom. Bol vzkriesen\u00fd pre n\u00e1s, aby bol st\u00e1le s nami a my aby sme mohli by\u0165 v\u017edy s N\u00edm. Nebol vzkriesen\u00fd proti n\u00e1m. A to ani vtedy, ke\u010f n\u00e1s upozor\u0148uje na d\u00f4sledky na\u0161ej nevery, tvrdohlavosti, spozdilosti srdom veri\u0165, \u017ee prich\u00e1dza k n\u00e1m s darom pokoja a l\u00e1sky a \u010fal\u0161\u00edch prav\u00fdch hodn\u00f4t.<\/p>\n<p>     Mil\u00ed bratia a sestry v Kristu P\u00e1nu!<\/p>\n<p>      T\u00fdm nie je povedan\u00e9, \u017ee by sme nemali, alebo nemali ma\u0165 aj in\u00fdch pastierov. To znamen\u00e1 in\u00fdch u\u010dite\u013eov, vodcov, pomocn\u00edkov a ochrancov.  Ve\u010f \u010d\u00edm in\u00fdm, ako pr\u00e1ve t\u00fdmto v\u0161etk\u00fdm maj\u00fa by\u0165 napr.rodi\u010dia, otcovia a matky, \u010do z pastierskej \u00falohy a slu\u017eby vypl\u00fdva. Ochrancami, vodcami, u\u010dite\u013emi, pomocn\u00edkmi maj\u00fa by\u0165 aj krstn\u00ed i star\u00ed rodi\u010dia vo\u010di svojim krstn\u00fdm de\u0165om a vn\u00fa\u010dat\u00e1m.<br \/>\n        Ako slu\u017eobn\u00edci Bo\u017e\u00ed a pastieri sa m\u00f4\u017eu a maj\u00fa c\u00edti\u0165 bratia a sestry a v\u0161etci pokrsten\u00ed v ka\u017edom povolan\u00ed, \u010di zamestnan\u00ed. U\u010ditelia, zamestnanci v rozli\u010dn\u00fdch povolaniach, \u00faradch a funkciach v obci, \u010di v \u0161t\u00e1te. Samozrejme to plat\u00ed aj o duchovn\u00fdch pastieroch, a kazate\u013eoch Slova Bo\u017eieho. <\/p>\n<p>      V\u017edy by si v\u0161etci kres\u0165ania mali uvedomova\u0165, \u017ee s\u00fa zodpvedn\u00ed nielen \u013eu\u010fom, \u017ee im m\u00e1 \u00eds\u0165 nielen o osobn\u00fd prospech, ale aj o ostatn\u00fdch \u013eud\u00ed, o spolo\u010dn\u00e9 hodnoty. V nie poslednom rade o cirkev, ktor\u00e1 patr\u00ed P\u00e1novi. Ni\u010d nie je hor\u0161ie, ak niektor\u00fd stav v spolo\u010dnsoti zlyh\u00e1, alebo si z\u00edska tak\u00e9 meno, ako ho m\u00e1 dnes, \u017eia\u013e pr\u00e1vom svopj\u00edm konan\u00edm i \u201dnekonan\u00edm\u201d, napr\u00edklad stav sudcov, \u013eudia alebo niekor\u00ed \u013eudia spravuj\u00faci vec\u00ed verejn\u00e9, ale nedbaj\u00faci o r\u00e1vo, spravodlivos\u0165, pokoj a blaho ob\u010danov.<\/p>\n<p>     My sa v\u0161ak m\u00e1me nielen u\u010di\u0165 od Dobr\u00e9ho pastiera ako a \u010do kona\u0165. \u010co je rovnako d\u00f4le\u017eit\u00e9, je vedomie a poznanie o tom, \u017ee ak chceme plni\u0165 to, \u010do je Bohu mil\u00e9 a kona\u0165 Bo\u017eiu v\u00f4\u013eu pri n\u00e1s, ak  m\u00e1me by\u0165 sp\u00f4sobn\u00ed na v\u0161etko dobr\u00e9, m\u00e1me Mu dovoli\u0165, aby p\u00f4sobil v n\u00e1s. Aby \u00fa\u010dinkovalo v n\u00e1s slovo evanjelia, slovo Dobr\u00e9ho pastiera, ktor\u00fdm sa n\u00e1m prihov\u00e1ra. Ktor\u00fdm n\u00e1s vol\u00e1 k nasledovaniu a k tomu, aby v n\u00e1s p\u00f4sobila milos\u0165 Bo\u017eia.<\/p>\n<p>         Apo\u0161tol pripom\u00edna najm\u00e4 kres\u0165anom: \u201c Novou ve\u010dnou zmluvou, nap\u00edsanu krvou n\u00e1\u0161ho P\u00e1na Je\u017ei\u0161a je, \u017ee v\u00e1s chce u\u010dini\u0165 sp\u00f4sobn\u00fdmi na v\u0161etko dobr\u00e9 a aby ste splnili Jeho v\u00f4\u013eu\u201d. Aj s\u00e1m apo\u0161tol si je vedom\u00fd toho, \u017ee aj v \u0148om osobne, aj ostatn\u00fdch apo\u0161toloch m\u00e1 a mus\u00ed p\u00f4sobi\u0165 s\u00e1m Kristus svojou mocou. Apo\u0161tolovia si boli vedom\u00ed, \u017ee musia by\u0165 \u201clistom Kristov\u00fdm\u201d pre in\u00fdch\u201d a by\u0165 pr\u00edkladom st\u00e1du Bo\u017eiemu. Musia by\u0165 \u201cv\u00f4\u0148ou Kristovu\u201d, ktor\u00e1 p\u00f4sb\u00ed dobro, rados\u0165 a pokoj. <\/p>\n<p>      Toto je dar Toho, ktor\u00fd je Bohom pokoja. Otec, skrze n\u00e1m poslan\u00e9ho a vzkriesen\u00e9ho Dobr\u00e9ho pastiera odstr\u00e1nil d\u00f4vod strachu zo zl\u00fdch moc\u00ed hriechu, diabla a smrti. Uvo\u013enil n\u00e1m srdcia, ruky i nohy k nasledovaniu ktor\u00fd sa ako  Dobr\u00fd Pastier dok\u00e1zal a dokazuje. Ktor\u00fd ka\u017ed\u00e9ho z n\u00e1s pozn\u00e1  aj vol\u00e1 po mene, a chce by\u0165 s nami s darom pokoja. Tie\u017e s darom odpustenia hriechov, pri na\u0161ich slabostiach a zlyhaniach. Ak ich vid\u00edme, pozn\u00e1vame, vyzn\u00e1vame a prin\u00e1\u0161ame k Nemu, chce n\u00e1s o\u010disti\u0165, ospravedlni\u0165 a obnovi\u0165 v n\u00e1s ducha pevn\u00e9ho! Veri\u0165 v l\u00e1sku a kona\u0165 dobro, pokia\u013e je na n\u00e1s, m\u00f4\u017eeme s Jeho pomocou. Dobrom prem\u00e1ha\u0165 zlo dok\u00e1\u017eeme, ak sme s N\u00edm tu v \u010dasnosti. S N\u00edm m\u00f4\u017eeme aj sl\u00e1vne v\u00ed\u0165azi\u0165 a preb\u00fdva\u0165 v \u017eivote bud\u00faceho veku. Amen.<\/p>\n<p>                      2.nede\u013ea po Ve\u013ekej Noci  &#8211; Rovensko, Soboti\u0161te 2014 &#8211; \u013d.Batka st.<\/p>\n","protected":false},"excerpt":{"rendered":"<p>Sv\u00e4t\u00fd Pastier \u017dd 13, 20-21: \u201cBoh pokoja v\u0161ak, ktor\u00fd vzkriesil z m\u0155tvych Pastiera oviec, ve\u013ek\u00e9ho krvou ve\u010dnej zmluvy, n\u00e1\u0161ho P\u00e1na Je\u017ei\u0161a, (21) nech v\u00e1s u\u010din\u00ed sp\u00f4sobn\u00fdmi na v\u0161etko dobr\u00e9, aby ste splnili Jeho v\u00f4\u013eu, a nech sp\u00f4sob\u00ed v n\u00e1s skrze Je\u017ei\u0161a krista, \u010do Mu je mil\u00e9. Jemu sl\u00e1va na veky vekov. Amen\u201d. Haleluja Bratia a &#8230; <a title=\"Sv\u00e4t\u00fd Pastier\" class=\"read-more\" href=\"https:\/\/www.e-anjelik.sk\/index.php\/2014\/05\/04\/svaty-pastier\/\" aria-label=\"Pre\u010d\u00edtajte si viac o Sv\u00e4t\u00fd Pastier\">\u010c\u00edta\u0165 viac<\/a><\/p>\n","protected":false},"author":4,"featured_media":0,"comment_status":"open","ping_status":"open","sticky":false,"template":"","format":"standard","meta":{"footnotes":""},"categories":[95],"tags":[192],"class_list":["post-5585","post","type-post","status-publish","format-standard","hentry","category-sobotiste","tag-kazen"],"_links":{"self":[{"href":"https:\/\/www.e-anjelik.sk\/index.php\/wp-json\/wp\/v2\/posts\/5585","targetHints":{"allow":["GET"]}}],"collection":[{"href":"https:\/\/www.e-anjelik.sk\/index.php\/wp-json\/wp\/v2\/posts"}],"about":[{"href":"https:\/\/www.e-anjelik.sk\/index.php\/wp-json\/wp\/v2\/types\/post"}],"author":[{"embeddable":true,"href":"https:\/\/www.e-anjelik.sk\/index.php\/wp-json\/wp\/v2\/users\/4"}],"replies":[{"embeddable":true,"href":"https:\/\/www.e-anjelik.sk\/index.php\/wp-json\/wp\/v2\/comments?post=5585"}],"version-history":[{"count":0,"href":"https:\/\/www.e-anjelik.sk\/index.php\/wp-json\/wp\/v2\/posts\/5585\/revisions"}],"wp:attachment":[{"href":"https:\/\/www.e-anjelik.sk\/index.php\/wp-json\/wp\/v2\/media?parent=5585"}],"wp:term":[{"taxonomy":"category","embeddable":true,"href":"https:\/\/www.e-anjelik.sk\/index.php\/wp-json\/wp\/v2\/categories?post=5585"},{"taxonomy":"post_tag","embeddable":true,"href":"https:\/\/www.e-anjelik.sk\/index.php\/wp-json\/wp\/v2\/tags?post=5585"}],"curies":[{"name":"wp","href":"https:\/\/api.w.org\/{rel}","templated":true}]}}