{"id":5592,"date":"2014-05-20T11:02:25","date_gmt":"2014-05-20T11:02:25","guid":{"rendered":"http:\/\/e-anjelik.sk\/?p=5592"},"modified":"2014-05-20T11:02:25","modified_gmt":"2014-05-20T11:02:25","slug":"rozhovor-s-kandidatom-do-eu-parlamentu-doc-lubomirom-batkom","status":"publish","type":"post","link":"https:\/\/www.e-anjelik.sk\/index.php\/2014\/05\/20\/rozhovor-s-kandidatom-do-eu-parlamentu-doc-lubomirom-batkom\/","title":{"rendered":"Rozhovor s kandid\u00e1tom do E\u00da parlamentu &#8211; doc. \u013dubom\u00edrom Batkom"},"content":{"rendered":"<p>M\u00e1me historick\u00fa \u0161ancu, aby v Eur\u00f3pskom parlamente na \u010fal\u0161\u00edch p\u00e4\u0165 rokov pracoval a slovensk\u00fdch evanjelikov zastupoval doc. <a href=http:\/\/facebook.sk\/l.batka\/>\u013dubom\u00edr Batka, dekan EBF UK, vysoko\u0161kolsk\u00fd u\u010dite\u013e a teol\u00f3g, otec rodiny,<\/a> far\u00e1rsky syn a spolo\u010densky \u010dinn\u00fd na viacer\u00fdch \u00farovniach. Brat docent \u013d. Batka PhD kandiduje na na kandid\u00e1tke SDK\u00da, strana \u010d. 27, na 8 mieste.<\/p>\n<p>Oslovili sme ho preto s ot\u00e1zkami oh\u013eadom jeho kandidat\u00fary a z\u00e1meru v E\u00da parlamente:<\/p>\n<p><strong>1. Pre\u010do ste sa rozhodli kandidova\u0165 do E\u00da parlamentu?<\/strong><\/p>\n<p>Za\u010dnem osobne: po\u010das \u0161t\u00fadi\u00ed v Nemecku som sa spoznal s mojou man\u017eelkou, ktor\u00e1 je z Nemecka. M\u00e1me \u0161es\u0165 det\u00ed. Tak\u017ee ja \u017eijem \u201ceur\u00f3psku \u00faniu\u201d dennodenne.  Ale teraz v\u00e1\u017enej\u0161ie: Miesto na kandid\u00e1tke som prijal, preto\u017ee som presved\u010den\u00fd Eur\u00f3pan.<\/p>\n<p>Do EP kandidujem, preto\u017ee ho vn\u00edmam ako n\u00e1\u0161 parlament. Eur\u00f3pa sa n\u00e1s t\u00fdka a rozdhodnutia na \u00farovni E\u00da maj\u00fa dopad na \u017eivot na Slovensku. Slovensko je na\u0161e, ale aj Eur\u00f3pa je na\u0161a. Nem\u00f4\u017eeme sa uspokojova\u0165 s n\u00e1zorom, \u017ee \u201ceur\u00f3pska politika sa n\u00e1s net\u00fdka\u201d alebo, \u017ee \u201cBrusel je \u010faleko\u201d. Eur\u00f3pska \u00fania je \u201cdom, ktor\u00fd staviame v\u0161etci spolu\u201d. Eur\u00f3psky parlament je n\u00e1\u0161 parlament, preto\u017ee je jedinou in\u0161tit\u00faciou v rozhodovacom trojuholn\u00edku EU, ktor\u00e1 je volen\u00e1 priamo ob\u010danmi. <\/p>\n<p>Z toho d\u00f4vodu sa chcem zasadzova\u0165 o to, aby ob\u010dania lep\u0161ie rozumeli rozhodovac\u00edm procesom na \u00farovni E\u00da, aby tieto procesy boli transparentnej\u0161ie a bli\u017e\u0161ie k \u013eu\u010fom. Ako poslanec EP by som bol viac medzi \u013eu\u010fmi a viac by som informoval o dian\u00ed v EP.<\/p>\n<p><strong>2. Ak\u00e9 hodnoty budete zast\u00e1va\u0165? Pre\u010do by V\u00e1s na\u0161i \u013eudia mali voli\u0165?<\/strong><\/p>\n<p>Som kres\u0165an a za najv\u00e4\u010d\u0161ie hodnoty pova\u017eujem l\u00e1sku a spravodlivos\u0165. S man\u017eelkou vychov\u00e1vame na\u0161ich 6 det\u00ed a chceme, aby r\u00e1stli nielen vo vzdelan\u00ed a rozumnosti, ale rovnako vo viere.<\/p>\n<p>P\u00e1\u010di sa mi heslo M.R. \u0160tef\u00e1nika: Veri\u0165 &#8211; milova\u0165 &#8211; pracova\u0165. Motivuje ma ve\u013emi v\u00e1\u017ena a z\u00e1sadn\u00e1 diskusia o hodnot\u00e1ch E\u00da. Vid\u00edme, \u017ee tu u\u017e ide o z\u00e1sadn\u00e9 ot\u00e1zky fungovania spolo\u010dnosti: man\u017eelstvo, rodina, hodnota \u013eudsk\u00e9ho \u017eivota, v\u00fdchova det\u00ed. <\/p>\n<p>Chcem prispieva\u0165 k tomu, aby Eur\u00f3pa zachovala svoj vysok\u00fd \u00e9tos a nepo\u013eavovala v pravde a hodnot\u00e1ch. Druhou oblas\u0165ou, ktor\u00e1 je mi bl\u00edzka je vzdel\u00e1vanie. <\/p>\n<p><strong>3. Pre\u010do vzdel\u00e1vanie?<\/strong><\/p>\n<p>Pre m\u0148a celkom prirodzene t\u00fdm, \u017ee m\u00e1m 6 det\u00ed a ako vysoko\u0161kolsk\u00fd pedag\u00f3g a dekan fakulty na univerzite ( EBF UK v Bratislave) m\u00e1m z\u00e1ujem, aby kvalita vzdel\u00e1vania bola vysok\u00e1. Vzdelanie otv\u00e1ra mnoho mo\u017enost\u00ed nielen na n\u00e1jdenie, ale predov\u0161etk\u00fdm na vytvorenie nov\u00fdch pracovn\u00fdch mo\u017enost\u00ed. <\/p>\n<p><strong>4. \u010co treba v E\u00da v smere vzdel\u00e1vania robi\u0165?<\/strong><\/p>\n<p>Chcem sa zasadzova\u0165 o to, aby sa v E\u00da vyrovn\u00e1vala kvalita vzdel\u00e1vania, teda aj na Slovensku. Na to treba udr\u017ea\u0165 kvalitn\u00fdch \u013eud\u00ed na Slovensku. Potrebujeme ve\u013ea prostriedkov na vedu a v\u00fdskum a v\u00e4\u010d\u0161iu internacionaliz\u00e1ciu vzdel\u00e1vania formou cezhrani\u010dn\u00fdch \u0161tudijn\u00fdch programov a v\u00fdmenn\u00fdch vzdel\u00e1vac\u00edch pobytov. <\/p>\n<p>Som presved\u010den\u00fd, \u017ee najv\u00e4\u010d\u0161\u00edm bohatstvom na\u0161ej krajiny s\u00fa na\u0161i \u0161ikovn\u00ed \u013eudia. Kvalitn\u00e9 vzdelanie je cesta k tomu, aby sa na\u0161e deti mali lep\u0161ie ako sa m\u00e1me my. Kandidujem preto, aby na\u0161i \u013eudia nemuseli kv\u00f4li dobr\u00e9mu vzdelaniu by\u0165 roztr\u00fasen\u00ed po svete, ale na\u0161li ho na Slovensku. Vo vzdelan\u00fdch \u013eu\u010foch vid\u00edm skuto\u010dn\u00fd Slovensk\u00fd poklad!<\/p>\n<p><strong>5. Ako vnimate Va\u0161e pstavenie teol\u00f3ga k politike? Nevylu\u010duj\u00fa sa tieto veci navz\u00e1jom?<\/strong><\/p>\n<p>Mysl\u00edm si, \u017ee je d\u00f4le\u017eit\u00e9 vr\u00e1ti\u0165 d\u00f4raz na povolanie ako tak\u00e9, ako slu\u017ebu bl\u00ed\u017enemu. V\u0161etky povolania s\u00fa tu na slu\u017ebu in\u00fdm \u013eu\u010fom. Povolanie &#8211; ako zamestnanie, ale i ako \u201cpovolanie k verejnej slu\u017ebe\u201d nie je pre \u010dloveka sam\u00e9ho, ale je pr\u00e1cou pre t\u00fdch druh\u00fdch. <\/p>\n<p>Ke\u010f  \u013eudia skuto\u010dne venuj\u00fa pozornos\u0165 svojmu povolaniu, tak potom, \u010di u\u017e s\u00fa kres\u0165ania alebo nie, ich prostredn\u00edctvom sa vo svete deje mnoho dobr\u00e9ho a po\u017eehnania. <\/p>\n<p>Mysl\u00edm si, \u017ee politike by nemalo \u00eds\u0165 v provom rade o stran\u00edcku politiku. Ako \u201cteol\u00f3g\u201d, ale i ako \u201cpolitik\u201d sa sna\u017e\u00edm kona\u0165 tak, aby prospech z m\u00f4jho konania mali \u010d\u00edm viacer\u00ed \u013eudia rovnako. U\u017e len otvoren\u00fd, \u010destn\u00fd a nekorup\u010dn\u00fd postoj m\u00f4\u017ee by\u0165 pozit\u00edvom pre v\u0161etk\u00fdch.<\/p>\n<p>\u010eakujeme za rozhovor.<\/p>\n<p>Viac inform\u00e1cii poskytuje na svojej facebookovej str\u00e1nke: http:\/\/facebook.sk\/l.batka\/<\/p>\n","protected":false},"excerpt":{"rendered":"<p>M\u00e1me historick\u00fa \u0161ancu, aby v Eur\u00f3pskom parlamente na \u010fal\u0161\u00edch p\u00e4\u0165 rokov pracoval a slovensk\u00fdch evanjelikov zastupoval doc. \u013dubom\u00edr Batka, dekan EBF UK, vysoko\u0161kolsk\u00fd u\u010dite\u013e a teol\u00f3g, otec rodiny, far\u00e1rsky syn a spolo\u010densky \u010dinn\u00fd na viacer\u00fdch \u00farovniach. Brat docent \u013d. Batka PhD kandiduje na na kandid\u00e1tke SDK\u00da, strana \u010d. 27, na 8 mieste. Oslovili sme ho &#8230; <a title=\"Rozhovor s kandid\u00e1tom do E\u00da parlamentu &#8211; doc. \u013dubom\u00edrom Batkom\" class=\"read-more\" href=\"https:\/\/www.e-anjelik.sk\/index.php\/2014\/05\/20\/rozhovor-s-kandidatom-do-eu-parlamentu-doc-lubomirom-batkom\/\" aria-label=\"Pre\u010d\u00edtajte si viac o Rozhovor s kandid\u00e1tom do E\u00da parlamentu &#8211; doc. \u013dubom\u00edrom Batkom\">\u010c\u00edta\u0165 viac<\/a><\/p>\n","protected":false},"author":1,"featured_media":0,"comment_status":"open","ping_status":"open","sticky":false,"template":"","format":"standard","meta":{"footnotes":""},"categories":[1,14],"tags":[],"class_list":["post-5592","post","type-post","status-publish","format-standard","hentry","category-adventna-modlitba","category-osobnosti"],"_links":{"self":[{"href":"https:\/\/www.e-anjelik.sk\/index.php\/wp-json\/wp\/v2\/posts\/5592","targetHints":{"allow":["GET"]}}],"collection":[{"href":"https:\/\/www.e-anjelik.sk\/index.php\/wp-json\/wp\/v2\/posts"}],"about":[{"href":"https:\/\/www.e-anjelik.sk\/index.php\/wp-json\/wp\/v2\/types\/post"}],"author":[{"embeddable":true,"href":"https:\/\/www.e-anjelik.sk\/index.php\/wp-json\/wp\/v2\/users\/1"}],"replies":[{"embeddable":true,"href":"https:\/\/www.e-anjelik.sk\/index.php\/wp-json\/wp\/v2\/comments?post=5592"}],"version-history":[{"count":0,"href":"https:\/\/www.e-anjelik.sk\/index.php\/wp-json\/wp\/v2\/posts\/5592\/revisions"}],"wp:attachment":[{"href":"https:\/\/www.e-anjelik.sk\/index.php\/wp-json\/wp\/v2\/media?parent=5592"}],"wp:term":[{"taxonomy":"category","embeddable":true,"href":"https:\/\/www.e-anjelik.sk\/index.php\/wp-json\/wp\/v2\/categories?post=5592"},{"taxonomy":"post_tag","embeddable":true,"href":"https:\/\/www.e-anjelik.sk\/index.php\/wp-json\/wp\/v2\/tags?post=5592"}],"curies":[{"name":"wp","href":"https:\/\/api.w.org\/{rel}","templated":true}]}}